{"id":3560,"date":"2013-11-08T18:14:39","date_gmt":"2013-11-08T21:14:39","guid":{"rendered":"http:\/\/www.atecordoba.org\/?p=3560"},"modified":"2013-11-08T18:14:39","modified_gmt":"2013-11-08T21:14:39","slug":"mas-delegados-de-ate-en-la-provincia","status":"publish","type":"post","link":"https:\/\/atecordoba.org\/?p=3560","title":{"rendered":"M\u00e1s delegados de ATE en la provincia"},"content":{"rendered":"<p><em>El Consejo Directivo Provincial design\u00f3 delegados normalizados en el hospital Materno Neonatal, el Neuropsiqui\u00e1trico y el Instituto Provincial de Alcoholismo y Drogadicci\u00f3n (IPAD). Adem\u00e1s est\u00e1 convocada elecci\u00f3n de delegados en la Casa del Joven para el 22 de noviembre.<\/em><\/p>\n<p style=\"text-align: center;\"><a href=\"http:\/\/www.atecordoba.org\/wp-content\/uploads\/2013\/11\/neonatal.jpg\"><img loading=\"lazy\" decoding=\"async\" class=\"aligncenter  wp-image-3561\" alt=\"neonatal\" src=\"http:\/\/www.atecordoba.org\/wp-content\/uploads\/2013\/11\/neonatal.jpg\" width=\"490\" height=\"308\" \/><\/a><\/p>\n<p>&nbsp;<\/p>\n<p>ATE inform\u00f3 al Ministerio de Trabajo dela Naci\u00f3n la designaci\u00f3n de los compa\u00f1eros como delegados normalizadores, a los efectos de que se organicen los sectores que en breve elegir\u00e1n delegados a trav\u00e9s de la elecci\u00f3n de los trabajadores.<\/p>\n<p>En el IPAD fueron tienen la responsabilidad de normalizar gremialmente la instituci\u00f3n, conforme la resoluci\u00f3n de la asamblea \u00a0los compa\u00f1eros Jes\u00fas Albornoz, y Silvia Iberlucea; en el Hospital Neuropsiqui\u00e1trico, las compa\u00f1eras Julia Bobbato, Cecilia Querio y Flavia Rivero; en el Hospital Neonatal, los compa\u00f1eros Norma Suarez, Germ\u00e1n Galera, Sandra Romero,, Patricia Altamirano y Velia Escalzo.<\/p>\n<p>Por otro lado, nuestro gremio inform\u00f3 tambi\u00e9n a la cartera laboral la pr\u00f3xima elecci\u00f3n de delegados en la Casa del Joven de la provincia de C\u00f3rdoba, que se realizar\u00e1 el 22 de noviembre, entre las 10 y las 14 horas.<\/p>\n","protected":false},"excerpt":{"rendered":"<p>El Consejo Directivo Provincial design\u00f3 delegados normalizados en el hospital Materno Neonatal, el Neuropsiqui\u00e1trico y el Instituto Provincial de Alcoholismo y Drogadicci\u00f3n (IPAD). Adem\u00e1s est\u00e1 convocada elecci\u00f3n de delegados en la Casa del Joven para el 22 de noviembre. &nbsp; ATE inform\u00f3 al Ministerio de Trabajo dela Naci\u00f3n la designaci\u00f3n de los compa\u00f1eros como delegados [&hellip;]<\/p>\n","protected":false},"author":1,"featured_media":19220,"comment_status":"open","ping_status":"open","sticky":false,"template":"","format":"standard","meta":{"_exactmetrics_skip_tracking":false,"_exactmetrics_sitenote_active":false,"_exactmetrics_sitenote_note":"","_exactmetrics_sitenote_category":0,"jnews-multi-image_gallery":[],"jnews_single_post":[],"jnews_primary_category":[],"jnews_social_meta":[],"jnews_review":[],"enable_review":"","type":"","name":"","summary":"","brand":"","sku":"","good":[],"bad":[],"score_override":"","override_value":"","rating":[],"price":[],"jnews_override_counter":[],"jnews_post_split":[],"footnotes":""},"categories":[7,8],"tags":[],"class_list":["post-3560","post","type-post","status-publish","format-standard","has-post-thumbnail","hentry","category-hospitales","category-provinciales"],"jetpack_featured_media_url":"https:\/\/atecordoba.org\/wp-content\/uploads\/2020\/05\/logo-nuevochico-e1561581322808.png","_links":{"self":[{"href":"https:\/\/atecordoba.org\/index.php?rest_route=\/wp\/v2\/posts\/3560","targetHints":{"allow":["GET"]}}],"collection":[{"href":"https:\/\/atecordoba.org\/index.php?rest_route=\/wp\/v2\/posts"}],"about":[{"href":"https:\/\/atecordoba.org\/index.php?rest_route=\/wp\/v2\/types\/post"}],"author":[{"embeddable":true,"href":"https:\/\/atecordoba.org\/index.php?rest_route=\/wp\/v2\/users\/1"}],"replies":[{"embeddable":true,"href":"https:\/\/atecordoba.org\/index.php?rest_route=%2Fwp%2Fv2%2Fcomments&post=3560"}],"version-history":[{"count":0,"href":"https:\/\/atecordoba.org\/index.php?rest_route=\/wp\/v2\/posts\/3560\/revisions"}],"wp:featuredmedia":[{"embeddable":true,"href":"https:\/\/atecordoba.org\/index.php?rest_route=\/wp\/v2\/media\/19220"}],"wp:attachment":[{"href":"https:\/\/atecordoba.org\/index.php?rest_route=%2Fwp%2Fv2%2Fmedia&parent=3560"}],"wp:term":[{"taxonomy":"category","embeddable":true,"href":"https:\/\/atecordoba.org\/index.php?rest_route=%2Fwp%2Fv2%2Fcategories&post=3560"},{"taxonomy":"post_tag","embeddable":true,"href":"https:\/\/atecordoba.org\/index.php?rest_route=%2Fwp%2Fv2%2Ftags&post=3560"}],"curies":[{"name":"wp","href":"https:\/\/api.w.org\/{rel}","templated":true}]}}