{"id":35595,"date":"2023-01-30T15:32:34","date_gmt":"2023-01-30T18:32:34","guid":{"rendered":"https:\/\/atecordoba.org\/?p=35595"},"modified":"2023-01-30T15:32:38","modified_gmt":"2023-01-30T18:32:38","slug":"giuliani-rechazo-el-techo-del-60-para-los-estatales-que-impulsa-massa","status":"publish","type":"post","link":"https:\/\/atecordoba.org\/?p=35595","title":{"rendered":"Giuliani rechaz\u00f3 el techo del 60% para los estatales que impulsa Massa"},"content":{"rendered":"\n<p><sup>(fuente Cbahoy.com y LV28 Radio Villa Mar\u00eda)<\/sup><\/p>\n\n\n\n<div class=\"wp-block-image\"><figure class=\"aligncenter size-large is-resized\"><img loading=\"lazy\" decoding=\"async\" src=\"https:\/\/atecordoba.org\/wp-content\/uploads\/2023\/01\/giuliani-marcha-1024x682.jpeg\" alt=\"\" class=\"wp-image-35596\" width=\"768\" height=\"512\" \/><\/figure><\/div>\n\n\n\n<p>El secretario general de CTA Aut\u00f3noma C\u00f3rdoba manifest\u00f3 que el escenario laboral est\u00e1 atravesado por el empleo en negro, los bajos salarios que no superan la l\u00ednea de pobreza y malas condiciones de trabajo.<\/p>\n\n\n\n<p>En ese contexto dijo que las negociaciones paritarias para este 2023 no pueden ser una mera reuni\u00f3n. \u201cYa sea en el \u00e1mbito privado con las c\u00e1maras empresariales y en el p\u00fablico con el presidente, los gobernadores e intendentes, no pueden ser instancias para discutir amigablemente por porcentajes de salarios que no le van a cambiar la vida a nadie porque en definitiva los porcentuales de los que vamos hablando siempre corren por detr\u00e1s de la inflaci\u00f3n\u201d, opin\u00f3.<\/p>\n\n\n\n<p>\u201cSi nosotros vemos en los presupuestos que ejecut\u00f3 el Estado nacional en los \u00faltimos tres a\u00f1os, proyectan inflaciones mucho menores a las que despu\u00e9s suceden. Quieren poner techos salariales como ahora lo quiere hacer Massa (Ministro de Econom\u00eda) de un 60%, con lo cual le vuelven a errar porque vamos a quedar cortos y vamos a seguir arrastrando p\u00e9rdidas de poder adquisitivo en nuestro salario real como nos viene sucediendo no solamente en los \u00faltimos tres a\u00f1os de la gesti\u00f3n de Alberto Fern\u00e1ndez, sino tambi\u00e9n en los cuatro a\u00f1os del intento de la tercer reforma del Estado que llev\u00f3 adelante el gobierno de la oligarqu\u00eda m\u00e1s recalcitrante que expresaba Mauricio Macri\u201d, agreg\u00f3 el dirigente.<\/p>\n\n\n\n<div class=\"wp-block-image\"><figure class=\"alignleft size-large is-resized\"><img loading=\"lazy\" decoding=\"async\" src=\"https:\/\/atecordoba.org\/wp-content\/uploads\/2023\/01\/IMG-20220728-WA0201-1024x577.jpg\" alt=\"\" class=\"wp-image-35597\" width=\"512\" height=\"289\" srcset=\"https:\/\/atecordoba.org\/wp-content\/uploads\/2023\/01\/IMG-20220728-WA0201-1024x577.jpg 1024w, https:\/\/atecordoba.org\/wp-content\/uploads\/2023\/01\/IMG-20220728-WA0201-300x169.jpg 300w, https:\/\/atecordoba.org\/wp-content\/uploads\/2023\/01\/IMG-20220728-WA0201-768x432.jpg 768w, https:\/\/atecordoba.org\/wp-content\/uploads\/2023\/01\/IMG-20220728-WA0201-1536x865.jpg 1536w, https:\/\/atecordoba.org\/wp-content\/uploads\/2023\/01\/IMG-20220728-WA0201-750x422.jpg 750w, https:\/\/atecordoba.org\/wp-content\/uploads\/2023\/01\/IMG-20220728-WA0201-1140x642.jpg 1140w, https:\/\/atecordoba.org\/wp-content\/uploads\/2023\/01\/IMG-20220728-WA0201.jpg 1600w\" sizes=\"auto, (max-width: 512px) 100vw, 512px\" \/><\/figure><\/div>\n\n\n\n<p>Giuliani destac\u00f3 que \u201ccon la inflaci\u00f3n estos tres a\u00f1os, con el 2022 como el peor de todos con el 95%, plantear en un presupuesto con estas variables econ\u00f3micas, no solo fruto de la incapacidad de este gobierno de controlar la suba de precios sino la operaci\u00f3n permanente de los grupos de poder en Argentina, es impensable que se pueda llegara cumplir. M\u00e1xime con las sucesivas elecciones que cruzan el a\u00f1o. Ponerle un techo a la discuci\u00f3n salarial es una maniobra para que las paritarias no sean libres ni democr\u00e1ticas\u201d.<\/p>\n\n\n\n<p>\u201cSi el Estado nacional como referencia para los acuerdos salariales que se dan en el pa\u00eds impone un techo est\u00e1 cercenando la posibilidad de discutir cu\u00e1l debe ser el aumento seg\u00fan entendemos las y los trabajadores. Sobre todo teniendo en cuenta que debemos recuperar la p\u00e9rdida salarial de los \u00faltimos tres a\u00f1os, m\u00e1s loque perdimos durante el gobierno de la oligarqu\u00eda recalcitrante que comand\u00f3 Mauricio Macri\u201d, apunt\u00f3.<\/p>\n\n\n\n<p>A su vez, Giuliani se\u00f1al\u00f3 que \u201cla paritaria tiene que ser un \u00e1mbito libre en donde se pueda ejercer la puja de intereses entre quienes son due\u00f1os del capital y quienes hacemos funcionar a ese capital y con nuestro trabajo lo transformamos en producci\u00f3n. En el caso de los estatales nacionales hablar de un 60% es una falta de respeto cuando aun no se cumplieron las promesas de diciembre de 2020 de pasar 30 mil compa\u00f1eros y compa\u00f1eras a planta permanente que actualmente est\u00e1 precarizados en el Estado naiconal y son carne de ca\u00f1on para el gobierno que vendr\u00e1. Por lo cual&nbsp; el rechazo denuestra organizaci\u00f3n sindical es claro, concreto y contundente\u201d.<\/p>\n\n\n\n<p>Respecto a las cl\u00e1usulas gatillo, dijo que el problema es que en muchos casos no se cumplen. \u201cTodav\u00eda esperamos la reapertura de la paritaria nacional del a\u00f1o pasado porque estamos entre 5 y 7 puntos debajo de la inflaci\u00f3n por lo que se firm\u00f3 en septiembre. Estamos entrando a febrero y la cluasula gatillo que se deber\u00eda haber aplicado en diciembre de manera autom\u00e1tica hoy tiene que ser recordada de manera permanente, por nota y con distintos posicionamiento de nuestros dirigentes nacionales porque el gobierno se olvida. Es una dificultad importante el no cumplimiento de los compromisos que fija la administraci\u00f3n nacional\u201d.<\/p>\n\n\n\n<div class=\"wp-block-image\"><figure class=\"alignright size-large is-resized\"><img loading=\"lazy\" decoding=\"async\" src=\"https:\/\/atecordoba.org\/wp-content\/uploads\/2023\/01\/IMG-20220728-WA0203-1024x577.jpg\" alt=\"\" class=\"wp-image-35598\" width=\"512\" height=\"289\" srcset=\"https:\/\/atecordoba.org\/wp-content\/uploads\/2023\/01\/IMG-20220728-WA0203-1024x577.jpg 1024w, https:\/\/atecordoba.org\/wp-content\/uploads\/2023\/01\/IMG-20220728-WA0203-300x169.jpg 300w, https:\/\/atecordoba.org\/wp-content\/uploads\/2023\/01\/IMG-20220728-WA0203-768x432.jpg 768w, https:\/\/atecordoba.org\/wp-content\/uploads\/2023\/01\/IMG-20220728-WA0203-1536x865.jpg 1536w, https:\/\/atecordoba.org\/wp-content\/uploads\/2023\/01\/IMG-20220728-WA0203-750x422.jpg 750w, https:\/\/atecordoba.org\/wp-content\/uploads\/2023\/01\/IMG-20220728-WA0203-1140x642.jpg 1140w, https:\/\/atecordoba.org\/wp-content\/uploads\/2023\/01\/IMG-20220728-WA0203.jpg 1600w\" sizes=\"auto, (max-width: 512px) 100vw, 512px\" \/><\/figure><\/div>\n\n\n\n<p>El referente de ATE C\u00f3rdoba y la CTA Aut\u00f3noma C\u00f3rdoba manifest\u00f3 que si no se vuelve a discutir cu\u00e1l es el Salario M\u00ednimo, Vital y M\u00f3vil en Argentina se seguir\u00e1 por el camino equivocado. \u201cEl porcentual que hoy se pueda fijar en Argentina si no tiene de piso los 238.000 que ATE Indec dice que hay que cobrar para no ser pobre, todo lo que discutamos para abajo termina siendo migajas\u201d, afirm\u00f3.<\/p>\n\n\n\n<p>Federico Giuliani dijo tambi\u00e9n que en las paritarias tambi\u00e9n se deben discutir las condiciones de estabilidad de los obreros. Esto lo argument\u00f3 al se\u00f1alar que, \u201cactualmente en el \u00e1mbito privado 4 de cada 10 trabajadores est\u00e1n precarizados y en el \u00e1mbito p\u00fablico son 5 de cada 10, es decir, si no se toca la estabilidad laboral en las discusiones paritarias habr\u00e1 cada vez m\u00e1s trabajadores que queden fuera de esos acuerdos paritarios o de los convenios colectivos de trabajo\u201d.<\/p>\n\n\n\n<p>En tanto asegur\u00f3 que &#8220;la precarizaci\u00f3n laboral en todos sus niveles, tanto en el Estado municipal, provincial y nacional, como en el sector privado, \u201ces una herramienta disciplinadora que atenta contra la idea de garantizar derechos y estabilizaci\u00f3n laboral porque genera incertidumbre, la no participaci\u00f3n en las organizaciones sindicales y fomenta el individualismo\u201d.<\/p>\n\n\n\n<p>En este contexto de precarizaci\u00f3n laboral \u201cel Estado en todos sus niveles como las patronales privadas construyen un fraude laboral, una estafa al propio fisco y usan el empleo en negro como herramienta de disciplinamiento, miedo y desorganizaci\u00f3n para romper con el colectivo de la clase obrera que es el que puede dar vuelta la historia para tener estabilidad laboral\u201d.<\/p>\n\n\n\n<p><strong>Trabajadores pobres<\/strong><\/p>\n\n\n\n<p>Por otra parte, se\u00f1al\u00f3 que otros dos grandes desaf\u00edos son los salarios, ya que \u201choy en Argentina el 50% de la poblaci\u00f3n es pobre. Estamos hablando de trabajadoras y trabajadores de los \u00e1mbitos p\u00fablicos y privados que trabajan y siguen siendo pobres\u201d.<\/p>\n\n\n\n<p>Seg\u00fan los trabajadores de ATE en Indec, en diciembre de 2022 un trabajador deber\u00eda haber ganado 238.000 pesos para no ser pobre. Ante estos datos, Federico Giuliani manifest\u00f3: \u201cSi uno ve el universo de los salarios en Argentina, la gran mayor\u00eda de los trabajadores del pa\u00eds est\u00e1 empobrecido, es decir, trabaja y sigue siendo pobre. Tiene un empleo, pero tiene que recurrir al pluriempleo para rascar esos n\u00fameros que no son m\u00e1s que un piso de dignidad porque para no ser pobre en Argentina necesitas 238.000 pesos con los que solamente compr\u00e1s la canasta b\u00e1sica, pag\u00e1s tu alquiler, mand\u00e1s tus hijos a la escuela, pero te olvid\u00e1s que una familia se tiene que vestir, recrear y vacacionar\u201d.<\/p>\n\n\n\n<div class=\"wp-block-image\"><figure class=\"alignleft size-full is-resized\"><img loading=\"lazy\" decoding=\"async\" src=\"https:\/\/atecordoba.org\/wp-content\/uploads\/2023\/01\/Giuliani.jpeg\" alt=\"\" class=\"wp-image-35599\" width=\"563\" height=\"374\" srcset=\"https:\/\/atecordoba.org\/wp-content\/uploads\/2023\/01\/Giuliani.jpeg 750w, https:\/\/atecordoba.org\/wp-content\/uploads\/2023\/01\/Giuliani-300x199.jpeg 300w\" sizes=\"auto, (max-width: 563px) 100vw, 563px\" \/><\/figure><\/div>\n\n\n\n<p>Asegur\u00f3 que este tipo de situaciones \u201cnos hacen ver que, en este contexto de alt\u00edsimo empleo en negro, salarios de pobreza y en las malas condiciones de trabajo en las cuales la mayor\u00eda de los trabajadores en Argentina presta sus tareas, est\u00e1n centrados los cimientos para transformar la realidad y convertir nuestra vida laboral en algo m\u00e1s digno\u201d.<\/p>\n\n\n\n<p><strong>Malas condiciones laborales<\/strong><\/p>\n\n\n\n<p>El secretario general de CTA Aut\u00f3noma C\u00f3rdoba dijo que cuando habla de condiciones de trabajo, se refiere no solamente a la ropa e insumos adecuados para trabajar y contar con instalaciones en condiciones dignas para llevar adelante las tareas, sino tambi\u00e9n que se respeten aquellas reglamentaciones que tiene que ver con la seguridad e higiene laboral.<\/p>\n\n\n\n<p>\u201cActualmente en Argentina siguen muriendo obreros y obreras en sus puestos de trabajo producto de la negligencia patronal que no cumple con las reglamentaciones laborales que exigen la seguridad en el trabajo\u201d, critic\u00f3.<\/p>\n\n\n\n<p><strong>El modelo C\u00f3rdoba<\/strong><\/p>\n\n\n\n<p>D\u00edas atr\u00e1s el gobernador Juan Schiaretti anunci\u00f3 con Juan Manuel Urtubey el lanzamiento de un espacio pol\u00edtico a nivel nacional para \u201cexportar el modelo de C\u00f3rdoba\u201d y con la idea de \u201csuperar la famosa grieta\u201d.<\/p>\n\n\n\n<p>Federico Giuliani se mostr\u00f3 cr\u00edtico respecto al modelo que el mandatario provincial pretende trasladar al \u00e1mbito nacional en caso de que el espacio que est\u00e1 impulsado gane las elecciones.<\/p>\n\n\n\n<p>\u201cLamentablemente quiero decir que este cordobesismo que gobierna nuestra provincia desde el a\u00f1o 1999 y que tiene que ver con una especie de Frankenstein pol\u00edtico que se construy\u00f3 en aquel momento con el PJ cordob\u00e9s, sectores de la UCEDE, vecinalistas y liberales, construy\u00f3 un relato que es la C\u00f3rdoba como isla y aislada de la realidad nacional\u201d, expres\u00f3.<\/p>\n\n\n\n<p>Asegur\u00f3 que \u201cC\u00f3rdoba es el fiel reflejo de un modelo econ\u00f3mico y productivo de extractivismo que favorece a los agronegocios en deterioro de las comunidades que son v\u00edctimas del corrimiento de la frontera agr\u00edcola por el avance de la soja y el desmonte terminal\u201d. \u201cEse es el verdadero modelo de C\u00f3rdoba y que lleva adelante la figura de Juan Schiaretti y gran parte del gabinete que representa al cordobesismo con figuras pol\u00edticas que est\u00e1n ligadas a estos sectores m\u00e1s relacionados a la oligarqu\u00eda terrateniente\u201d, agreg\u00f3.<\/p>\n\n\n\n<div class=\"wp-block-image\"><figure class=\"alignright size-large is-resized\"><img loading=\"lazy\" decoding=\"async\" src=\"https:\/\/atecordoba.org\/wp-content\/uploads\/2023\/01\/05-05-Paro-Nacional-Corte-Ruta-20-1024x576.jpeg\" alt=\"\" class=\"wp-image-35600\" width=\"512\" height=\"288\" srcset=\"https:\/\/atecordoba.org\/wp-content\/uploads\/2023\/01\/05-05-Paro-Nacional-Corte-Ruta-20-1024x576.jpeg 1024w, https:\/\/atecordoba.org\/wp-content\/uploads\/2023\/01\/05-05-Paro-Nacional-Corte-Ruta-20-300x169.jpeg 300w, https:\/\/atecordoba.org\/wp-content\/uploads\/2023\/01\/05-05-Paro-Nacional-Corte-Ruta-20-768x432.jpeg 768w, https:\/\/atecordoba.org\/wp-content\/uploads\/2023\/01\/05-05-Paro-Nacional-Corte-Ruta-20-750x422.jpeg 750w, https:\/\/atecordoba.org\/wp-content\/uploads\/2023\/01\/05-05-Paro-Nacional-Corte-Ruta-20-1140x641.jpeg 1140w, https:\/\/atecordoba.org\/wp-content\/uploads\/2023\/01\/05-05-Paro-Nacional-Corte-Ruta-20.jpeg 1280w\" sizes=\"auto, (max-width: 512px) 100vw, 512px\" \/><\/figure><\/div>\n\n\n\n<p>El secretario general de CTA Aut\u00f3noma C\u00f3rdoba dijo que \u201cla pol\u00edtica industrial a Schiaretti se la fija el G6 que son la Bolsa de Comercio, la Bolsa de Cereales, el grupo Urqu\u00eda con la aceitera General Deheza, Pagani con Arcor y Roggio con la obra p\u00fablica y la timba de los casinos\u201d.<\/p>\n\n\n\n<p>\u201cEse modelo al cual hace alusi\u00f3n Schiaretti sigue iluminado por un faro que tiene como norte a la Fundaci\u00f3n Mediterr\u00e1nea de la cual sali\u00f3, por ejemplo, el ministro Cavallo y que tiene como eje la teor\u00eda del derrame, es decir, de acumulaci\u00f3n de riqueza en pocos sectores para que alguna vez rebalse y llegue a las clases populares o la clase obrera que es la generadora de riqueza. Sin embargo, esos n\u00fameros no se est\u00e1n dando y los indicadores del Indec en C\u00f3rdoba son peores que a nivel nacional en pobreza, en empleo y en desigualdad social\u201d, critic\u00f3 Giuliani.<\/p>\n\n\n\n<p>El referente gremial dijo que \u201clejos de pregonar la justicia social, este gobierno provincial que dice ser peronista y que se las pasa inaugurando obras que no le cambian la vida a la gente, a la hora de discutir las paritarias no convoca a gremios que no piensan como ellos y s\u00ed a sindicalistas afines con quienes siempre terminan arreglando a la baja e impactando negativamente en el bolsillo de la clase trabajadora\u201d.<\/p>\n\n\n\n<p>Volviendo sobre este espacio pol\u00edtico que el gobernador de C\u00f3rdoba est\u00e1 forjando a nivel nacional, Giuliani sostuvo: \u201cEn teor\u00eda pretende zanjar una grieta entre el Frente de Todos y Juntos por el Cambio, pero que en definitiva si uno ve las caras que hay y el modelo que lleva adelante no nos cabe dudas de que es una alternativa que profundiza las desigualdades\u201d.<\/p>\n\n\n\n<p>De cara al escenario electoral a nivel nacional y este tipo de propuestas afirm\u00f3: \u201cCreo que el rol de organizaciones del campo popular es fundamental, no para ser la pata sindical o social de un partido pol\u00edtico, sino para ser la cabeza de un nuevo proyecto pol\u00edtico que no solamente nos ponga a los trabajadores a discutir por salarios y condiciones laborales dignas, sino que podamos debatir qu\u00e9 pa\u00eds queremos y qu\u00e9 provincia nos merecemos\u201d.<\/p>\n\n\n\n<p><sub>(todas las im\u00e1genes son de archivo)<\/sub><\/p>\n","protected":false},"excerpt":{"rendered":"<p>(fuente Cbahoy.com y LV28 Radio Villa Mar\u00eda) El secretario general de CTA Aut\u00f3noma C\u00f3rdoba manifest\u00f3 que el escenario laboral est\u00e1 atravesado por el empleo en negro, los bajos salarios que no superan la l\u00ednea de pobreza y malas condiciones de trabajo. En ese contexto dijo que las negociaciones paritarias para este 2023 no pueden ser [&hellip;]<\/p>\n","protected":false},"author":7,"featured_media":35596,"comment_status":"open","ping_status":"open","sticky":false,"template":"","format":"standard","meta":{"_exactmetrics_skip_tracking":false,"_exactmetrics_sitenote_active":false,"_exactmetrics_sitenote_note":"","_exactmetrics_sitenote_category":0,"jnews-multi-image_gallery":[],"jnews_single_post":{"subtitle":"El titular de ATE y CTA-Aut\u00f3noma de C\u00f3rdoba, Federico Giuliani, habl\u00f3 sobre el contexto laboral actual en Argentina y rechaz\u00f3 limitaciones en la paritaria del Estado nacional. Advirti\u00f3 que hay una alta precarizaci\u00f3n laboral, salarios pobres y malas condiciones de trabajo. Adem\u00e1s, consider\u00f3 que no se le puede poner un techo a las paritarias como pretende Massa y critic\u00f3 el \u00abmodelo C\u00f3rdoba\u00bb.","format":"standard","video":"","gallery":"","source_name":"","source_url":"","via_name":"","via_url":"","override_template":"0","override":[{"template":"1","single_blog_custom":"","parallax":"1","fullscreen":"1","layout":"right-sidebar","sidebar":"default-sidebar","second_sidebar":"default-sidebar","sticky_sidebar":"1","share_position":"top","share_float_style":"share-monocrhome","show_share_counter":"1","show_view_counter":"1","show_featured":"1","show_post_meta":"1","show_post_author":"1","show_post_author_image":"1","show_post_date":"1","post_date_format":"default","post_date_format_custom":"Y\/m\/d","show_post_category":"1","show_post_reading_time":"0","post_reading_time_wpm":"300","show_zoom_button":"0","zoom_button_out_step":"2","zoom_button_in_step":"3","show_post_tag":"1","show_prev_next_post":"1","show_popup_post":"1","number_popup_post":"1","show_author_box":"0","show_post_related":"0","show_inline_post_related":"0"}],"override_image_size":"0","image_override":[{"single_post_thumbnail_size":"crop-500","single_post_gallery_size":"crop-500"}],"trending_post":"0","trending_post_position":"meta","trending_post_label":"Trending","sponsored_post":"0","sponsored_post_label":"Sponsored by","sponsored_post_name":"","sponsored_post_url":"","sponsored_post_logo_enable":"0","sponsored_post_logo":"","sponsored_post_desc":"","disable_ad":"0"},"jnews_primary_category":{"id":""},"jnews_social_meta":{"fb_title":"","fb_description":"","fb_image":"","twitter_title":"","twitter_description":"","twitter_image":""},"jnews_review":[],"enable_review":"0","type":"percentage","name":"","summary":"","brand":"","sku":"","good":[{"good_text":""}],"bad":[{"bad_text":""}],"score_override":"","override_value":"","rating":[{"rating_text":"","rating_number":"10"}],"price":[{"shop":"","price":"","link":"","icon":""}],"jnews_override_counter":{"override_view_counter":"0","view_counter_number":"0","override_share_counter":"0","share_counter_number":"0","override_like_counter":"0","like_counter_number":"0","override_dislike_counter":"0","dislike_counter_number":"0"},"jnews_post_split":{"enable_post_split":"0","post_split":[{"template":"1","tag":"h2","numbering":"asc","mode":"normal","first":"0","enable_toc":"0","toc_type":"normal"}]},"footnotes":""},"categories":[341],"tags":[1160,1241,1297,383],"class_list":["post-35595","post","type-post","status-publish","format-standard","has-post-thumbnail","hentry","category-cdp","tag-cordoba-2","tag-cordobesismo","tag-massa","tag-paritarias"],"jetpack_featured_media_url":"https:\/\/atecordoba.org\/wp-content\/uploads\/2023\/01\/giuliani-marcha-e1675103537356.jpeg","_links":{"self":[{"href":"https:\/\/atecordoba.org\/index.php?rest_route=\/wp\/v2\/posts\/35595","targetHints":{"allow":["GET"]}}],"collection":[{"href":"https:\/\/atecordoba.org\/index.php?rest_route=\/wp\/v2\/posts"}],"about":[{"href":"https:\/\/atecordoba.org\/index.php?rest_route=\/wp\/v2\/types\/post"}],"author":[{"embeddable":true,"href":"https:\/\/atecordoba.org\/index.php?rest_route=\/wp\/v2\/users\/7"}],"replies":[{"embeddable":true,"href":"https:\/\/atecordoba.org\/index.php?rest_route=%2Fwp%2Fv2%2Fcomments&post=35595"}],"version-history":[{"count":1,"href":"https:\/\/atecordoba.org\/index.php?rest_route=\/wp\/v2\/posts\/35595\/revisions"}],"predecessor-version":[{"id":35601,"href":"https:\/\/atecordoba.org\/index.php?rest_route=\/wp\/v2\/posts\/35595\/revisions\/35601"}],"wp:featuredmedia":[{"embeddable":true,"href":"https:\/\/atecordoba.org\/index.php?rest_route=\/wp\/v2\/media\/35596"}],"wp:attachment":[{"href":"https:\/\/atecordoba.org\/index.php?rest_route=%2Fwp%2Fv2%2Fmedia&parent=35595"}],"wp:term":[{"taxonomy":"category","embeddable":true,"href":"https:\/\/atecordoba.org\/index.php?rest_route=%2Fwp%2Fv2%2Fcategories&post=35595"},{"taxonomy":"post_tag","embeddable":true,"href":"https:\/\/atecordoba.org\/index.php?rest_route=%2Fwp%2Fv2%2Ftags&post=35595"}],"curies":[{"name":"wp","href":"https:\/\/api.w.org\/{rel}","templated":true}]}}