{"id":35576,"date":"2023-01-30T13:56:41","date_gmt":"2023-01-30T16:56:41","guid":{"rendered":"https:\/\/atecordoba.org\/?p=35576"},"modified":"2023-01-30T14:53:48","modified_gmt":"2023-01-30T17:53:48","slug":"una-estrategia-de-los-pueblos-en-el-medio-de-la-guerra-interimperialista","status":"publish","type":"post","link":"https:\/\/atecordoba.org\/?p=35576","title":{"rendered":"Una estrategia de los pueblos en el medio de la guerra interimperialista"},"content":{"rendered":"\n<p><\/p>\n\n\n\n<div class=\"wp-block-image\"><figure class=\"aligncenter size-large is-resized\"><img loading=\"lazy\" decoding=\"async\" src=\"https:\/\/atecordoba.org\/wp-content\/uploads\/2023\/01\/WhatsApp-Image-2023-01-30-at-13.43.50-1024x594.jpeg\" alt=\"\" class=\"wp-image-35577\" width=\"768\" height=\"446\" srcset=\"https:\/\/atecordoba.org\/wp-content\/uploads\/2023\/01\/WhatsApp-Image-2023-01-30-at-13.43.50-1024x594.jpeg 1024w, https:\/\/atecordoba.org\/wp-content\/uploads\/2023\/01\/WhatsApp-Image-2023-01-30-at-13.43.50-300x174.jpeg 300w, https:\/\/atecordoba.org\/wp-content\/uploads\/2023\/01\/WhatsApp-Image-2023-01-30-at-13.43.50-768x445.jpeg 768w, https:\/\/atecordoba.org\/wp-content\/uploads\/2023\/01\/WhatsApp-Image-2023-01-30-at-13.43.50-750x435.jpeg 750w, https:\/\/atecordoba.org\/wp-content\/uploads\/2023\/01\/WhatsApp-Image-2023-01-30-at-13.43.50-1140x661.jpeg 1140w, https:\/\/atecordoba.org\/wp-content\/uploads\/2023\/01\/WhatsApp-Image-2023-01-30-at-13.43.50.jpeg 1280w\" sizes=\"auto, (max-width: 768px) 100vw, 768px\" \/><\/figure><\/div>\n\n\n\n<p>El panorama internacional que enfrentan los pueblos en un contexto de crisis del capitalismo, guerras y conflictos entre las potencias y reflujo de gobiernos moderados en Latinoam\u00e9rica son marco para que el compa\u00f1ero, docente universitario y delegado de ATE en la Secretaria de Agricultura Familiar Campesino Ind\u00edgena (SAFCI), Carlos Rang, brinde una entrevista al programa radial Entre Todos y Todas, que la Secretar\u00eda de Prensa de ATE C\u00f3rdoba emite por GEN FM 107.5, cada martes de 18 a 20 horas.<\/p>\n\n\n\n<div class=\"wp-block-image\"><figure class=\"alignleft size-full is-resized\"><img loading=\"lazy\" decoding=\"async\" src=\"https:\/\/atecordoba.org\/wp-content\/uploads\/2023\/01\/WhatsApp-Image-2023-01-30-at-11.26.06.jpeg\" alt=\"\" class=\"wp-image-35578\" width=\"451\" height=\"287\" srcset=\"https:\/\/atecordoba.org\/wp-content\/uploads\/2023\/01\/WhatsApp-Image-2023-01-30-at-11.26.06.jpeg 901w, https:\/\/atecordoba.org\/wp-content\/uploads\/2023\/01\/WhatsApp-Image-2023-01-30-at-11.26.06-300x191.jpeg 300w, https:\/\/atecordoba.org\/wp-content\/uploads\/2023\/01\/WhatsApp-Image-2023-01-30-at-11.26.06-768x488.jpeg 768w, https:\/\/atecordoba.org\/wp-content\/uploads\/2023\/01\/WhatsApp-Image-2023-01-30-at-11.26.06-750x477.jpeg 750w\" sizes=\"auto, (max-width: 451px) 100vw, 451px\" \/><\/figure><\/div>\n\n\n\n<p>Mientras se desarrollaba la VII Cumbre de la CELAC, Rang reflexion\u00f3 las fuerzas que se enfrentan y el papel de los pueblos en ese contexto. &#8220;El enfrentamiento principal, en el marco de un capitalismo que est\u00e1 en una crisis cr\u00f3nica, es el de una guerra interimperialista. Llegamos a un momento donde el capitalismo tiene que ir a la guerra y \u00e9sta no es solo en ucrania, sino que toma distintos formatos bajo la forma de lucha por los territorios, por el control de la moneda, de la tecnolog\u00eda, de los bienes naturales, de la especulaci\u00f3n de la mercanc\u00eda&#8221;, explic\u00f3 el delegado, que ya public\u00f3 <a href=\"http:\/\/ctaacordoba.org\/nuestramerica-en-medio-de-la-disputa-interimperialista-global\/\">un art\u00edculo muy interesante<\/a> al respecto en la web de la CTA C\u00f3rdoba.<\/p>\n\n\n\n<p>&#8211;<strong>\u00bfQuienes pelean? <\/strong><\/p>\n\n\n\n<p>No nos tenemos que quedar con la mirada local, si el conflicto es entre el parlamento peruano y Pedro Castillo o el bolsonarismo brasilero y el PT y Lula y sus alianzas, al igual que en Argentina o cualquier otra parte de Latinoam\u00e9rica. Se trata de un enfrentamiento general de grandes actores de facciones del capital que conjugan proyectos estrat\u00e9gicos y tienen capacidad de poder desarrollarlos y llevarlos adelante.<\/p>\n\n\n\n<p>Por eso estamos viviendo un caos sist\u00e9mico como en otros momentos de la historia donde hubo este tipo de grandes crisis. Vemos enfrentamientos entre varias l\u00edneas de jugadores: hay un sector que es m\u00e1s globalista y financiero, que est\u00e1 sentado en los grandes fondos de inversi\u00f3n, relacionados con la energ\u00eda verde y las criptomonedas: eso es parte de una fracci\u00f3n que tiene capacidad global y que empuja al mundo hacia un nuevo orden.<\/p>\n\n\n\n<div class=\"wp-block-image\"><figure class=\"alignright size-large is-resized\"><img loading=\"lazy\" decoding=\"async\" src=\"https:\/\/atecordoba.org\/wp-content\/uploads\/2023\/01\/WhatsApp-Image-2023-01-30-at-13.40.59-1024x654.jpeg\" alt=\"\" class=\"wp-image-35579\" width=\"512\" height=\"327\" srcset=\"https:\/\/atecordoba.org\/wp-content\/uploads\/2023\/01\/WhatsApp-Image-2023-01-30-at-13.40.59-1024x654.jpeg 1024w, https:\/\/atecordoba.org\/wp-content\/uploads\/2023\/01\/WhatsApp-Image-2023-01-30-at-13.40.59-300x192.jpeg 300w, https:\/\/atecordoba.org\/wp-content\/uploads\/2023\/01\/WhatsApp-Image-2023-01-30-at-13.40.59-768x491.jpeg 768w, https:\/\/atecordoba.org\/wp-content\/uploads\/2023\/01\/WhatsApp-Image-2023-01-30-at-13.40.59-750x479.jpeg 750w, https:\/\/atecordoba.org\/wp-content\/uploads\/2023\/01\/WhatsApp-Image-2023-01-30-at-13.40.59-1140x729.jpeg 1140w, https:\/\/atecordoba.org\/wp-content\/uploads\/2023\/01\/WhatsApp-Image-2023-01-30-at-13.40.59.jpeg 1280w\" sizes=\"auto, (max-width: 512px) 100vw, 512px\" \/><\/figure><\/div>\n\n\n\n<p>Por otro lado encontramos lo que conocimos como el viejo imperialismo norteamericano y los continentalismos, ya sean yankys o europeos, fracciones de capitales que empujan su propio proyecto, relacionada con las energ\u00edas viejas, el d\u00f3lar, el armamentismo, las petroqu\u00edmicas.<\/p>\n\n\n\n<p>Adem\u00e1s, empuja fuertemente un proyecto que nace al calor de la deslocalizaci\u00f3n de los capitales, las nuevas formas como el capital financiero trasnacional que tuvo que trasladarse a otras regiones para generar condiciones de acumulaci\u00f3n en distintos territorios, generando un mundo nuevo, que se asienta en China \u2013con su nacionalismo y el partido comunista- y en Rusia \u2013con el partido de Putin-, fuerzas que se concentran en las alianzas como la que establecen la Cooperaci\u00f3n de Shangh\u00e1i y el BRICS.<\/p>\n\n\n\n<p>&#8211;<strong>\u00bfQu\u00e9 pasa con Nuestam\u00e9rica?<\/strong><\/p>\n\n\n\n<p>Lo que est\u00e1 en juego es el territorio nuestramericano, esa es la diputa principal de lo que se ve. Tenemos ejemplos para dar, como el nuevo el proyecto de la Ruta de la Seda, las nuevas monedas para el intercambio comercial que demuelen el d\u00f3lar. Tambi\u00e9n hay discusiones respecto a las inversiones, por caso Argentina est\u00e1 por comprar los aviones de guerra y est\u00e1n discutiendo China, EEUU, Rusia tambi\u00e9n, Brasil a partir de las cartas de intensi\u00f3n firmadas con Lula Da Silva.<\/p>\n\n\n\n<div class=\"wp-block-image\"><figure class=\"alignleft size-full is-resized\"><img loading=\"lazy\" decoding=\"async\" src=\"https:\/\/atecordoba.org\/wp-content\/uploads\/2023\/01\/WhatsApp-Image-2023-01-30-at-13.40.58.jpeg\" alt=\"\" class=\"wp-image-35580\" width=\"480\" height=\"320\"\/><\/figure><\/div>\n\n\n\n<p>Es una disputa general por los territorios sociales&nbsp;en medio de la geopol\u00edtica mundial. Recordemos que en el sur tenemos cuestiones como los recursos naturales, el litio y los minerales estrat\u00e9gicos, los alimentos, el petr\u00f3leo. Eso est\u00e1 en disputa para ver qui\u00e9n gana y se los lleva en esta carrera donde el nuevo orden mundial impone las monedas, los patrones y las instituciones que lo van a dominar.<\/p>\n\n\n\n<p>&#8211;<strong>Nombraste los bloques que se enfrentan, algunos m\u00e1s ligados al d\u00f3lar y otros al desarrollismo o al globalismo financiero. \u00bfCu\u00e1les son las estrategias de los pueblos para no quedar encapsulados bajo estos liderazgos y cu\u00e1l el camino a recorrer<\/strong>?<\/p>\n\n\n\n<p>Vemos que la historia del capitalismo perif\u00e9rico en Nuestam\u00e9rica se subordina al mandato que impone la divisi\u00f3n del trabajo, donde somos grandes productores de materia prima y no nos permiten jam\u00e1s generar un desarrollo aut\u00f3nomo y propio donde participe el pueblo. Por eso generan condiciones para dividirnos al pueblo y enfrentarlo. Este globalismo financiero tiene una forma pol\u00edtica neoprogresista. Hay muchos presidentes de Latinoam\u00e9rica tiene este discurso de la interseccionalidad, donde el discurso de las clases sociales queda solapado a los criterios de etnia, raza, las diversidades y el tema clim\u00e1tico. Muchas veces esto termina separando al no poner a discusi\u00f3n el conjunto de variables para que podamos tener una estrategia com\u00fan que englobe las particularidades y parcialidades.<\/p>\n\n\n\n<p>Tambi\u00e9n hay otras formas de imponer pol\u00edticas a trav\u00e9s de las nuevas iglesias protestantes, tenemos el narco que se mete de lleno en los barrios destruyendo las capacidades de nuestros j\u00f3venes y el pueblo trabajador.<\/p>\n\n\n\n<div class=\"wp-block-image\"><figure class=\"alignright size-full is-resized\"><img loading=\"lazy\" decoding=\"async\" src=\"https:\/\/atecordoba.org\/wp-content\/uploads\/2023\/01\/WhatsApp-Image-2023-01-30-at-13.41.56.jpeg\" alt=\"\" class=\"wp-image-35581\" width=\"450\" height=\"299\" srcset=\"https:\/\/atecordoba.org\/wp-content\/uploads\/2023\/01\/WhatsApp-Image-2023-01-30-at-13.41.56.jpeg 900w, https:\/\/atecordoba.org\/wp-content\/uploads\/2023\/01\/WhatsApp-Image-2023-01-30-at-13.41.56-300x199.jpeg 300w, https:\/\/atecordoba.org\/wp-content\/uploads\/2023\/01\/WhatsApp-Image-2023-01-30-at-13.41.56-768x510.jpeg 768w, https:\/\/atecordoba.org\/wp-content\/uploads\/2023\/01\/WhatsApp-Image-2023-01-30-at-13.41.56-750x498.jpeg 750w\" sizes=\"auto, (max-width: 450px) 100vw, 450px\" \/><\/figure><\/div>\n\n\n\n<p><strong>-\u00bfEstamos preparados para asumir estos debates?<\/strong><\/p>\n\n\n\n<p>Para enfrentar este panorama los pueblos tienen que encontrar nuevas estrategias organizativas y de poder, con una mirada que ponga el acento en una estrategia de la totalidad. Para eso se necesita una organizaci\u00f3n que tenga escala, materia y moral suficiente para enfrentar al enemigo principal, que en este caso son las fuerzas reaccionarias del imperio norteamericano y secundario, las fuerzas neoprogresistas. Tambi\u00e9n hay prestar atenci\u00f3n a este llamado multipolarismo relativo con China y Rusia que nos quiere llevar a un proyecto de proveedores de materias primas. Necesitamos un proyecto aut\u00f3nomo y soberano a escala continental donde la clase trabajadora tenga un rol central. En ese marco, precisamos organizaci\u00f3n, fortalecer las organizaciones que pongan el foco en la formaci\u00f3n de cuadros que sean articuladores de la totalidad del problema y con una perspectiva general de clase.<\/p>\n\n\n\n<p>Por ah\u00ed es el camino donde podemos arrancar para desarrollarnos en un mundo convulso, en medio de una guerra interimperialista que lleva a un mont\u00f3n de trabajadores y trabajadoras al enfrentamiento y el combate entre s\u00ed. De esta forma se transformar\u00edan los conflictos actuales en una guerra revolucionaria donde seamos los trabajadores quienes fijemos nuestro propio destino.<\/p>\n\n\n\n<div class=\"wp-block-image\"><figure class=\"alignleft size-full is-resized\"><img loading=\"lazy\" decoding=\"async\" src=\"https:\/\/atecordoba.org\/wp-content\/uploads\/2023\/01\/WhatsApp-Image-2023-01-30-at-13.41.00.jpeg\" alt=\"\" class=\"wp-image-35582\" width=\"502\" height=\"283\" srcset=\"https:\/\/atecordoba.org\/wp-content\/uploads\/2023\/01\/WhatsApp-Image-2023-01-30-at-13.41.00.jpeg 1004w, https:\/\/atecordoba.org\/wp-content\/uploads\/2023\/01\/WhatsApp-Image-2023-01-30-at-13.41.00-300x169.jpeg 300w, https:\/\/atecordoba.org\/wp-content\/uploads\/2023\/01\/WhatsApp-Image-2023-01-30-at-13.41.00-768x432.jpeg 768w, https:\/\/atecordoba.org\/wp-content\/uploads\/2023\/01\/WhatsApp-Image-2023-01-30-at-13.41.00-750x422.jpeg 750w\" sizes=\"auto, (max-width: 502px) 100vw, 502px\" \/><\/figure><\/div>\n\n\n\n<p><strong>Recientemente se desarroll\u00f3 la VII Cumbre de la CELAC y paralelamente se realiz\u00f3 una Cumbre de la CELAC de los Pueblos. \u00bfC\u00f3mo ves el tratamiento de estas agendas en los espacios donde los pueblos puedan generar discusiones al margen de las consignas de los gobiernos?<\/strong><\/p>\n\n\n\n<p>Es muy importante que las centrales de trabajadores estemos participando y discutiendo en estas cumbres porque lo que se pone en juego es el destino conjunto en Latinoam\u00e9rica por un proyecto soberano, para no quedar debajo de las patas del imperialismo en cualquiera de sus fracciones interesadas en nuestro territorio.<\/p>\n\n\n\n<p>Hay que decir tambi\u00e9n que es importante salir del oportunismo de las organizaciones y los partidos pol\u00edticos para mirar la totalidad y armar una agenda program\u00e1tica y de poder, en vez de poner en agendas parcializadas. A veces las partes no hacen al todo. Es necesario tener una estrategia de poder y discutir las estrategias centrales que tiene un programa de la CTA que nos d\u00e9 soberan\u00eda popular. Necesitamos un programa en base a alianzas sociales que permita plantear con firmeza nuestro programa estrat\u00e9gico que tiene que ver con un proyecto de poder y no uno de consigna donde est\u00e9 reflejado \u00fanicamente la particularidad de los movimientos sociales. Hay que cerrar un proyecto que tenga una mirada de la totalidad que reconstruya una estrategia de poder para el pueblo argentino y latinoamericano, un programa que genere una unidad de los pueblos que sea un actor importante en el contexto del escenario global que estamos asistiendo de guerra interimperialista.<\/p>\n\n\n<p><iframe loading=\"lazy\" width=\"100%\" height=\"175px\" scrolling=\"no\" frameborder=\"no\" src=\"\/\/ar.radiocut.fm\/audiocut\/embed\/hori\/nuestramerica-en-medio-disputa-interimperialista-global-por-carlos-rang\/\"><\/iframe><\/p>\n\n\n\n<p><\/p>\n","protected":false},"excerpt":{"rendered":"<p>El panorama internacional que enfrentan los pueblos en un contexto de crisis del capitalismo, guerras y conflictos entre las potencias y reflujo de gobiernos moderados en Latinoam\u00e9rica son marco para que el compa\u00f1ero, docente universitario y delegado de ATE en la Secretaria de Agricultura Familiar Campesino Ind\u00edgena (SAFCI), Carlos Rang, brinde una entrevista al programa [&hellip;]<\/p>\n","protected":false},"author":7,"featured_media":35580,"comment_status":"open","ping_status":"open","sticky":false,"template":"","format":"standard","meta":{"_exactmetrics_skip_tracking":false,"_exactmetrics_sitenote_active":false,"_exactmetrics_sitenote_note":"","_exactmetrics_sitenote_category":0,"jnews-multi-image_gallery":[],"jnews_single_post":{"subtitle":"El desarrollo de la Cumbre de la CELAC en nuestro pa\u00eds, con la presencia de la mayor\u00eda de las y los presidentes de la regi\u00f3n, fue un buen disparador para reflexionar junto a Carlos Rang, docente de la UNRC y delegado de ATE en la SACFI, sobre el papel que cumple Argentina y el continente en un mundo atravesado por guerra militares y comerciales, que ponen sus ojos en los recursos naturales de la periferia capitalista y obturan el protagonismo de los pueblos.","format":"standard","video":"","gallery":"","source_name":"","source_url":"","via_name":"","via_url":"","override_template":"0","override":[{"template":"1","single_blog_custom":"","parallax":"1","fullscreen":"1","layout":"right-sidebar","sidebar":"default-sidebar","second_sidebar":"default-sidebar","sticky_sidebar":"1","share_position":"top","share_float_style":"share-monocrhome","show_share_counter":"1","show_view_counter":"1","show_featured":"1","show_post_meta":"1","show_post_author":"1","show_post_author_image":"1","show_post_date":"1","post_date_format":"default","post_date_format_custom":"Y\/m\/d","show_post_category":"1","show_post_reading_time":"0","post_reading_time_wpm":"300","show_zoom_button":"0","zoom_button_out_step":"2","zoom_button_in_step":"3","show_post_tag":"1","show_prev_next_post":"1","show_popup_post":"1","number_popup_post":"1","show_author_box":"0","show_post_related":"0","show_inline_post_related":"0"}],"override_image_size":"0","image_override":[{"single_post_thumbnail_size":"crop-500","single_post_gallery_size":"crop-500"}],"trending_post":"0","trending_post_position":"meta","trending_post_label":"Trending","sponsored_post":"0","sponsored_post_label":"Sponsored by","sponsored_post_name":"","sponsored_post_url":"","sponsored_post_logo_enable":"0","sponsored_post_logo":"","sponsored_post_desc":"","disable_ad":"0"},"jnews_primary_category":{"id":""},"jnews_social_meta":{"fb_title":"Internacionales: Una estrategia de los pueblos en el medio de la guerra interimperialista ","fb_description":"","fb_image":"","twitter_title":"","twitter_description":"","twitter_image":""},"jnews_review":[],"enable_review":"0","type":"percentage","name":"","summary":"","brand":"","sku":"","good":[{"good_text":""}],"bad":[{"bad_text":""}],"score_override":"","override_value":"","rating":[{"rating_text":"","rating_number":"10"}],"price":[{"shop":"","price":"","link":"","icon":""}],"jnews_override_counter":{"override_view_counter":"0","view_counter_number":"0","override_share_counter":"0","share_counter_number":"0","override_like_counter":"0","like_counter_number":"0","override_dislike_counter":"0","dislike_counter_number":"0"},"jnews_post_split":{"enable_post_split":"0","post_split":[{"template":"1","tag":"h2","numbering":"asc","mode":"normal","first":"0","enable_toc":"0","toc_type":"normal"}]},"footnotes":""},"categories":[108],"tags":[1296,1295,1290,1292,1293,1291,1294],"class_list":["post-35576","post","type-post","status-publish","format-standard","has-post-thumbnail","hentry","category-internacional","tag-celac-de-los-pueblos","tag-cumbre-celac","tag-globalizacion","tag-guerras","tag-interimperialistas","tag-nuestramerica","tag-recursos-naturales"],"jetpack_featured_media_url":"https:\/\/atecordoba.org\/wp-content\/uploads\/2023\/01\/WhatsApp-Image-2023-01-30-at-13.40.58-e1675097505303.jpeg","_links":{"self":[{"href":"https:\/\/atecordoba.org\/index.php?rest_route=\/wp\/v2\/posts\/35576","targetHints":{"allow":["GET"]}}],"collection":[{"href":"https:\/\/atecordoba.org\/index.php?rest_route=\/wp\/v2\/posts"}],"about":[{"href":"https:\/\/atecordoba.org\/index.php?rest_route=\/wp\/v2\/types\/post"}],"author":[{"embeddable":true,"href":"https:\/\/atecordoba.org\/index.php?rest_route=\/wp\/v2\/users\/7"}],"replies":[{"embeddable":true,"href":"https:\/\/atecordoba.org\/index.php?rest_route=%2Fwp%2Fv2%2Fcomments&post=35576"}],"version-history":[{"count":8,"href":"https:\/\/atecordoba.org\/index.php?rest_route=\/wp\/v2\/posts\/35576\/revisions"}],"predecessor-version":[{"id":35594,"href":"https:\/\/atecordoba.org\/index.php?rest_route=\/wp\/v2\/posts\/35576\/revisions\/35594"}],"wp:featuredmedia":[{"embeddable":true,"href":"https:\/\/atecordoba.org\/index.php?rest_route=\/wp\/v2\/media\/35580"}],"wp:attachment":[{"href":"https:\/\/atecordoba.org\/index.php?rest_route=%2Fwp%2Fv2%2Fmedia&parent=35576"}],"wp:term":[{"taxonomy":"category","embeddable":true,"href":"https:\/\/atecordoba.org\/index.php?rest_route=%2Fwp%2Fv2%2Fcategories&post=35576"},{"taxonomy":"post_tag","embeddable":true,"href":"https:\/\/atecordoba.org\/index.php?rest_route=%2Fwp%2Fv2%2Ftags&post=35576"}],"curies":[{"name":"wp","href":"https:\/\/api.w.org\/{rel}","templated":true}]}}