{"id":3551,"date":"2013-11-07T19:41:11","date_gmt":"2013-11-07T22:41:11","guid":{"rendered":"http:\/\/www.atecordoba.org\/?p=3551"},"modified":"2013-11-07T19:41:11","modified_gmt":"2013-11-07T22:41:11","slug":"pozzi-cerro-el-seminario-historia-del-movimiento-obrero","status":"publish","type":"post","link":"https:\/\/atecordoba.org\/?p=3551","title":{"rendered":"Pozzi cerr\u00f3 el Seminario Historia del Movimiento Obrero"},"content":{"rendered":"<p><em>En el marco de las actividades de formaci\u00f3n previstas para este a\u00f1o por nuestro gremio,\u00a0 el pasado 26 de octubre se cerr\u00f3 el seminario Historia del Movimiento Obrero organizado por la Secretar\u00eda de Formaci\u00f3n del Consejo Directivo Provincial.\u00a0<\/em><\/p>\n<figure style=\"width: 560px\" class=\"wp-caption aligncenter\"><img loading=\"lazy\" decoding=\"async\" class=\"ngg-singlepic ngg-center \" alt=\"2\" src=\"http:\/\/www.atecordoba.org\/wp-content\/gallery\/hist-mov-obrero-ultimo-modulo\/2.png\" width=\"560\" height=\"420\" \/><figcaption class=\"wp-caption-text\">El compa\u00f1ero y profesor de historia Pablo Pozzi dict\u00f3 el \u00faltimo m\u00f3dulo del intersante curso de historia del movimiento obrero<\/figcaption><\/figure>\n<p>&nbsp;<\/p>\n<p>Este seminario cont\u00f3 con cuatro encuentros a lo largo de este a\u00f1o al cual asistieron casi setenta\u00a0 compa\u00f1eros y compa\u00f1eras. Este seminario tuvo como objetivo abordar nuestra historia como clase obrera desde categor\u00edas de an\u00e1lisis propias de la lucha obrera, como organizaci\u00f3n, comunicaci\u00f3n, lucha, memoria, resistencia, sabotaje, debate,\u00a0 etc. Es as\u00ed que hicimos un abordaje hist\u00f3rico desde nuestra propia experiencia del presente que era permanentemente interpelada de los procesos que dieron origen a las organizaciones gremiales en nuestro pa\u00eds.<\/p>\n<p>No solo fue un repaso de acontecimientos m\u00e1s bien un debate profundo de procesos hist\u00f3ricos y fundamentalmente colectivos, que la mayor de <img loading=\"lazy\" decoding=\"async\" class=\"ngg-singlepic ngg-left alignleft\" alt=\"3\" src=\"http:\/\/www.atecordoba.org\/wp-content\/gallery\/hist-mov-obrero-ultimo-modulo\/3.png\" width=\"384\" height=\"288\" \/>las veces fueron ocultados por los oficialismos\u00a0 acad\u00e9micos que niegan por ejemplo la lucha de resistencia obrera durante la dictadura del 76.<\/p>\n<p>El Dr .Pablo Pozzi\u00a0 docente de la UBA y conferencista de historia del movimiento obrero en diversas universidades del exterior y la Dra. Mariana Mastr\u00e1ngelo docente de la UNC e investigadora de la CLACSO, fueron los docentes encargados de dictar los contenidos de este seminario e hicieron un<\/p>\n<p>puente entre un pasado muchas veces ocultado y un presente donde los pragmatismos hegemonizan muchas organizaciones obreras en nuestro pa\u00eds.<\/p>\n<p>Como resultado creemos que lo fundamental ha sido el debate y que es posible escribir nuevas historias de las historias que otros contaron y que es necesario y urgente que como trabajadores y trabajadoras seamos los que protagonicemos esas nuevas letras sobre nuestras propias historias. Como equipo de formaci\u00f3n\u00a0 queremos\u00a0 dejar las palabras que durante estos cuatro encuentros precedieron los inicios de los mismos:<\/p>\n<p align=\"center\"><b><i>\u201cLuchar, fracasar, volver a luchar, fracasar,<\/i><\/b><\/p>\n<p align=\"center\"><b><i>volver a luchar hasta el triunfo final:<\/i><\/b><\/p>\n<p align=\"center\"><b><i>\u00c9sta es la historia de la clase obrera\u201d<\/i><\/b><\/p>\n<p align=\"center\"><b><i>(SITRAC-SITRAM)<\/i><\/b><\/p>\n<p style=\"text-align: center;\" align=\"center\"><img loading=\"lazy\" decoding=\"async\" class=\"ngg-singlepic ngg-center aligncenter\" alt=\"1\" src=\"http:\/\/www.atecordoba.org\/wp-content\/gallery\/hist-mov-obrero-ultimo-modulo\/1.png\" width=\"640\" height=\"480\" \/><\/p>\n","protected":false},"excerpt":{"rendered":"<p>En el marco de las actividades de formaci\u00f3n previstas para este a\u00f1o por nuestro gremio,\u00a0 el pasado 26 de octubre se cerr\u00f3 el seminario Historia del Movimiento Obrero organizado por la Secretar\u00eda de Formaci\u00f3n del Consejo Directivo Provincial.\u00a0 &nbsp; Este seminario cont\u00f3 con cuatro encuentros a lo largo de este a\u00f1o al cual asistieron casi [&hellip;]<\/p>\n","protected":false},"author":1,"featured_media":19220,"comment_status":"open","ping_status":"open","sticky":false,"template":"","format":"standard","meta":{"_exactmetrics_skip_tracking":false,"_exactmetrics_sitenote_active":false,"_exactmetrics_sitenote_note":"","_exactmetrics_sitenote_category":0,"jnews-multi-image_gallery":[],"jnews_single_post":[],"jnews_primary_category":[],"jnews_social_meta":[],"jnews_review":[],"enable_review":"","type":"","name":"","summary":"","brand":"","sku":"","good":[],"bad":[],"score_override":"","override_value":"","rating":[],"price":[],"jnews_override_counter":[],"jnews_post_split":[],"footnotes":""},"categories":[88],"tags":[],"class_list":["post-3551","post","type-post","status-publish","format-standard","has-post-thumbnail","hentry","category-formacion"],"jetpack_featured_media_url":"https:\/\/atecordoba.org\/wp-content\/uploads\/2020\/05\/logo-nuevochico-e1561581322808.png","_links":{"self":[{"href":"https:\/\/atecordoba.org\/index.php?rest_route=\/wp\/v2\/posts\/3551","targetHints":{"allow":["GET"]}}],"collection":[{"href":"https:\/\/atecordoba.org\/index.php?rest_route=\/wp\/v2\/posts"}],"about":[{"href":"https:\/\/atecordoba.org\/index.php?rest_route=\/wp\/v2\/types\/post"}],"author":[{"embeddable":true,"href":"https:\/\/atecordoba.org\/index.php?rest_route=\/wp\/v2\/users\/1"}],"replies":[{"embeddable":true,"href":"https:\/\/atecordoba.org\/index.php?rest_route=%2Fwp%2Fv2%2Fcomments&post=3551"}],"version-history":[{"count":0,"href":"https:\/\/atecordoba.org\/index.php?rest_route=\/wp\/v2\/posts\/3551\/revisions"}],"wp:featuredmedia":[{"embeddable":true,"href":"https:\/\/atecordoba.org\/index.php?rest_route=\/wp\/v2\/media\/19220"}],"wp:attachment":[{"href":"https:\/\/atecordoba.org\/index.php?rest_route=%2Fwp%2Fv2%2Fmedia&parent=3551"}],"wp:term":[{"taxonomy":"category","embeddable":true,"href":"https:\/\/atecordoba.org\/index.php?rest_route=%2Fwp%2Fv2%2Fcategories&post=3551"},{"taxonomy":"post_tag","embeddable":true,"href":"https:\/\/atecordoba.org\/index.php?rest_route=%2Fwp%2Fv2%2Ftags&post=3551"}],"curies":[{"name":"wp","href":"https:\/\/api.w.org\/{rel}","templated":true}]}}