{"id":35506,"date":"2023-01-25T10:01:09","date_gmt":"2023-01-25T13:01:09","guid":{"rendered":"https:\/\/atecordoba.org\/?p=35506"},"modified":"2023-01-25T10:42:21","modified_gmt":"2023-01-25T13:42:21","slug":"a-tres-anos-de-la-asuncion-de-iriondo-en-fadea-no-hay-una-sola-reincorporacion-de-los-cientos-de-despedidos-por-el-macrismo","status":"publish","type":"post","link":"https:\/\/atecordoba.org\/?p=35506","title":{"rendered":"A tres a\u00f1os de la asunci\u00f3n de Iriondo en FAdeA: No hay una sola reincorporaci\u00f3n de los cientos de despedidos por el Macrismo"},"content":{"rendered":"\n<p>Un 25 de enero de 2020 llegaba a la F\u00e1brica Argentina de Aviones \u201cBrigadier San Mart\u00edn\u201d la Dra. Mirta Iriondo, primera decana mujer de la Facultad de Matem\u00e1tica, Astronom\u00eda, F\u00edsica y Computaci\u00f3n (FaMAF) de la Universidad Nacional de C\u00f3rdoba (UNC).<\/p>\n\n\n\n<p>Iriondo -Kirchnerista integrante del Frente de Todos- nunca desconoci\u00f3 la historia de ATE en la F\u00e1brica Argentina de Aviones (FAdeA) que, &#8220;mientras se llam\u00f3 IAME y durante la d\u00e9cada del 70, tuvo a ATE como su principal actor sindical, siendo cuna del mayor dirigente obrero de nuestro sindicato en aquellos tiempos, H\u00e9ctor \u201cLa Perra\u201d Castro. Sin embargo, la funcionaria Iriondo que lleg\u00f3 a FAdeA con traje de \u201cPresidenta\u201d se encarg\u00f3, d\u00eda tras d\u00eda, de ir borrando con el codo ese pasado de lucha por la justicia social, la soberan\u00eda pol\u00edtica y la independencia econ\u00f3mica que supo escribir durante su pasado militante&#8221;, rememor\u00f3 Federico Giuliani, Secretario General de ATE C\u00f3rdoba.<\/p>\n\n\n\n<figure class=\"wp-block-gallery has-nested-images columns-5 is-cropped wp-block-gallery-1 is-layout-flex wp-block-gallery-is-layout-flex\">\n<figure class=\"wp-block-image size-large\"><a href=\"https:\/\/atecordoba.org\/wp-content\/uploads\/2022\/01\/fadeaport.jpg\" target=\"_blank\" rel=\"noopener\"><img loading=\"lazy\" decoding=\"async\" width=\"540\" height=\"360\" data-id=\"29797\" src=\"https:\/\/atecordoba.org\/wp-content\/uploads\/2022\/01\/fadeaport.jpg\" alt=\"\" class=\"wp-image-29797\" srcset=\"https:\/\/atecordoba.org\/wp-content\/uploads\/2022\/01\/fadeaport.jpg 540w, https:\/\/atecordoba.org\/wp-content\/uploads\/2022\/01\/fadeaport-300x200.jpg 300w\" sizes=\"auto, (max-width: 540px) 100vw, 540px\" \/><\/a><\/figure>\n\n\n\n<figure class=\"wp-block-image size-large\"><a href=\"https:\/\/atecordoba.org\/wp-content\/uploads\/2022\/01\/reincorporacionFAdeA.jpeg\" target=\"_blank\" rel=\"noopener\"><img loading=\"lazy\" decoding=\"async\" width=\"1280\" height=\"960\" data-id=\"29795\" src=\"https:\/\/atecordoba.org\/wp-content\/uploads\/2022\/01\/reincorporacionFAdeA.jpeg\" alt=\"\" class=\"wp-image-29795\" srcset=\"https:\/\/atecordoba.org\/wp-content\/uploads\/2022\/01\/reincorporacionFAdeA.jpeg 1280w, https:\/\/atecordoba.org\/wp-content\/uploads\/2022\/01\/reincorporacionFAdeA-300x225.jpeg 300w, https:\/\/atecordoba.org\/wp-content\/uploads\/2022\/01\/reincorporacionFAdeA-1024x768.jpeg 1024w, https:\/\/atecordoba.org\/wp-content\/uploads\/2022\/01\/reincorporacionFAdeA-768x576.jpeg 768w, https:\/\/atecordoba.org\/wp-content\/uploads\/2022\/01\/reincorporacionFAdeA-750x563.jpeg 750w, https:\/\/atecordoba.org\/wp-content\/uploads\/2022\/01\/reincorporacionFAdeA-1140x855.jpeg 1140w\" sizes=\"auto, (max-width: 1280px) 100vw, 1280px\" \/><\/a><\/figure>\n\n\n\n<figure class=\"wp-block-image size-large\"><a href=\"https:\/\/atecordoba.org\/wp-content\/uploads\/2021\/05\/CARTEL-FADEA.jpeg\" target=\"_blank\" rel=\"noopener\"><img loading=\"lazy\" decoding=\"async\" width=\"1280\" height=\"960\" data-id=\"26027\" src=\"https:\/\/atecordoba.org\/wp-content\/uploads\/2021\/05\/CARTEL-FADEA.jpeg\" alt=\"\" class=\"wp-image-26027\" srcset=\"https:\/\/atecordoba.org\/wp-content\/uploads\/2021\/05\/CARTEL-FADEA.jpeg 1280w, https:\/\/atecordoba.org\/wp-content\/uploads\/2021\/05\/CARTEL-FADEA-300x225.jpeg 300w, https:\/\/atecordoba.org\/wp-content\/uploads\/2021\/05\/CARTEL-FADEA-1024x768.jpeg 1024w, https:\/\/atecordoba.org\/wp-content\/uploads\/2021\/05\/CARTEL-FADEA-768x576.jpeg 768w, https:\/\/atecordoba.org\/wp-content\/uploads\/2021\/05\/CARTEL-FADEA-750x563.jpeg 750w, https:\/\/atecordoba.org\/wp-content\/uploads\/2021\/05\/CARTEL-FADEA-1140x855.jpeg 1140w\" sizes=\"auto, (max-width: 1280px) 100vw, 1280px\" \/><\/a><\/figure>\n\n\n\n<figure class=\"wp-block-image size-large\"><a href=\"https:\/\/atecordoba.org\/wp-content\/uploads\/2022\/02\/fadea-ate-cta-1.jpg\" target=\"_blank\" rel=\"noopener\"><img loading=\"lazy\" decoding=\"async\" width=\"1280\" height=\"960\" data-id=\"29920\" src=\"https:\/\/atecordoba.org\/wp-content\/uploads\/2022\/02\/fadea-ate-cta-1.jpg\" alt=\"\" class=\"wp-image-29920\" srcset=\"https:\/\/atecordoba.org\/wp-content\/uploads\/2022\/02\/fadea-ate-cta-1.jpg 1280w, https:\/\/atecordoba.org\/wp-content\/uploads\/2022\/02\/fadea-ate-cta-1-300x225.jpg 300w, https:\/\/atecordoba.org\/wp-content\/uploads\/2022\/02\/fadea-ate-cta-1-1024x768.jpg 1024w, https:\/\/atecordoba.org\/wp-content\/uploads\/2022\/02\/fadea-ate-cta-1-768x576.jpg 768w, https:\/\/atecordoba.org\/wp-content\/uploads\/2022\/02\/fadea-ate-cta-1-750x563.jpg 750w, https:\/\/atecordoba.org\/wp-content\/uploads\/2022\/02\/fadea-ate-cta-1-1140x855.jpg 1140w\" sizes=\"auto, (max-width: 1280px) 100vw, 1280px\" \/><\/a><\/figure>\n\n\n\n<figure class=\"wp-block-image size-large\"><a href=\"https:\/\/atecordoba.org\/wp-content\/uploads\/2020\/10\/fadea.jpg\" target=\"_blank\" rel=\"noopener\"><img loading=\"lazy\" decoding=\"async\" width=\"1280\" height=\"960\" data-id=\"22180\" src=\"https:\/\/atecordoba.org\/wp-content\/uploads\/2020\/10\/fadea.jpg\" alt=\"\" class=\"wp-image-22180\" srcset=\"https:\/\/atecordoba.org\/wp-content\/uploads\/2020\/10\/fadea.jpg 1280w, https:\/\/atecordoba.org\/wp-content\/uploads\/2020\/10\/fadea-300x225.jpg 300w, https:\/\/atecordoba.org\/wp-content\/uploads\/2020\/10\/fadea-1024x768.jpg 1024w, https:\/\/atecordoba.org\/wp-content\/uploads\/2020\/10\/fadea-768x576.jpg 768w, https:\/\/atecordoba.org\/wp-content\/uploads\/2020\/10\/fadea-750x563.jpg 750w, https:\/\/atecordoba.org\/wp-content\/uploads\/2020\/10\/fadea-1140x855.jpg 1140w\" sizes=\"auto, (max-width: 1280px) 100vw, 1280px\" \/><\/a><\/figure>\n\n\n\n<figure class=\"wp-block-image size-large\"><a href=\"https:\/\/atecordoba.org\/wp-content\/uploads\/2020\/06\/fadea-3-1-1024x768.jpg\" target=\"_blank\" rel=\"noopener\"><img loading=\"lazy\" decoding=\"async\" width=\"1024\" height=\"768\" data-id=\"19791\" src=\"https:\/\/atecordoba.org\/wp-content\/uploads\/2020\/06\/fadea-3-1-1024x768.jpg\" alt=\"\" class=\"wp-image-19791\" srcset=\"https:\/\/atecordoba.org\/wp-content\/uploads\/2020\/06\/fadea-3-1-1024x768.jpg 1024w, https:\/\/atecordoba.org\/wp-content\/uploads\/2020\/06\/fadea-3-1-1024x768-300x225.jpg 300w, https:\/\/atecordoba.org\/wp-content\/uploads\/2020\/06\/fadea-3-1-1024x768-768x576.jpg 768w, https:\/\/atecordoba.org\/wp-content\/uploads\/2020\/06\/fadea-3-1-1024x768-750x563.jpg 750w\" sizes=\"auto, (max-width: 1024px) 100vw, 1024px\" \/><\/a><\/figure>\n\n\n\n<figure class=\"wp-block-image size-large\"><a href=\"https:\/\/atecordoba.org\/wp-content\/uploads\/2020\/05\/FADEA-1024x768.jpg\" target=\"_blank\" rel=\"noopener\"><img loading=\"lazy\" decoding=\"async\" width=\"1024\" height=\"768\" data-id=\"18409\" src=\"https:\/\/atecordoba.org\/wp-content\/uploads\/2020\/05\/FADEA-1024x768.jpg\" alt=\"\" class=\"wp-image-18409\" srcset=\"https:\/\/atecordoba.org\/wp-content\/uploads\/2020\/05\/FADEA-1024x768.jpg 1024w, https:\/\/atecordoba.org\/wp-content\/uploads\/2020\/05\/FADEA-1024x768-300x225.jpg 300w, https:\/\/atecordoba.org\/wp-content\/uploads\/2020\/05\/FADEA-1024x768-768x576.jpg 768w, https:\/\/atecordoba.org\/wp-content\/uploads\/2020\/05\/FADEA-1024x768-750x563.jpg 750w\" sizes=\"auto, (max-width: 1024px) 100vw, 1024px\" \/><\/a><\/figure>\n\n\n\n<figure class=\"wp-block-image size-large\"><a href=\"https:\/\/atecordoba.org\/wp-content\/uploads\/2020\/05\/FADEA-puerta-1024x683.jpg\" target=\"_blank\" rel=\"noopener\"><img loading=\"lazy\" decoding=\"async\" width=\"1024\" height=\"683\" data-id=\"18345\" src=\"https:\/\/atecordoba.org\/wp-content\/uploads\/2020\/05\/FADEA-puerta-1024x683.jpg\" alt=\"\" class=\"wp-image-18345\" srcset=\"https:\/\/atecordoba.org\/wp-content\/uploads\/2020\/05\/FADEA-puerta-1024x683.jpg 1024w, https:\/\/atecordoba.org\/wp-content\/uploads\/2020\/05\/FADEA-puerta-1024x683-300x200.jpg 300w, https:\/\/atecordoba.org\/wp-content\/uploads\/2020\/05\/FADEA-puerta-1024x683-768x512.jpg 768w, https:\/\/atecordoba.org\/wp-content\/uploads\/2020\/05\/FADEA-puerta-1024x683-750x500.jpg 750w\" sizes=\"auto, (max-width: 1024px) 100vw, 1024px\" \/><\/a><\/figure>\n\n\n\n<figure class=\"wp-block-image size-large\"><a href=\"https:\/\/atecordoba.org\/wp-content\/uploads\/2020\/05\/Asamblea-ATE-fadea-1024x683.jpg\" target=\"_blank\" rel=\"noopener\"><img loading=\"lazy\" decoding=\"async\" width=\"1024\" height=\"683\" data-id=\"18344\" src=\"https:\/\/atecordoba.org\/wp-content\/uploads\/2020\/05\/Asamblea-ATE-fadea-1024x683.jpg\" alt=\"\" class=\"wp-image-18344\" srcset=\"https:\/\/atecordoba.org\/wp-content\/uploads\/2020\/05\/Asamblea-ATE-fadea-1024x683.jpg 1024w, https:\/\/atecordoba.org\/wp-content\/uploads\/2020\/05\/Asamblea-ATE-fadea-1024x683-300x200.jpg 300w, https:\/\/atecordoba.org\/wp-content\/uploads\/2020\/05\/Asamblea-ATE-fadea-1024x683-768x512.jpg 768w, https:\/\/atecordoba.org\/wp-content\/uploads\/2020\/05\/Asamblea-ATE-fadea-1024x683-750x500.jpg 750w\" sizes=\"auto, (max-width: 1024px) 100vw, 1024px\" \/><\/a><\/figure>\n\n\n\n<figure class=\"wp-block-image size-large\"><a href=\"https:\/\/atecordoba.org\/wp-content\/uploads\/2020\/05\/28-01-Fadea-3-1024x576.jpg\" target=\"_blank\" rel=\"noopener\"><img loading=\"lazy\" decoding=\"async\" width=\"1024\" height=\"576\" data-id=\"13570\" src=\"https:\/\/atecordoba.org\/wp-content\/uploads\/2020\/05\/28-01-Fadea-3-1024x576.jpg\" alt=\"\" class=\"wp-image-13570\" srcset=\"https:\/\/atecordoba.org\/wp-content\/uploads\/2020\/05\/28-01-Fadea-3-1024x576.jpg 1024w, https:\/\/atecordoba.org\/wp-content\/uploads\/2020\/05\/28-01-Fadea-3-1024x576-300x169.jpg 300w, https:\/\/atecordoba.org\/wp-content\/uploads\/2020\/05\/28-01-Fadea-3-1024x576-768x432.jpg 768w, https:\/\/atecordoba.org\/wp-content\/uploads\/2020\/05\/28-01-Fadea-3-1024x576-750x422.jpg 750w\" sizes=\"auto, (max-width: 1024px) 100vw, 1024px\" \/><\/a><\/figure>\n<figcaption class=\"blocks-gallery-caption\">La presencia de ATE frente a FAdeA fue constante y, a\u00fan as\u00ed, sigue sin haber respuesta en cuanto al reconocimiento del sindicato y la reincorporaci\u00f3n de las y los trabajadores<\/figcaption><\/figure>\n\n\n\n<p><\/p>\n\n\n\n<p>Desde un primer momento, ATE C\u00f3rdoba se present\u00f3 ante la autoridad de Iriondo reclamando por los m\u00e1s de 700 despedidos y despedidas que el Macrismo hab\u00eda perpetrado en la F\u00e1brica, quienes hab\u00edan encontrado en nuestro sindicato una trichera de lucha, de solidaridad, de acci\u00f3n, por la defensa de sus leg\u00edtimos derechos. Estas despedidas y despedidos que fueron parte central de la Comisi\u00f3n de Relevamiento y Reincorporaci\u00f3n de Despedidos\/as de la Era Macri (CORREDMA-ATE) en C\u00f3rdoba y, con su activismo, acompa\u00f1ados por el sindicato, lograron visibilizar en la comunidad su caso y la importancia de sostener una industria aeron\u00e1utica de punta para el desarrollo soberano de nuestro pa\u00eds.<\/p>\n\n\n\n<div class=\"wp-block-image\"><figure class=\"aligncenter\"><img loading=\"lazy\" decoding=\"async\" width=\"750\" height=\"422\" src=\"https:\/\/atecordoba.org\/wp-content\/uploads\/2022\/01\/WhatsApp-Image-2020-11-19-at-11.25.52-750x422-1.jpeg\" alt=\"\" class=\"wp-image-29823\" srcset=\"https:\/\/atecordoba.org\/wp-content\/uploads\/2022\/01\/WhatsApp-Image-2020-11-19-at-11.25.52-750x422-1.jpeg 750w, https:\/\/atecordoba.org\/wp-content\/uploads\/2022\/01\/WhatsApp-Image-2020-11-19-at-11.25.52-750x422-1-300x169.jpeg 300w\" sizes=\"auto, (max-width: 750px) 100vw, 750px\" \/><figcaption><em>Federico Giuliani, Secretario General de ATE y la CTA Aut\u00f3noma C\u00f3rdoba, en una de las protestas en la puerta de la F\u00e1brica.<\/em><\/figcaption><\/figure><\/div>\n\n\n\n<p>&#8220;En campa\u00f1a, quienes despu\u00e9s fueron funcionarias y funcionarios, se reunieron, hablaron, hicieron declaraciones p\u00fablicas prometiendo que se reincorporar\u00eda a las y los despedidos, se reactivar\u00eda el aparato productivo estatal, y `ser\u00edan mejores\u00b4&#8221;, dijo Giuliani. &#8220;Lo cierto -advirti\u00f3- es que, con tres a\u00f1os de gesti\u00f3n frente a FAdeA, Mirta Iriondo sigue sin reincorporar a las y los cientos de despedidos sin causa por el anterior gobierno nacional, haci\u00e9ndose cargo as\u00ed de la deuda que el macrismo dej\u00f3 en la industria y de la l\u00ednea pol\u00edtica y de desarrollo de la anterior gesti\u00f3n: no vuelven quienes fueron despedidos\/as, se sostiene a los cargos jer\u00e1rquicos promovidos por la administraci\u00f3n macrista, se profundiza la l\u00ednea de empresa que realiza servicios de baja escala con respecto a las capacidades e historia que tiene la F\u00e1brica Argentina de Aviones&#8221;.<\/p>\n\n\n\n<p>Adem\u00e1s, y como si esto fuera poco, la funcionaria que ocupa \u201cde paso\u201d -siempre hay que recordarlo- el rol de Presidenta, clausura el di\u00e1logo con la representaci\u00f3n sindical de ATE porque, evidentemente, no sabe con qu\u00e9 cara mirar a las centenares de personas que eligieron nuestra representaci\u00f3n gremial, resistieron y combatieron al macrismo y hoy siguen changueando, con trabajos inestables, a pesar de la experiencia que el Estado supo brindarles mientras trabajaron y se capacitaron en FAdeA.<\/p>\n\n\n\n<p>Por todo ello, a tres a\u00f1os de su asunci\u00f3n, Doctora Iriondo: Cumpla con sus promesas de campa\u00f1a, reincorpore y devuelva el pan que fue quitado a cientos de familias por el Macrismo, vuelva a poner de pie la industria aeron\u00e1utica en C\u00f3rdoba y h\u00e1galo de la \u00fanica forma que puede hacerse -como usted lo sabe- con las y los trabajadores organizados, dando la pelea.<\/p>\n","protected":false},"excerpt":{"rendered":"<p>Un 25 de enero de 2020 llegaba a la F\u00e1brica Argentina de Aviones \u201cBrigadier San Mart\u00edn\u201d la Dra. Mirta Iriondo, primera decana mujer de la Facultad de Matem\u00e1tica, Astronom\u00eda, F\u00edsica y Computaci\u00f3n (FaMAF) de la Universidad Nacional de C\u00f3rdoba (UNC). Iriondo -Kirchnerista integrante del Frente de Todos- nunca desconoci\u00f3 la historia de ATE en la [&hellip;]<\/p>\n","protected":false},"author":6,"featured_media":29795,"comment_status":"open","ping_status":"open","sticky":false,"template":"","format":"standard","meta":{"_exactmetrics_skip_tracking":false,"_exactmetrics_sitenote_active":false,"_exactmetrics_sitenote_note":"","_exactmetrics_sitenote_category":0,"jnews-multi-image_gallery":[],"jnews_single_post":{"subtitle":"\"Las promesas de campa\u00f1a se esfuman con el tiempo en una empresa estatal que podr\u00eda ser insignia del desarrollo aeron\u00e1utico nacional y que se ha limitado a brindar servicios de baja escala en comparaci\u00f3n con las capacidades instaladas y la historia de la F\u00e1brica\", remarc\u00f3 Federico Giuliani, Secretario General de ATE C\u00f3rdoba.","format":"standard","video":"","gallery":"","source_name":"","source_url":"","via_name":"","via_url":"","override_template":"0","override":[{"template":"1","single_blog_custom":"","parallax":"1","fullscreen":"1","layout":"right-sidebar","sidebar":"default-sidebar","second_sidebar":"default-sidebar","sticky_sidebar":"1","share_position":"top","share_float_style":"share-monocrhome","show_share_counter":"1","show_view_counter":"1","show_featured":"1","show_post_meta":"1","show_post_author":"1","show_post_author_image":"1","show_post_date":"1","post_date_format":"default","post_date_format_custom":"Y\/m\/d","show_post_category":"1","show_post_reading_time":"0","post_reading_time_wpm":"300","show_zoom_button":"0","zoom_button_out_step":"2","zoom_button_in_step":"3","show_post_tag":"1","show_prev_next_post":"1","show_popup_post":"1","number_popup_post":"1","show_author_box":"0","show_post_related":"0","show_inline_post_related":"0"}],"override_image_size":"0","image_override":[{"single_post_thumbnail_size":"crop-500","single_post_gallery_size":"crop-500"}],"trending_post":"0","trending_post_position":"meta","trending_post_label":"Trending","sponsored_post":"0","sponsored_post_label":"Sponsored by","sponsored_post_name":"","sponsored_post_url":"","sponsored_post_logo_enable":"0","sponsored_post_logo":"","sponsored_post_desc":"","disable_ad":"0"},"jnews_primary_category":{"id":""},"jnews_social_meta":{"fb_title":"","fb_description":"","fb_image":"","twitter_title":"","twitter_description":"","twitter_image":""},"jnews_review":[],"enable_review":"0","type":"percentage","name":"","summary":"","brand":"","sku":"","good":[{"good_text":""}],"bad":[{"bad_text":""}],"score_override":"","override_value":"","rating":[{"rating_text":"","rating_number":"10"}],"price":[{"shop":"","price":"","link":"","icon":""}],"jnews_override_counter":{"override_view_counter":"0","view_counter_number":"0","override_share_counter":"0","share_counter_number":"0","override_like_counter":"0","like_counter_number":"0","override_dislike_counter":"0","dislike_counter_number":"0"},"jnews_post_split":{"enable_post_split":"0","post_split":[{"template":"1","tag":"h2","numbering":"asc","mode":"normal","first":"0","enable_toc":"0","toc_type":"normal"}]},"footnotes":""},"categories":[341,152,18],"tags":[],"class_list":["post-35506","post","type-post","status-publish","format-standard","has-post-thumbnail","hentry","category-cdp","category-despedidos","category-nacionales"],"jetpack_featured_media_url":"https:\/\/atecordoba.org\/wp-content\/uploads\/2022\/01\/reincorporacionFAdeA.jpeg","_links":{"self":[{"href":"https:\/\/atecordoba.org\/index.php?rest_route=\/wp\/v2\/posts\/35506","targetHints":{"allow":["GET"]}}],"collection":[{"href":"https:\/\/atecordoba.org\/index.php?rest_route=\/wp\/v2\/posts"}],"about":[{"href":"https:\/\/atecordoba.org\/index.php?rest_route=\/wp\/v2\/types\/post"}],"author":[{"embeddable":true,"href":"https:\/\/atecordoba.org\/index.php?rest_route=\/wp\/v2\/users\/6"}],"replies":[{"embeddable":true,"href":"https:\/\/atecordoba.org\/index.php?rest_route=%2Fwp%2Fv2%2Fcomments&post=35506"}],"version-history":[{"count":3,"href":"https:\/\/atecordoba.org\/index.php?rest_route=\/wp\/v2\/posts\/35506\/revisions"}],"predecessor-version":[{"id":35511,"href":"https:\/\/atecordoba.org\/index.php?rest_route=\/wp\/v2\/posts\/35506\/revisions\/35511"}],"wp:featuredmedia":[{"embeddable":true,"href":"https:\/\/atecordoba.org\/index.php?rest_route=\/wp\/v2\/media\/29795"}],"wp:attachment":[{"href":"https:\/\/atecordoba.org\/index.php?rest_route=%2Fwp%2Fv2%2Fmedia&parent=35506"}],"wp:term":[{"taxonomy":"category","embeddable":true,"href":"https:\/\/atecordoba.org\/index.php?rest_route=%2Fwp%2Fv2%2Fcategories&post=35506"},{"taxonomy":"post_tag","embeddable":true,"href":"https:\/\/atecordoba.org\/index.php?rest_route=%2Fwp%2Fv2%2Ftags&post=35506"}],"curies":[{"name":"wp","href":"https:\/\/api.w.org\/{rel}","templated":true}]}}