{"id":3548,"date":"2013-11-07T19:30:59","date_gmt":"2013-11-07T22:30:59","guid":{"rendered":"http:\/\/www.atecordoba.org\/?p=3548"},"modified":"2013-11-07T19:30:59","modified_gmt":"2013-11-07T22:30:59","slug":"formacion-se-realizo-el-curso-para-nuevos-delegados","status":"publish","type":"post","link":"https:\/\/atecordoba.org\/?p=3548","title":{"rendered":"Formaci\u00f3n: se realiz\u00f3 el curso para nuevos delegados"},"content":{"rendered":"<p><em>Este espacio de formaci\u00f3n tuvo por objetivo introducir a los nuevos delegados en las problem\u00e1ticas y potencialidades de la representaci\u00f3n gremial, analizando sus alcances y su relaci\u00f3n con otros conceptos como organizaci\u00f3n gremial,\u00a0 modelos sindicales y herramientas gremiales.\u00a0<\/em><\/p>\n<figure style=\"width: 640px\" class=\"wp-caption aligncenter\"><img loading=\"lazy\" decoding=\"async\" class=\"ngg-singlepic ngg-center \" alt=\"1\" src=\"http:\/\/www.atecordoba.org\/wp-content\/gallery\/formacion-nuevos-delegados\/1.png\" width=\"640\" height=\"480\" \/><figcaption class=\"wp-caption-text\">El secretario de Formaci\u00f3n, Gustavo Peyroti, desarroll\u00f3 el taller en el CISPREN<\/figcaption><\/figure>\n<p>El jueves 31 de octubre en las instalaciones del\u00a0 Cispren y organizado por\u00a0 el Consejo Directivo Provincial a trav\u00e9s de la Secretar\u00eda de Formaci\u00f3n de ATE C\u00f3rdoba, se organiz\u00f3 un nuevo m\u00f3dulo de capacitaci\u00f3n para delegados elegidos recientemente.<\/p>\n<p>Como material de apoyo se entreg\u00f3 a cada compa\u00f1era y compa\u00f1ero el manual del Delegado editado por nuestro Consejo Directivo Nacional de ATE. Sobre este material se trabaj\u00f3 y se debati\u00f3 acerca de sus contenidos relacion\u00e1ndolo con las propias experiencias gremiales cotidianas de los compa\u00f1eros y compa\u00f1eras.<\/p>\n<p style=\"text-align: left;\"><img loading=\"lazy\" decoding=\"async\" class=\"ngg-singlepic ngg-left aligncenter\" alt=\"4\" src=\"http:\/\/www.atecordoba.org\/wp-content\/gallery\/formacion-nuevos-delegados\/4.png\" width=\"374\" height=\"281\" \/>Asistieron un total de 25 compa\u00f1eros y compa\u00f1eras de distintos niveles del Estado y reparticiones de los mismos, asimismo se cont\u00f3 con la presencia de nuestra Secretaria general Teresa Romero, el secretario Gremial, Diego Guerra, secretaria de Actas, Estela Corzo y el secretario de Formaci\u00f3n, Gustavo Peyroti quien fue el que coordin\u00f3 este nuevo m\u00f3dulo junto al equipo de formaci\u00f3n de nuestro sindicato.<\/p>\n<p style=\"text-align: left;\">Los compa\u00f1eros y compa\u00f1eras compartimos luego un almuerzo y se realiz\u00f3 una evaluaci\u00f3n de este primer m\u00f3dulo solicitando uno nuevo sobre aspectos legales\u00a0 de la representaci\u00f3n gremial y principios generales de convenios colectivos para mediados de noviembre.<\/p>\n<p>Una vez m\u00e1s se manifiesta la voluntad y el concepto de formaci\u00f3n constante de nuestra ATE haciendo de \u00e9sta un eje pol\u00edtico fundamental en el quehacer de nuestro gremio.<\/p>\n<p style=\"text-align: center;\"><img loading=\"lazy\" decoding=\"async\" class=\"ngg-singlepic ngg-center aligncenter\" alt=\"3\" src=\"http:\/\/www.atecordoba.org\/wp-content\/gallery\/formacion-nuevos-delegados\/3.png\" width=\"480\" height=\"360\" \/><\/p>\n","protected":false},"excerpt":{"rendered":"<p>Este espacio de formaci\u00f3n tuvo por objetivo introducir a los nuevos delegados en las problem\u00e1ticas y potencialidades de la representaci\u00f3n gremial, analizando sus alcances y su relaci\u00f3n con otros conceptos como organizaci\u00f3n gremial,\u00a0 modelos sindicales y herramientas gremiales.\u00a0 El jueves 31 de octubre en las instalaciones del\u00a0 Cispren y organizado por\u00a0 el Consejo Directivo Provincial [&hellip;]<\/p>\n","protected":false},"author":1,"featured_media":19220,"comment_status":"open","ping_status":"open","sticky":false,"template":"","format":"standard","meta":{"_exactmetrics_skip_tracking":false,"_exactmetrics_sitenote_active":false,"_exactmetrics_sitenote_note":"","_exactmetrics_sitenote_category":0,"jnews-multi-image_gallery":[],"jnews_single_post":[],"jnews_primary_category":[],"jnews_social_meta":[],"jnews_review":[],"enable_review":"","type":"","name":"","summary":"","brand":"","sku":"","good":[],"bad":[],"score_override":"","override_value":"","rating":[],"price":[],"jnews_override_counter":[],"jnews_post_split":[],"footnotes":""},"categories":[88],"tags":[],"class_list":["post-3548","post","type-post","status-publish","format-standard","has-post-thumbnail","hentry","category-formacion"],"jetpack_featured_media_url":"https:\/\/atecordoba.org\/wp-content\/uploads\/2020\/05\/logo-nuevochico-e1561581322808.png","_links":{"self":[{"href":"https:\/\/atecordoba.org\/index.php?rest_route=\/wp\/v2\/posts\/3548","targetHints":{"allow":["GET"]}}],"collection":[{"href":"https:\/\/atecordoba.org\/index.php?rest_route=\/wp\/v2\/posts"}],"about":[{"href":"https:\/\/atecordoba.org\/index.php?rest_route=\/wp\/v2\/types\/post"}],"author":[{"embeddable":true,"href":"https:\/\/atecordoba.org\/index.php?rest_route=\/wp\/v2\/users\/1"}],"replies":[{"embeddable":true,"href":"https:\/\/atecordoba.org\/index.php?rest_route=%2Fwp%2Fv2%2Fcomments&post=3548"}],"version-history":[{"count":0,"href":"https:\/\/atecordoba.org\/index.php?rest_route=\/wp\/v2\/posts\/3548\/revisions"}],"wp:featuredmedia":[{"embeddable":true,"href":"https:\/\/atecordoba.org\/index.php?rest_route=\/wp\/v2\/media\/19220"}],"wp:attachment":[{"href":"https:\/\/atecordoba.org\/index.php?rest_route=%2Fwp%2Fv2%2Fmedia&parent=3548"}],"wp:term":[{"taxonomy":"category","embeddable":true,"href":"https:\/\/atecordoba.org\/index.php?rest_route=%2Fwp%2Fv2%2Fcategories&post=3548"},{"taxonomy":"post_tag","embeddable":true,"href":"https:\/\/atecordoba.org\/index.php?rest_route=%2Fwp%2Fv2%2Ftags&post=3548"}],"curies":[{"name":"wp","href":"https:\/\/api.w.org\/{rel}","templated":true}]}}