{"id":35469,"date":"2023-01-20T11:34:43","date_gmt":"2023-01-20T14:34:43","guid":{"rendered":"https:\/\/atecordoba.org\/?p=35469"},"modified":"2023-01-20T11:38:07","modified_gmt":"2023-01-20T14:38:07","slug":"cierre-de-la-paritaria-municipal-en-holmberg","status":"publish","type":"post","link":"https:\/\/atecordoba.org\/?p=35469","title":{"rendered":"Cierre de la Paritaria Municipal en Holmberg"},"content":{"rendered":"\n<div class=\"wp-block-image\"><figure class=\"aligncenter size-full\"><img loading=\"lazy\" decoding=\"async\" width=\"1005\" height=\"575\" src=\"https:\/\/atecordoba.org\/wp-content\/uploads\/2023\/01\/20-01-Paritaria-Holmberg2.jpg\" alt=\"\" class=\"wp-image-35471\" srcset=\"https:\/\/atecordoba.org\/wp-content\/uploads\/2023\/01\/20-01-Paritaria-Holmberg2.jpg 1005w, https:\/\/atecordoba.org\/wp-content\/uploads\/2023\/01\/20-01-Paritaria-Holmberg2-300x172.jpg 300w, https:\/\/atecordoba.org\/wp-content\/uploads\/2023\/01\/20-01-Paritaria-Holmberg2-768x439.jpg 768w, https:\/\/atecordoba.org\/wp-content\/uploads\/2023\/01\/20-01-Paritaria-Holmberg2-750x429.jpg 750w\" sizes=\"auto, (max-width: 1005px) 100vw, 1005px\" \/><\/figure><\/div>\n\n\n\n<p>La reuni\u00f3n fue mantenida por la Secretaria General de ATE y la CTA Aut\u00f3noma R\u00edo Cuarto, Rafaela Alcoba; el Secretario de Organizaci\u00f3n, Franco Orsato; el Delegado Sergio de Haes y Ana Savini, integrante de la Comisi\u00f3n Directiva de la Seccional, en representaci\u00f3n de ATE; y por parte del Departamento Ejecutivo Municipal, particip\u00f3 el propio Intendente, Miguel Negro.<\/p>\n\n\n\n<p>\u201cEn el Acta-Acuerdo se estableci\u00f3 un aumento del 37,8% para las y los trabajadores municipales, que alcanza a un 94% anual&#8221;, puntualiz\u00f3 Alcoba .\u201cPor otra parte, en marzo las partes iniciar\u00e1n las discusiones salariales del nuevo a\u00f1o\u201d, remarc\u00f3 la Secretaria General de la seccional de ATE.<\/p>\n\n\n\n<div class=\"wp-block-image\"><figure class=\"aligncenter size-full\"><img loading=\"lazy\" decoding=\"async\" width=\"227\" height=\"300\" src=\"https:\/\/atecordoba.org\/wp-content\/uploads\/2023\/01\/20-01-Paritaria-Holmberg.jpg\" alt=\"\" class=\"wp-image-35470\"\/><\/figure><\/div>\n","protected":false},"excerpt":{"rendered":"<p>La reuni\u00f3n fue mantenida por la Secretaria General de ATE y la CTA Aut\u00f3noma R\u00edo Cuarto, Rafaela Alcoba; el Secretario de Organizaci\u00f3n, Franco Orsato; el Delegado Sergio de Haes y Ana Savini, integrante de la Comisi\u00f3n Directiva de la Seccional, en representaci\u00f3n de ATE; y por parte del Departamento Ejecutivo Municipal, particip\u00f3 el propio Intendente, [&hellip;]<\/p>\n","protected":false},"author":6,"featured_media":35471,"comment_status":"open","ping_status":"open","sticky":false,"template":"","format":"standard","meta":{"_exactmetrics_skip_tracking":false,"_exactmetrics_sitenote_active":false,"_exactmetrics_sitenote_note":"","_exactmetrics_sitenote_category":0,"jnews-multi-image_gallery":[],"jnews_single_post":{"subtitle":"La Asociaci\u00f3n Trabajadores del Estado (ATE-CTAA) Seccional R\u00edo Cuarto cerr\u00f3 la Paritaria en la Municipalidad de Santa Catalina de Holmberg con un incremento del 94 por ciento anual.","format":"standard","video":"","gallery":"","source_name":"","source_url":"","via_name":"","via_url":"","override_template":"0","override":[{"template":"1","single_blog_custom":"","parallax":"1","fullscreen":"1","layout":"right-sidebar","sidebar":"default-sidebar","second_sidebar":"default-sidebar","sticky_sidebar":"1","share_position":"top","share_float_style":"share-monocrhome","show_share_counter":"1","show_view_counter":"1","show_featured":"1","show_post_meta":"1","show_post_author":"1","show_post_author_image":"1","show_post_date":"1","post_date_format":"default","post_date_format_custom":"Y\/m\/d","show_post_category":"1","show_post_reading_time":"0","post_reading_time_wpm":"300","show_zoom_button":"0","zoom_button_out_step":"2","zoom_button_in_step":"3","show_post_tag":"1","show_prev_next_post":"1","show_popup_post":"1","number_popup_post":"1","show_author_box":"0","show_post_related":"0","show_inline_post_related":"0"}],"override_image_size":"0","image_override":[{"single_post_thumbnail_size":"crop-500","single_post_gallery_size":"crop-500"}],"trending_post":"0","trending_post_position":"meta","trending_post_label":"Trending","sponsored_post":"0","sponsored_post_label":"Sponsored by","sponsored_post_name":"","sponsored_post_url":"","sponsored_post_logo_enable":"0","sponsored_post_logo":"","sponsored_post_desc":"","disable_ad":"0"},"jnews_primary_category":{"id":""},"jnews_social_meta":{"fb_title":"","fb_description":"","fb_image":"","twitter_title":"","twitter_description":"","twitter_image":""},"jnews_review":[],"enable_review":"0","type":"percentage","name":"","summary":"","brand":"","sku":"","good":[{"good_text":""}],"bad":[{"bad_text":""}],"score_override":"","override_value":"","rating":[{"rating_text":"","rating_number":"10"}],"price":[{"shop":"","price":"","link":"","icon":""}],"jnews_override_counter":{"override_view_counter":"0","view_counter_number":"0","override_share_counter":"0","share_counter_number":"0","override_like_counter":"0","like_counter_number":"0","override_dislike_counter":"0","dislike_counter_number":"0"},"jnews_post_split":{"enable_post_split":"0","post_split":[{"template":"1","tag":"h2","numbering":"asc","mode":"normal","first":"0","enable_toc":"0","toc_type":"normal"}]},"footnotes":""},"categories":[20,12],"tags":[],"class_list":["post-35469","post","type-post","status-publish","format-standard","has-post-thumbnail","hentry","category-municipales","category-rio-cuarto"],"jetpack_featured_media_url":"https:\/\/atecordoba.org\/wp-content\/uploads\/2023\/01\/20-01-Paritaria-Holmberg2.jpg","_links":{"self":[{"href":"https:\/\/atecordoba.org\/index.php?rest_route=\/wp\/v2\/posts\/35469","targetHints":{"allow":["GET"]}}],"collection":[{"href":"https:\/\/atecordoba.org\/index.php?rest_route=\/wp\/v2\/posts"}],"about":[{"href":"https:\/\/atecordoba.org\/index.php?rest_route=\/wp\/v2\/types\/post"}],"author":[{"embeddable":true,"href":"https:\/\/atecordoba.org\/index.php?rest_route=\/wp\/v2\/users\/6"}],"replies":[{"embeddable":true,"href":"https:\/\/atecordoba.org\/index.php?rest_route=%2Fwp%2Fv2%2Fcomments&post=35469"}],"version-history":[{"count":3,"href":"https:\/\/atecordoba.org\/index.php?rest_route=\/wp\/v2\/posts\/35469\/revisions"}],"predecessor-version":[{"id":35475,"href":"https:\/\/atecordoba.org\/index.php?rest_route=\/wp\/v2\/posts\/35469\/revisions\/35475"}],"wp:featuredmedia":[{"embeddable":true,"href":"https:\/\/atecordoba.org\/index.php?rest_route=\/wp\/v2\/media\/35471"}],"wp:attachment":[{"href":"https:\/\/atecordoba.org\/index.php?rest_route=%2Fwp%2Fv2%2Fmedia&parent=35469"}],"wp:term":[{"taxonomy":"category","embeddable":true,"href":"https:\/\/atecordoba.org\/index.php?rest_route=%2Fwp%2Fv2%2Fcategories&post=35469"},{"taxonomy":"post_tag","embeddable":true,"href":"https:\/\/atecordoba.org\/index.php?rest_route=%2Fwp%2Fv2%2Ftags&post=35469"}],"curies":[{"name":"wp","href":"https:\/\/api.w.org\/{rel}","templated":true}]}}