{"id":35427,"date":"2023-01-18T12:46:14","date_gmt":"2023-01-18T15:46:14","guid":{"rendered":"https:\/\/atecordoba.org\/?p=35427"},"modified":"2023-01-18T12:48:12","modified_gmt":"2023-01-18T15:48:12","slug":"el-desafio-de-los-movimientos-sociales-hoy-desde-la-optica-del-mst-de-brasil","status":"publish","type":"post","link":"https:\/\/atecordoba.org\/?p=35427","title":{"rendered":"El desaf\u00edo de los movimientos sociales hoy desde la \u00f3ptica del MST de Brasil"},"content":{"rendered":"\n<div class=\"wp-block-image\"><figure class=\"aligncenter size-full\"><img loading=\"lazy\" decoding=\"async\" width=\"901\" height=\"507\" src=\"https:\/\/atecordoba.org\/wp-content\/uploads\/2023\/01\/Portada-nota-brasil-MST-Ceres-1.jpg\" alt=\"\" class=\"wp-image-35430\" srcset=\"https:\/\/atecordoba.org\/wp-content\/uploads\/2023\/01\/Portada-nota-brasil-MST-Ceres-1.jpg 901w, https:\/\/atecordoba.org\/wp-content\/uploads\/2023\/01\/Portada-nota-brasil-MST-Ceres-1-300x169.jpg 300w, https:\/\/atecordoba.org\/wp-content\/uploads\/2023\/01\/Portada-nota-brasil-MST-Ceres-1-768x432.jpg 768w, https:\/\/atecordoba.org\/wp-content\/uploads\/2023\/01\/Portada-nota-brasil-MST-Ceres-1-750x422.jpg 750w\" sizes=\"auto, (max-width: 901px) 100vw, 901px\" \/><\/figure><\/div>\n\n\n\n<p>El Movimiento de los Trabajadores Rurales Sin Tierra (en portugu\u00e9s, <em>Movimento dos Trabalhadores Rurais Sem Terra<\/em>), abreviado MST, es un movimiento pol\u00edtico-social brasile\u00f1o que nuclea a unos 500 mil campesinos y campesinas con tierra y otros 80 mil sin tierra -distribuidos en asentamientos y tomas de tierra- a lo largo y ancho de todo el territorio brasile\u00f1o. El hoy considerado como uno de los movimientos sociales m\u00e1s grandes del mundo, &#8220;surge a fines de los a\u00f1os 70 como una herramienta de lucha por la democratizaci\u00f3n de nuestro pa\u00eds que se encontraba en una Dictadura que finalmente ocup\u00f3 poco m\u00e1s de 20 a\u00f1os -desde 1964 a 1985-&#8220;, rememor\u00f3 este martes por la tarde en el programa radial &#8220;Entre Todos y Todas&#8221; de ATE C\u00f3rdoba, Ceres Hadich, miembro de la direcci\u00f3n nacional del MST de Brasil. &#8220;Nacemos peleando por la democracia en el campo que no es m\u00e1s que la lucha por la tierra, por la Reforma Agraria y la transformaci\u00f3n social. Nos consideramos una pieza m\u00e1s en la historia de la lucha por la tierra a lo largo de los siglos que han dado nuestros pueblos&#8221;, expres\u00f3 Hadich.<\/p>\n\n\n\n<p><strong>Desde la conquista y luego con el desarrollo del capitalismo, nuestro sur global ha sido desarrollado por los pa\u00edses centrales de manera casi exclusiva como productor de materias primas y productos primarios, con las consabidas consecuencias en las poblaciones rurales, en el ambiente. Esa es una tendencia que se ha mantenido -e incluso profundizado- con la llegada de los gobiernos progresistas a los cuales hemos acompa\u00f1ado los movimientos populares de las \u00faltimas dos d\u00e9cadas en nuestros pa\u00edses. \u00bfC\u00f3mo analizan desde el MST esta historia pol\u00edtica y econ\u00f3mica reciente desde el punto de vista de los objetivos de la organizaci\u00f3n?<\/strong><br>Nacimos como herederos de una concepci\u00f3n de desarrollo para nuestro pais contraria a la de la producci\u00f3n orientada a la exportaci\u00f3n. La &#8220;vocaci\u00f3n agr\u00edcola&#8221; de Brasil que sigue las necesidades del mercado global de las commodities es una mixtura entre ese latifundio retrasado de la \u00e9poca colonial y la incorporaci\u00f3n del paquete tecnol\u00f3gico de \u00faltima generaci\u00f3n para los cultivos industriales, que vienen de la mano del capital financiero y todas las fuerzas del capital en el campo. La hegemon\u00eda del agronegocio en nuestro campo se explica desde all\u00ed. La cuesti\u00f3n es que ni el latifundio retrasado ni el modelo del agro moderno son capaces de resolver las problem\u00e1ticas fundamentales de nuestra sociedad: el combate al hambre, la democratizaci\u00f3n del campo, el fin de las violencias que ejerce este modelo de producci\u00f3n, etc. Seguimos afirmando nuestra lucha alrededor de la Reforma Agraria Popular como modelo que se opone al del agronegocio y que s\u00ed tiene la potencia capaz de resolver los verdaderos problemas de la humanidad.<\/p>\n\n\n<p><iframe loading=\"lazy\" width=\"100%\" height=\"175px\" scrolling=\"no\" frameborder=\"no\" src=\"\/\/ar.radiocut.fm\/audiocut\/embed\/hori\/movimiento-sin-tierra-brasil-entrevista-a-ceres-hadich-miembro-direccion-nacional\/\"><\/iframe><\/p>\n\n\n\n<p><\/p>\n\n\n\n<p><strong>\u00bfCu\u00e1l es el programa de alianzas sociales (m\u00e1s all\u00e1 de las alianzas pol\u00edticas) que plantea el MST para construir el poder real que le permita ir hacia esa Reforma Agraria Popular de la que hablan?<br><\/strong>Hace muchos a\u00f1os ya que nosotros comprendimos que la Reforma Agraria no pod\u00eda ser solo una lucha de los sin tierra o de los campesinos y sus familias. Para que esta Reforma pueda hacerse con resultados satisfactorios tanto en lo econ\u00f3mico, productivo y en los pol\u00edtico y social de las comunidades, necesita hacerse vinculada a la lucha, a la vida, de todas las expresiones de la clase trabajadora en lucha. As\u00ed, cuando profundizamos el an\u00e1lisis de las transformaciones estructurales en el campo -hoy signadas por el agronegocio, como dijimos-, empezamos a plantear un concepto de Reforma Agraria Popular que m\u00e1s que luchar por la democratizaci\u00f3n y acceso a la tierra, lo que necesitamos es un proyecto social que incluya al campo brasile\u00f1o y que sea capaz de acumular fuerzas con todos los sujetos de la clase trabajadora, no solo de los campesinos. Hoy, por las transformaciones que dijimos, es solo una peque\u00f1a parte de nuestra clase la que sigue en el campo, la gran parte del Pueblo hoy est\u00e1 en las ciudades.<br>Adem\u00e1s, las perspectivas de la Reforma Agraria hoy van m\u00e1s all\u00e1 del acceso de la tierra: los frutos reales de esta alcanzan masivamente a toda la sociedad brasilera. El objetivo de nuestra Reforma Agraria es producir comida de verdad para todos y para todas, por eso alcanza al conjunto del pueblo, no a una parte, las alianzas.<br>Necesitamos producir relaciones sociales, econ\u00f3micas, culturales distintas para poder producir, tambi\u00e9n, una humanidad distinta. Y el camino de construcci\u00f3n de la Reforma Agraria Popular es el camino de la construcci\u00f3n de poder popular.<\/p>\n\n\n\n<div class=\"wp-block-image\"><figure class=\"alignright size-large is-resized\"><img loading=\"lazy\" decoding=\"async\" src=\"https:\/\/atecordoba.org\/wp-content\/uploads\/2023\/01\/17-01-Placa-entrevistada-brasil2-1024x1024.jpg\" alt=\"\" class=\"wp-image-35428\" width=\"496\" height=\"496\" srcset=\"https:\/\/atecordoba.org\/wp-content\/uploads\/2023\/01\/17-01-Placa-entrevistada-brasil2-1024x1024.jpg 1024w, https:\/\/atecordoba.org\/wp-content\/uploads\/2023\/01\/17-01-Placa-entrevistada-brasil2-300x300.jpg 300w, https:\/\/atecordoba.org\/wp-content\/uploads\/2023\/01\/17-01-Placa-entrevistada-brasil2-150x150.jpg 150w, https:\/\/atecordoba.org\/wp-content\/uploads\/2023\/01\/17-01-Placa-entrevistada-brasil2-768x769.jpg 768w, https:\/\/atecordoba.org\/wp-content\/uploads\/2023\/01\/17-01-Placa-entrevistada-brasil2-560x560.jpg 560w, https:\/\/atecordoba.org\/wp-content\/uploads\/2023\/01\/17-01-Placa-entrevistada-brasil2-75x75.jpg 75w, https:\/\/atecordoba.org\/wp-content\/uploads\/2023\/01\/17-01-Placa-entrevistada-brasil2-350x350.jpg 350w, https:\/\/atecordoba.org\/wp-content\/uploads\/2023\/01\/17-01-Placa-entrevistada-brasil2-750x751.jpg 750w, https:\/\/atecordoba.org\/wp-content\/uploads\/2023\/01\/17-01-Placa-entrevistada-brasil2.jpg 1080w\" sizes=\"auto, (max-width: 496px) 100vw, 496px\" \/><\/figure><\/div>\n\n\n\n<p><strong>La relaci\u00f3n con los gobiernos progresistas y las alianzas policlasistas de las cuales formamos parte en estas \u00faltimas d\u00e9cadas los movimientos sociales, ha sido un punto de debate fuerte de nuestras organizaciones, sobre todo porque en estas alianzas nuestros objetivos no son, muchas veces, los que conducen los procresos. En ese marco, \u00bfcu\u00e1l es el an\u00e1lisis de la participaci\u00f3n en el proceso electoral por parte del MST en apoyo a Lula y al PT?<br><\/strong>Cuando surgimos a finales de los a\u00f1os 70\u00b4, tambi\u00e9n surgieron otros frentes de construcci\u00f3n de acci\u00f3n popular en nuestro pa\u00eds como la Central \u00danica de Trabajadores (CUT) y el propio Partido de los Trabajadores (PT). Buscamos siempre sostener nuestra autonom\u00eda pol\u00edtica frente a los gobiernos, pero tampoco nos aislamos o dejamos de trabajar en el debate pol\u00edtico a lo largo de estos a\u00f1os de construcci\u00f3n. De hecho, a lo largo de los a\u00f1os de gobierno tanto de Lula como de Dilma, tuvimos muchas discusiones con el PT, pero siempre con el \u00e1nimo de construir y fortalecer la posici\u00f3n popular.<br>Tras el impeachment a la ex-presidenta Dilma Roussef, nuestro movimiento vivi\u00f3 fuertemente las consecuencias de vivir sin democracia, primero con el gobierno golpista de Temer y luego con el neofascista de Bolsonaro.<br>Durante nuestras 4 d\u00e9cadas de trabajo, la democracia ha sido una condici\u00f3n b\u00e1sica para nuestro trabajo de construcci\u00f3n de poder popular. \u00b4<br>Con mucha m\u00e1s claridad el a\u00f1o pasado especialmente, con nuestro trabajo de base y en las poblaciones y comit\u00e9s populares, organizamos el debate e incluso las candidaturas propias en el escenario electoral. Ten\u00edamos que derrotar el golpe tambi\u00e9n en las urnas, demostrar que la mayor parte de nuestra sociedad no pacta con el fascismo, la violencia, la muerte. Nuestro apoyo a Lula fue en el marco e una iniciativa de reconstrucci\u00f3n y fortalecimiento de la democracia, con posiciones propias y en alianza con otros actores con los que coincidimos en este objetivo fundamental.<br>Tras lograr la clara victoria electoral y pol\u00edtica, el paso gigante ahora es hacer de este gobierno un gobierno popular, a la izquierda, que venga al encuentro de las necesidades y sue\u00f1os de nuestra gente que tanto ha sufrido en los \u00faltimos a\u00f1os producto de la miseria, el desempleo, la violencia, el hambre y que ya no puede m\u00e1s. Hay una esperanza muy grande en nuestro pa\u00eds y como MST estamos dispuestos a fortalecer este gobierno para que pueda aumentar sus fuerzas y tomar posiciones populares en favor de la clase trabajadora como un todo.<\/p>\n\n\n\n<p><strong>Es innegable que el imperio yanqui ha vuelto nuevamente su mirada hacia su &#8220;patio trasero&#8221; que es latinoam\u00e9rica. Tambi\u00e9n es innegable que hay una disputa interimperialista a nivel global que podemos resumir en el enfrentamiento del unipolarismo yanqui -con su proyecto neoliberal continentalista comandado por el Comando Sur y los capitales retrasados de asiento norteamericano- versus el bloque globalista comandado fundamentalmente por China y sus iniciativas de desarrollo como la Ruta de la Seda. Pareciera ser que ambos polos del enfrentamiento orientan a nuestro subcontinente a la primarizaci\u00f3n de nuestras econom\u00edas. En ese marco, \u00bfc\u00f3mo analizan la cuesti\u00f3n geopol\u00edtica desde el MST?\u00bfqu\u00e9 posici\u00f3n debemos tomar los pueblos?<br><\/strong>En este marco de crisis estructural -que no debe confundirse con terminal- del sistema capitalista lo que est\u00e1 en disputa es cu\u00e1l ser\u00e1 la potencia que dictar\u00e1 las reglas para el pr\u00f3ximo per\u00edodo. Es verdad que no queremos que el imperialismo de los Estados Unidos, su capitalismo, que nos est\u00e1 llevando a una crisis civilizatoria profunda, rija nuestros destinos. En esta l\u00f3gica el capitalismo no puede seguir: en esta l\u00f3gica de desarrollo sabemos que vamos inevitablemente hacia el fin del mundo.<br>Pero tampoco vemos claro que China nos est\u00e9 proponiendo un proyecto de desarrollo de liberaci\u00f3n. Somos pa\u00edses subdesarrollados y es en esa l\u00f3gica que los pa\u00edses desarrollados nos necesitan. Hay que reconocer que en los Gobiernos del PT el BRICS cumpli\u00f3 un papel muy importante construyendo otros marcos de acuerdos para las propuestas de integraci\u00f3n de los pa\u00edses centrales con los pa\u00edses menos desarrollados.<br>La discusi\u00f3n del poder popular, sin desonocer este otro marco de cosas, debe pasar, sin embargo por que nuestros pueblos latinoamericanos luchen integralmente y en unidad en todo el continente. Construyan ese continentalismo popular que nos coloque no en una condici\u00f3n de disputa sino en una condici\u00f3n de autonom\u00eda de proyectos, respetando nuestra gran diversidad. Debemos enfrentar y derrotar al imperialismo y al imperialismo y, al mismo tiempo que hacemos estas luchas de autodeterminaci\u00f3n territorial y cultural en nuestros pa\u00edses, pero a la vez no perder la capacidad de so\u00f1ar y construir el proyecto latinoamericanista que es donde est\u00e1 nuestra fuerza ancestral de resistencia y nuestro pase al futuro.<\/p>\n","protected":false},"excerpt":{"rendered":"<p>El Movimiento de los Trabajadores Rurales Sin Tierra (en portugu\u00e9s, Movimento dos Trabalhadores Rurais Sem Terra), abreviado MST, es un movimiento pol\u00edtico-social brasile\u00f1o que nuclea a unos 500 mil campesinos y campesinas con tierra y otros 80 mil sin tierra -distribuidos en asentamientos y tomas de tierra- a lo largo y ancho de todo el [&hellip;]<\/p>\n","protected":false},"author":6,"featured_media":35430,"comment_status":"open","ping_status":"open","sticky":false,"template":"","format":"standard","meta":{"_exactmetrics_skip_tracking":false,"_exactmetrics_sitenote_active":false,"_exactmetrics_sitenote_note":"","_exactmetrics_sitenote_category":0,"jnews-multi-image_gallery":[],"jnews_single_post":{"subtitle":"ATE C\u00f3rdoba entrevist\u00f3 a Ceres Hadich, integrante de la direcci\u00f3n nacional del Movimiento de los Trabajadores Rurales Sin Tierra (MST) de Brasil. Hadich analiza las posiciones del campo popular ante la crisis estructural del sistema capitalista y el panorama pol\u00edtico tras las elecciones que llevaron nuevamente al PT al Gobierno del vecino pa\u00eds.","format":"standard","video":"","gallery":"","source_name":"","source_url":"","via_name":"","via_url":"","override_template":"0","override":[{"template":"1","single_blog_custom":"","parallax":"1","fullscreen":"1","layout":"right-sidebar","sidebar":"default-sidebar","second_sidebar":"default-sidebar","sticky_sidebar":"1","share_position":"top","share_float_style":"share-monocrhome","show_share_counter":"1","show_view_counter":"1","show_featured":"1","show_post_meta":"1","show_post_author":"1","show_post_author_image":"1","show_post_date":"1","post_date_format":"default","post_date_format_custom":"Y\/m\/d","show_post_category":"1","show_post_reading_time":"0","post_reading_time_wpm":"300","show_zoom_button":"0","zoom_button_out_step":"2","zoom_button_in_step":"3","show_post_tag":"1","show_prev_next_post":"1","show_popup_post":"1","number_popup_post":"1","show_author_box":"0","show_post_related":"0","show_inline_post_related":"0"}],"override_image_size":"0","image_override":[{"single_post_thumbnail_size":"crop-500","single_post_gallery_size":"crop-500"}],"trending_post":"0","trending_post_position":"meta","trending_post_label":"Trending","sponsored_post":"0","sponsored_post_label":"Sponsored by","sponsored_post_name":"","sponsored_post_url":"","sponsored_post_logo_enable":"0","sponsored_post_logo":"","sponsored_post_desc":"","disable_ad":"0"},"jnews_primary_category":{"id":""},"jnews_social_meta":{"fb_title":"","fb_description":"","fb_image":"","twitter_title":"","twitter_description":"","twitter_image":""},"jnews_review":[],"enable_review":"0","type":"percentage","name":"","summary":"","brand":"","sku":"","good":[{"good_text":""}],"bad":[{"bad_text":""}],"score_override":"","override_value":"","rating":[{"rating_text":"","rating_number":"10"}],"price":[{"shop":"","price":"","link":"","icon":""}],"jnews_override_counter":{"override_view_counter":"0","view_counter_number":"0","override_share_counter":"0","share_counter_number":"0","override_like_counter":"0","like_counter_number":"0","override_dislike_counter":"0","dislike_counter_number":"0"},"jnews_post_split":{"enable_post_split":"0","post_split":[{"template":"1","tag":"h2","numbering":"asc","mode":"normal","first":"0","enable_toc":"0","toc_type":"normal"}]},"footnotes":""},"categories":[10,129,108],"tags":[],"class_list":["post-35427","post","type-post","status-publish","format-standard","has-post-thumbnail","hentry","category-accion-politica","category-clate","category-internacional"],"jetpack_featured_media_url":"https:\/\/atecordoba.org\/wp-content\/uploads\/2023\/01\/Portada-nota-brasil-MST-Ceres-1.jpg","_links":{"self":[{"href":"https:\/\/atecordoba.org\/index.php?rest_route=\/wp\/v2\/posts\/35427","targetHints":{"allow":["GET"]}}],"collection":[{"href":"https:\/\/atecordoba.org\/index.php?rest_route=\/wp\/v2\/posts"}],"about":[{"href":"https:\/\/atecordoba.org\/index.php?rest_route=\/wp\/v2\/types\/post"}],"author":[{"embeddable":true,"href":"https:\/\/atecordoba.org\/index.php?rest_route=\/wp\/v2\/users\/6"}],"replies":[{"embeddable":true,"href":"https:\/\/atecordoba.org\/index.php?rest_route=%2Fwp%2Fv2%2Fcomments&post=35427"}],"version-history":[{"count":5,"href":"https:\/\/atecordoba.org\/index.php?rest_route=\/wp\/v2\/posts\/35427\/revisions"}],"predecessor-version":[{"id":35435,"href":"https:\/\/atecordoba.org\/index.php?rest_route=\/wp\/v2\/posts\/35427\/revisions\/35435"}],"wp:featuredmedia":[{"embeddable":true,"href":"https:\/\/atecordoba.org\/index.php?rest_route=\/wp\/v2\/media\/35430"}],"wp:attachment":[{"href":"https:\/\/atecordoba.org\/index.php?rest_route=%2Fwp%2Fv2%2Fmedia&parent=35427"}],"wp:term":[{"taxonomy":"category","embeddable":true,"href":"https:\/\/atecordoba.org\/index.php?rest_route=%2Fwp%2Fv2%2Fcategories&post=35427"},{"taxonomy":"post_tag","embeddable":true,"href":"https:\/\/atecordoba.org\/index.php?rest_route=%2Fwp%2Fv2%2Ftags&post=35427"}],"curies":[{"name":"wp","href":"https:\/\/api.w.org\/{rel}","templated":true}]}}