{"id":35400,"date":"2023-01-12T12:21:10","date_gmt":"2023-01-12T15:21:10","guid":{"rendered":"https:\/\/atecordoba.org\/?p=35400"},"modified":"2023-01-12T12:32:25","modified_gmt":"2023-01-12T15:32:25","slug":"no-a-los-despidos-en-atanor","status":"publish","type":"post","link":"https:\/\/atecordoba.org\/?p=35400","title":{"rendered":"\u00a1No a los despidos en ATANOR R\u00edo Tercero!"},"content":{"rendered":"\n<div class=\"wp-block-image\"><figure class=\"aligncenter size-full\"><img loading=\"lazy\" decoding=\"async\" width=\"900\" height=\"687\" src=\"https:\/\/atecordoba.org\/wp-content\/uploads\/2023\/01\/No-despidos-ATNOR.jpg\" alt=\"\" class=\"wp-image-35401\" srcset=\"https:\/\/atecordoba.org\/wp-content\/uploads\/2023\/01\/No-despidos-ATNOR.jpg 900w, https:\/\/atecordoba.org\/wp-content\/uploads\/2023\/01\/No-despidos-ATNOR-300x229.jpg 300w, https:\/\/atecordoba.org\/wp-content\/uploads\/2023\/01\/No-despidos-ATNOR-768x586.jpg 768w, https:\/\/atecordoba.org\/wp-content\/uploads\/2023\/01\/No-despidos-ATNOR-750x573.jpg 750w\" sizes=\"auto, (max-width: 900px) 100vw, 900px\" \/><figcaption>ATE y la CTA-A de la Provincia de C\u00f3rdoba, as\u00ed como la Verde ANUSATE de R\u00edo Tercero, manifiestan su solidaridad y apoyo con la lucha del SPIQyP Rio III por la reincorporaci\u00f3n de los despedidos y despedidas<\/figcaption><\/figure><\/div>\n\n\n\n<p>&#8220;Atanor informa la desvinculaci\u00f3n de 24 colaboradores en su \u00e1rea industrial, pertenecientes a la planta de R\u00edo Tercero&#8221; comienza el comunicado oficial de la empresa productora de qu\u00edmicos y agroqu\u00edmicos. Sabemos -porque tambi\u00e9n lo hemos vivido y vivimos en carne propia- lo que significan esas palabras en la familia de cada trabajador y trabajadora despedida, en la mesa de todos los d\u00edas, en la cabeza de quienes quedaron adentro sin saber por qu\u00e9 y cu\u00e1ndo puede tocarle el despido. Porque con estas mafias empresarias uno nunca sabe. O s\u00ed, siempre sabemos que son capaces de todo y por eso la solidaridad para con los compa\u00f1eros y compa\u00f1eras del Sindicato del Personal de Industrias Qu\u00edmicas y Petroqu\u00edmicas de Rio Tercero (SPIQyP Rio III) que se encuentran resistiendo este nuevo embate patronal. Su lucha es nuestra lucha, es la lucha de una clase que pelea por la dignidad.<\/p>\n\n\n\n<p>Conocemos el cinismo de estos empresarios que hablan de &#8220;desvinculaci\u00f3n&#8221; en lugar de &#8220;despidos&#8221; y de &#8220;colaboradores&#8221; en lugar de &#8220;trabajadores&#8221; porque pretenden manejar con las palabras nuestras cabezas y desarmar nuestros brazos y la disposici\u00f3n a la lucha por lo que nos corresponde manipulando la realidad con el lenguaje. Y, claro est\u00e1, con la propiedad de los medios de producci\u00f3n: Conocemos al cowboy Dennis Albaugh, que comenz\u00f3 arriba de un auto como distribuidor de agroqu\u00edmicos en los 80\u00b4 en los Estados Unidos, se &#8220;expandi\u00f3&#8221; all\u00e1, y se convirti\u00f3 en due\u00f1o de ATANOR desde 1997 cuando con solo 1 mill\u00f3n de d\u00f3lares propios y 58 millones &#8220;prestados&#8221; por el Banco de Quilmes, el Rep\u00fablica y el Societ\u00e9 G\u00e9n\u00e9rale (maniobra que tiene todos los condimentos oscuros de los &#8220;negociados&#8221; en la &#8220;fiesta&#8221; neoliberal -de unos pocos- del menemato) le compr\u00f3 la empresa a otros tipos conocidos por nosotras y nosotros, los Bunge &amp; Born, due\u00f1os de Molinos R\u00edo de la Plata hasta finales de los 90\u00b4s, cuando se lo vendieron a otros conocidos (de ellos y nuestros), los P\u00e9rez Companc. &#8220;Caprichos&#8221; de la historia, &#8220;cosas del destino&#8221;: entre otras causas por delitos de lesa humanidad que han debido enfrentar los integrantes del directorio de quienes eran due\u00f1os de ATANOR, los Bunge &amp; Born, se encuentran la desaparici\u00f3n de 24 trabajadores\/as de Molinos R\u00edo de la Plata entre los a\u00f1os 1976 y 1978 (entre quienes se encuentran la esposa de un trabajador y su hija). Coincidencias y ra\u00edces comunes.<\/p>\n\n\n\n<p>Albaugh hizo su fortuna verdadera en nuestras tierras, sobre la historia negra de la desaparici\u00f3n d enuestros compa\u00f1eros y compa\u00f1eras, con los brazos y los cerebros de miles de trabajadores\/as incorporados a los procesos de producci\u00f3n, con los agrot\u00f3xicos desparramados en nuestra tierra, con la expulsi\u00f3n de los peque\u00f1os productores y el envenenamiento de nuestros alimentos. Albaugh se hizo verdaderamente rico produciendo vendiendo glifosato en el mercado local y exportando al mundo. Hoy es el due\u00f1o de una multinacional aliada -como todas estas corporaciones- con otras tantas empresas globales que permiten que el grupo opere en 4 continentes produciendo y comercializando fundamentalmente glifosato, atrazina, el herbicida 2 4-D, dicamba, fungicidas a base de cobre, entre otras decenas de productos qu\u00edmicos y agroqu\u00edmicos.<\/p>\n\n\n\n<p>La historia y el presente de ATANOR nos demuestran c\u00f3mo ellos han luchado juntos para moldear un mundo -de negocios, pero un mundo en s\u00ed tambi\u00e9n- a la medida de sus intereses.<\/p>\n\n\n\n<p>Nuestra historia y nuestro presente deben guiarnos para construir esa Patria con Justicia Social, Independencia Econ\u00f3mica y Soberan\u00eda Pol\u00edtica, banderas inclaudicables para lograr la segunda y definitiva independencia. Independencia donde estos tipos dejen de ser due\u00f1os de nuestro destino. Independencia donde decidamos qui\u00e9nes, cu\u00e1ndo y c\u00f3mo producir todo lo que necesitamos para la felicidad de nuestros pueblos.<\/p>\n\n\n\n<p><strong>Es con las y los laburantes adentro de la planta.<\/strong><\/p>\n\n\n\n<p><strong>\u00a1\u00a1NI UN DESPIDO EN ATANOR R\u00cdO TERCERO!!<\/strong><\/p>\n\n\n\n<p><strong>\u00a1\u00a1SI TOCAN A UNO, TOCAN A TODOS!!<\/strong><\/p>\n\n\n\n<p class=\"has-text-align-center\"><strong>FEDERICO GIULIANI<\/strong><\/p>\n\n\n\n<p class=\"has-text-align-center\"><strong>SECRETARIO GENERAL DE LA CENTRAL DE LAS Y LOS TRABAJADORES\/AS DE LA REP\u00daBLICA ARGENTINA &#8211; PROVINCIA DE C\u00d3RDOBA (CTA-A C\u00f3rdoba)<\/strong> <strong>y de la LA ASOCIACI\u00d3N TRABAJADORES DEL ESTADO &#8211; CDP C\u00d3RDOBA<\/strong><\/p>\n","protected":false},"excerpt":{"rendered":"<p>&#8220;Atanor informa la desvinculaci\u00f3n de 24 colaboradores en su \u00e1rea industrial, pertenecientes a la planta de R\u00edo Tercero&#8221; comienza el comunicado oficial de la empresa productora de qu\u00edmicos y agroqu\u00edmicos. Sabemos -porque tambi\u00e9n lo hemos vivido y vivimos en carne propia- lo que significan esas palabras en la familia de cada trabajador y trabajadora despedida, [&hellip;]<\/p>\n","protected":false},"author":6,"featured_media":35401,"comment_status":"open","ping_status":"open","sticky":false,"template":"","format":"standard","meta":{"_exactmetrics_skip_tracking":false,"_exactmetrics_sitenote_active":false,"_exactmetrics_sitenote_note":"","_exactmetrics_sitenote_category":0,"jnews-multi-image_gallery":[],"jnews_single_post":{"subtitle":"ATE y la CTA-A de la Provincia de C\u00f3rdoba, as\u00ed como la Verde ANUSATE de R\u00edo Tercero, manifiestan su solidaridad y apoyo con la lucha del SPIQyP Rio III por la reincorporaci\u00f3n de los despedidos y despedidas.","format":"standard","video":"","gallery":"","source_name":"","source_url":"","via_name":"","via_url":"","override_template":"0","override":[{"template":"1","single_blog_custom":"","parallax":"1","fullscreen":"1","layout":"right-sidebar","sidebar":"default-sidebar","second_sidebar":"default-sidebar","sticky_sidebar":"1","share_position":"top","share_float_style":"share-monocrhome","show_share_counter":"1","show_view_counter":"1","show_featured":"1","show_post_meta":"1","show_post_author":"1","show_post_author_image":"1","show_post_date":"1","post_date_format":"default","post_date_format_custom":"Y\/m\/d","show_post_category":"1","show_post_reading_time":"0","post_reading_time_wpm":"300","show_zoom_button":"0","zoom_button_out_step":"2","zoom_button_in_step":"3","show_post_tag":"1","show_prev_next_post":"1","show_popup_post":"1","number_popup_post":"1","show_author_box":"0","show_post_related":"0","show_inline_post_related":"0"}],"override_image_size":"0","image_override":[{"single_post_thumbnail_size":"crop-500","single_post_gallery_size":"crop-500"}],"trending_post":"0","trending_post_position":"meta","trending_post_label":"Trending","sponsored_post":"0","sponsored_post_label":"Sponsored by","sponsored_post_name":"","sponsored_post_url":"","sponsored_post_logo_enable":"0","sponsored_post_logo":"","sponsored_post_desc":"","disable_ad":"0"},"jnews_primary_category":{"id":""},"jnews_social_meta":{"fb_title":"","fb_description":"","fb_image":"","twitter_title":"","twitter_description":"","twitter_image":""},"jnews_review":[],"enable_review":"0","type":"percentage","name":"","summary":"","brand":"","sku":"","good":[{"good_text":""}],"bad":[{"bad_text":""}],"score_override":"","override_value":"","rating":[{"rating_text":"","rating_number":"10"}],"price":[{"shop":"","price":"","link":"","icon":""}],"jnews_override_counter":{"override_view_counter":"0","view_counter_number":"0","override_share_counter":"0","share_counter_number":"0","override_like_counter":"0","like_counter_number":"0","override_dislike_counter":"0","dislike_counter_number":"0"},"jnews_post_split":{"enable_post_split":"0","post_split":[{"template":"1","tag":"h2","numbering":"asc","mode":"normal","first":"0","enable_toc":"0","toc_type":"normal"}]},"footnotes":""},"categories":[75,53,341,92],"tags":[],"class_list":["post-35400","post","type-post","status-publish","format-standard","has-post-thumbnail","hentry","category-accion-social","category-comunicados-de-prensa","category-cdp","category-cta"],"jetpack_featured_media_url":"https:\/\/atecordoba.org\/wp-content\/uploads\/2023\/01\/No-despidos-ATNOR.jpg","_links":{"self":[{"href":"https:\/\/atecordoba.org\/index.php?rest_route=\/wp\/v2\/posts\/35400","targetHints":{"allow":["GET"]}}],"collection":[{"href":"https:\/\/atecordoba.org\/index.php?rest_route=\/wp\/v2\/posts"}],"about":[{"href":"https:\/\/atecordoba.org\/index.php?rest_route=\/wp\/v2\/types\/post"}],"author":[{"embeddable":true,"href":"https:\/\/atecordoba.org\/index.php?rest_route=\/wp\/v2\/users\/6"}],"replies":[{"embeddable":true,"href":"https:\/\/atecordoba.org\/index.php?rest_route=%2Fwp%2Fv2%2Fcomments&post=35400"}],"version-history":[{"count":3,"href":"https:\/\/atecordoba.org\/index.php?rest_route=\/wp\/v2\/posts\/35400\/revisions"}],"predecessor-version":[{"id":35405,"href":"https:\/\/atecordoba.org\/index.php?rest_route=\/wp\/v2\/posts\/35400\/revisions\/35405"}],"wp:featuredmedia":[{"embeddable":true,"href":"https:\/\/atecordoba.org\/index.php?rest_route=\/wp\/v2\/media\/35401"}],"wp:attachment":[{"href":"https:\/\/atecordoba.org\/index.php?rest_route=%2Fwp%2Fv2%2Fmedia&parent=35400"}],"wp:term":[{"taxonomy":"category","embeddable":true,"href":"https:\/\/atecordoba.org\/index.php?rest_route=%2Fwp%2Fv2%2Fcategories&post=35400"},{"taxonomy":"post_tag","embeddable":true,"href":"https:\/\/atecordoba.org\/index.php?rest_route=%2Fwp%2Fv2%2Ftags&post=35400"}],"curies":[{"name":"wp","href":"https:\/\/api.w.org\/{rel}","templated":true}]}}