{"id":3540,"date":"2013-11-07T18:56:36","date_gmt":"2013-11-07T21:56:36","guid":{"rendered":"http:\/\/www.atecordoba.org\/?p=3540"},"modified":"2013-11-07T18:56:36","modified_gmt":"2013-11-07T21:56:36","slug":"unc-ate-comunico-el-pedido-ingreso-a-la-paritaria-no-docente","status":"publish","type":"post","link":"https:\/\/atecordoba.org\/?p=3540","title":{"rendered":"UNC: ATE comunic\u00f3 el pedido ingreso a la paritaria no docente"},"content":{"rendered":"<p><em>En una nota dirigida al Ministerio de Trabajo de la Naci\u00f3n, el Consejo Directivo Provincial solicit\u00f3 nuestra participaci\u00f3n en la Comisi\u00f3n Negociadora del Convenio Colectivo de Trabajo del sector no docente de nivel local de la Universidad Nacional de C\u00f3rdoba.<\/em><\/p>\n<p style=\"text-align: center;\"><a href=\"http:\/\/www.atecordoba.org\/wp-content\/uploads\/2013\/11\/unc_bandera-ATE.png\"><img loading=\"lazy\" decoding=\"async\" class=\"aligncenter  wp-image-3541\" alt=\"unc_bandera ATE\" src=\"http:\/\/www.atecordoba.org\/wp-content\/uploads\/2013\/11\/unc_bandera-ATE.png\" width=\"560\" height=\"420\" \/><\/a><\/p>\n<p style=\"text-align: left;\">Con el objetivo de iniciar la discusi\u00f3n con las autoridades universitarias sobre la necesidad urgentes de los trabajadores no docentes de la casa de estudios, ATE comunic\u00f3 formalmente al Ministerio de Trabajo de la Naci\u00f3n, autoridad de aplicaci\u00f3n en materia de negociaciones colectivas, el ingreso a la comisi\u00f3n paritaria local \u00a0de la UNC.<\/p>\n<p style=\"text-align: left;\">Entendemos que siendo una entidad sindical con personar\u00eda gremial y \u00e1mbito de representaci\u00f3n personal y territorial en la Universidad Nacional de C\u00f3rdoba, de acuerdo a lo establecido en el art\u00edculo 2 de nuestro estatuto, que fue aprobado por la cartera laboral\u00a0no es posible que se nos excluya de dicha comisi\u00f3n ya que constituye una discriminaci\u00f3n sindical incompatible con el principio de plurirepresentaci\u00f3n y coexistencia de entidades sindicales con personer\u00eda gremial en el sector p\u00fablico.<\/p>\n<p style=\"text-align: left;\">Por lo tanto expresamos que no existe ning\u00fan impedimento legal para ejercer nuestro derecho y el de los compa\u00f1eros afiliados a nuestra organizaci\u00f3n.<\/p>\n<p style=\"text-align: left;\">Son variados los temas que urgen ser tratados, en funci\u00f3n de lo expresado por los trabajadores de las distintas dependencias y unidades acad\u00e9micas, tales como: pase a planta permanente de los compa\u00f1eros contratados, monotributistas y tercerizados; garantizar el principio de &#8216;a igual tarea, igual salario&#8217; ya que hay muchos trabajadores ejerciendo funciones por encima de su categor\u00eda; pago de los adicionales y suplementos a quienes les corresponden y aun no lo perciben; discutir las condiciones de seguridad, higiene y medio ambiente de trabajo; elaborar mecanismos para eliminar la violencia laboral que se ejerce sobre un n\u00famero importante de compa\u00f1eros; falta de personal, entre otros puntos.<\/p>\n<p style=\"text-align: left;\">En consecuencia, este es un paso m\u00e1s para que los trabajadores no docentes tengamos un canal adecuado para la resoluci\u00f3n de nuestros problemas e intereses.<\/p>\n<p style=\"text-align: center;\"><a href=\"http:\/\/www.atecordoba.org\/wp-content\/uploads\/2013\/11\/nota-hoja-1.jpg\"><img loading=\"lazy\" decoding=\"async\" class=\"aligncenter  wp-image-3543\" alt=\"nota hoja 1\" src=\"http:\/\/www.atecordoba.org\/wp-content\/uploads\/2013\/11\/nota-hoja-1.jpg\" width=\"611\" height=\"841\" \/><\/a><\/p>\n<p style=\"text-align: center;\">\n<p style=\"text-align: center;\"><a href=\"http:\/\/www.atecordoba.org\/wp-content\/uploads\/2013\/11\/nota-hoja-2.jpg\"><img loading=\"lazy\" decoding=\"async\" class=\"aligncenter  wp-image-3545\" alt=\"nota hoja 2\" src=\"http:\/\/www.atecordoba.org\/wp-content\/uploads\/2013\/11\/nota-hoja-2.jpg\" width=\"611\" height=\"841\" \/><\/a><\/p>\n","protected":false},"excerpt":{"rendered":"<p>En una nota dirigida al Ministerio de Trabajo de la Naci\u00f3n, el Consejo Directivo Provincial solicit\u00f3 nuestra participaci\u00f3n en la Comisi\u00f3n Negociadora del Convenio Colectivo de Trabajo del sector no docente de nivel local de la Universidad Nacional de C\u00f3rdoba. Con el objetivo de iniciar la discusi\u00f3n con las autoridades universitarias sobre la necesidad urgentes [&hellip;]<\/p>\n","protected":false},"author":1,"featured_media":19220,"comment_status":"open","ping_status":"open","sticky":false,"template":"","format":"standard","meta":{"_exactmetrics_skip_tracking":false,"_exactmetrics_sitenote_active":false,"_exactmetrics_sitenote_note":"","_exactmetrics_sitenote_category":0,"jnews-multi-image_gallery":[],"jnews_single_post":[],"jnews_primary_category":[],"jnews_social_meta":[],"jnews_review":[],"enable_review":"","type":"","name":"","summary":"","brand":"","sku":"","good":[],"bad":[],"score_override":"","override_value":"","rating":[],"price":[],"jnews_override_counter":[],"jnews_post_split":[],"footnotes":""},"categories":[18,89],"tags":[],"class_list":["post-3540","post","type-post","status-publish","format-standard","has-post-thumbnail","hentry","category-nacionales","category-unc"],"jetpack_featured_media_url":"https:\/\/atecordoba.org\/wp-content\/uploads\/2020\/05\/logo-nuevochico-e1561581322808.png","_links":{"self":[{"href":"https:\/\/atecordoba.org\/index.php?rest_route=\/wp\/v2\/posts\/3540","targetHints":{"allow":["GET"]}}],"collection":[{"href":"https:\/\/atecordoba.org\/index.php?rest_route=\/wp\/v2\/posts"}],"about":[{"href":"https:\/\/atecordoba.org\/index.php?rest_route=\/wp\/v2\/types\/post"}],"author":[{"embeddable":true,"href":"https:\/\/atecordoba.org\/index.php?rest_route=\/wp\/v2\/users\/1"}],"replies":[{"embeddable":true,"href":"https:\/\/atecordoba.org\/index.php?rest_route=%2Fwp%2Fv2%2Fcomments&post=3540"}],"version-history":[{"count":0,"href":"https:\/\/atecordoba.org\/index.php?rest_route=\/wp\/v2\/posts\/3540\/revisions"}],"wp:featuredmedia":[{"embeddable":true,"href":"https:\/\/atecordoba.org\/index.php?rest_route=\/wp\/v2\/media\/19220"}],"wp:attachment":[{"href":"https:\/\/atecordoba.org\/index.php?rest_route=%2Fwp%2Fv2%2Fmedia&parent=3540"}],"wp:term":[{"taxonomy":"category","embeddable":true,"href":"https:\/\/atecordoba.org\/index.php?rest_route=%2Fwp%2Fv2%2Fcategories&post=3540"},{"taxonomy":"post_tag","embeddable":true,"href":"https:\/\/atecordoba.org\/index.php?rest_route=%2Fwp%2Fv2%2Ftags&post=3540"}],"curies":[{"name":"wp","href":"https:\/\/api.w.org\/{rel}","templated":true}]}}