{"id":35375,"date":"2023-01-11T11:07:08","date_gmt":"2023-01-11T14:07:08","guid":{"rendered":"https:\/\/atecordoba.org\/?p=35375"},"modified":"2023-01-11T11:08:42","modified_gmt":"2023-01-11T14:08:42","slug":"cnrt-paola-rojas-y-hernan-becacecci-recuerdan-la-lucha-de-claudio-becacecci-en-el-organismo","status":"publish","type":"post","link":"https:\/\/atecordoba.org\/?p=35375","title":{"rendered":"CNRT: Paola Rojas y Hern\u00e1n Becacecci recuerdan la lucha de Claudio Becacecci en el organismo"},"content":{"rendered":"\n<figure class=\"wp-block-gallery has-nested-images columns-default is-cropped wp-block-gallery-1 is-layout-flex wp-block-gallery-is-layout-flex\">\n<figure class=\"wp-block-image size-large\"><a href=\"https:\/\/atecordoba.org\/wp-content\/uploads\/2020\/06\/becececi-1024x904.jpg\" target=\"_blank\" rel=\"noopener\"><img loading=\"lazy\" decoding=\"async\" width=\"1024\" height=\"904\" data-id=\"20282\" src=\"https:\/\/atecordoba.org\/wp-content\/uploads\/2020\/06\/becececi-1024x904.jpg\" alt=\"\" class=\"wp-image-20282\" srcset=\"https:\/\/atecordoba.org\/wp-content\/uploads\/2020\/06\/becececi-1024x904.jpg 1024w, https:\/\/atecordoba.org\/wp-content\/uploads\/2020\/06\/becececi-1024x904-300x265.jpg 300w, https:\/\/atecordoba.org\/wp-content\/uploads\/2020\/06\/becececi-1024x904-768x678.jpg 768w, https:\/\/atecordoba.org\/wp-content\/uploads\/2020\/06\/becececi-1024x904-750x662.jpg 750w\" sizes=\"auto, (max-width: 1024px) 100vw, 1024px\" \/><\/a><\/figure>\n\n\n\n<figure class=\"wp-block-image size-large\"><a href=\"https:\/\/atecordoba.org\/wp-content\/uploads\/2023\/01\/Pao-Rojas-Hernan-Beccacesi.jpeg\" target=\"_blank\" rel=\"noopener\"><img loading=\"lazy\" decoding=\"async\" width=\"975\" height=\"672\" data-id=\"35376\" src=\"https:\/\/atecordoba.org\/wp-content\/uploads\/2023\/01\/Pao-Rojas-Hernan-Beccacesi.jpeg\" alt=\"\" class=\"wp-image-35376\" srcset=\"https:\/\/atecordoba.org\/wp-content\/uploads\/2023\/01\/Pao-Rojas-Hernan-Beccacesi.jpeg 975w, https:\/\/atecordoba.org\/wp-content\/uploads\/2023\/01\/Pao-Rojas-Hernan-Beccacesi-300x207.jpeg 300w, https:\/\/atecordoba.org\/wp-content\/uploads\/2023\/01\/Pao-Rojas-Hernan-Beccacesi-768x529.jpeg 768w, https:\/\/atecordoba.org\/wp-content\/uploads\/2023\/01\/Pao-Rojas-Hernan-Beccacesi-750x517.jpeg 750w\" sizes=\"auto, (max-width: 975px) 100vw, 975px\" \/><\/a><\/figure>\n<figcaption class=\"blocks-gallery-caption\"><em>Izq:<\/em> Claudio Becacecci, despedido en 2017 y reincorporado en 2021 a la CNRT, fallecido en un siniestro vial en 2022. <em>Der: <\/em>Paola Rojas y Hern\u00e1n Becacecci rememorando la lucha de Claudio<\/figcaption><\/figure>\n\n\n\n<p><\/p>\n\n\n\n<p>Claudio y Paola fueron dos de las\/los ocho trabajadores que el macrismo hab\u00eda despedido en la oficina de C\u00f3rdoba de la Comisi\u00f3n Nacional de Regulaci\u00f3n del Transporte (CNRT), organismo descentralizado estatal dependiente del Ministerio de Transporte de la Rep\u00fablica Argentina que tiene como objetivo controlar y fiscalizar el transporte terrestre de jurisdicci\u00f3n nacional (horas de descanso de choferes, habilitaciones, control de pasajeros\/as, etc) para garantizar la seguridad a la hora de subirse al transporte p\u00fablico de media y larga distancia en nuestro pa\u00eds. Tras mucha lucha, y gracias al trabajo de la Comisi\u00f3n de Relevamiento y Reincorporaci\u00f3n de Trabajadoras\/es Despedidas\/os en la era Macri (CORREDMA-ATE), en 2021 se logr\u00f3 reincorporar a Claudio Beccacesi y, tras \u00e9l, paulatinamente, al resto de los compa\u00f1eros\/as, entre quienes se encontraba Paola Rojas.<\/p>\n\n\n<p><iframe loading=\"lazy\" width=\"100%\" height=\"65px\" scrolling=\"no\" frameborder=\"no\" src=\"\/\/ar.radiocut.fm\/audiocut\/embed\/mini\/cnrt-paola-rojas-y-hernan-becacecci-recuerdan-lucha-claudio-becacecci-en-organismo\/\" ><\/iframe><\/p>\n\n\n\n<p><br>&#8220;M\u00e1s all\u00e1 de ser compa\u00f1eros de trabajo con Claudio \u00e9ramos amigos, pr\u00e1cticamente familia, nos quer\u00edamos much\u00edsimo y estamos enormemente felices por el ingreso de su hijo Hern\u00e1n&#8221;, destac\u00f3 Rojas ayer en el programa Entre Todos y Todas del Consejo Directivo Provincial de ATE C\u00f3rdoba quien remarc\u00f3 que &#8220;el primero en ser despedido en 2017 por el Gobierno anterior fue Claudio: \u00e9l ten\u00eda una familia numerosa a cargo, fue muy doloroso, la pasamos muy muy mal. Despu\u00e9s de \u00e9l, que era el mejor inspector que el organismo ten\u00eda en C\u00f3rdoba, vinieron los despidos del resto. A todos nos echaron sin causa, simplemente para desarticular un organismo tan importante para la seguridad del transporte terrestre como la CNRT&#8221; lo cual sirvi\u00f3 para dar v\u00eda libre a las empresas del sector.<br>&#8220;Fueron a\u00f1os muy dif\u00edciles&#8221; record\u00f3 Hern\u00e1n Becacecci, hijo de Claudio, y remarc\u00f3: &#8220;mi pap\u00e1 se compr\u00f3 una camionetita para hacer repartos y con eso pudimos ir sobreviviendo hasta la vuelta de \u00e9l a la CNRT porque encima los dem\u00e1s miembros de la familia tambi\u00e9n est\u00e1bamos desocupados, haciendo changas. \u00c9l fue quien nos mantuvo a todos unidos mientras peleaba para que le devuelvan el trabajo que le hab\u00edan quitado&#8221;.<\/p>\n\n\n\n<figure class=\"wp-block-gallery has-nested-images columns-4 is-cropped wp-block-gallery-2 is-layout-flex wp-block-gallery-is-layout-flex\">\n<figure class=\"wp-block-image size-large\"><a href=\"https:\/\/atecordoba.org\/wp-content\/uploads\/2023\/01\/Protesta-Terminal-Cordoba2.jpg\" target=\"_blank\" rel=\"noopener\"><img loading=\"lazy\" decoding=\"async\" width=\"600\" height=\"338\" data-id=\"35377\" src=\"https:\/\/atecordoba.org\/wp-content\/uploads\/2023\/01\/Protesta-Terminal-Cordoba2.jpg\" alt=\"\" class=\"wp-image-35377\" srcset=\"https:\/\/atecordoba.org\/wp-content\/uploads\/2023\/01\/Protesta-Terminal-Cordoba2.jpg 600w, https:\/\/atecordoba.org\/wp-content\/uploads\/2023\/01\/Protesta-Terminal-Cordoba2-300x169.jpg 300w\" sizes=\"auto, (max-width: 600px) 100vw, 600px\" \/><\/a><\/figure>\n\n\n\n<figure class=\"wp-block-image size-large\"><a href=\"https:\/\/atecordoba.org\/wp-content\/uploads\/2023\/01\/Protesta-Terminal-Cordoba4.jpeg\" target=\"_blank\" rel=\"noopener\"><img loading=\"lazy\" decoding=\"async\" width=\"1024\" height=\"576\" data-id=\"35378\" src=\"https:\/\/atecordoba.org\/wp-content\/uploads\/2023\/01\/Protesta-Terminal-Cordoba4.jpeg\" alt=\"\" class=\"wp-image-35378\" srcset=\"https:\/\/atecordoba.org\/wp-content\/uploads\/2023\/01\/Protesta-Terminal-Cordoba4.jpeg 1024w, https:\/\/atecordoba.org\/wp-content\/uploads\/2023\/01\/Protesta-Terminal-Cordoba4-300x169.jpeg 300w, https:\/\/atecordoba.org\/wp-content\/uploads\/2023\/01\/Protesta-Terminal-Cordoba4-768x432.jpeg 768w, https:\/\/atecordoba.org\/wp-content\/uploads\/2023\/01\/Protesta-Terminal-Cordoba4-750x422.jpeg 750w\" sizes=\"auto, (max-width: 1024px) 100vw, 1024px\" \/><\/a><\/figure>\n\n\n\n<figure class=\"wp-block-image size-large\"><a href=\"https:\/\/atecordoba.org\/wp-content\/uploads\/2023\/01\/Protesta-Terminal-Cordoba5.jpeg\" target=\"_blank\" rel=\"noopener\"><img loading=\"lazy\" decoding=\"async\" width=\"1600\" height=\"900\" data-id=\"35379\" src=\"https:\/\/atecordoba.org\/wp-content\/uploads\/2023\/01\/Protesta-Terminal-Cordoba5.jpeg\" alt=\"\" class=\"wp-image-35379\" srcset=\"https:\/\/atecordoba.org\/wp-content\/uploads\/2023\/01\/Protesta-Terminal-Cordoba5.jpeg 1600w, https:\/\/atecordoba.org\/wp-content\/uploads\/2023\/01\/Protesta-Terminal-Cordoba5-300x169.jpeg 300w, https:\/\/atecordoba.org\/wp-content\/uploads\/2023\/01\/Protesta-Terminal-Cordoba5-1024x576.jpeg 1024w, https:\/\/atecordoba.org\/wp-content\/uploads\/2023\/01\/Protesta-Terminal-Cordoba5-768x432.jpeg 768w, https:\/\/atecordoba.org\/wp-content\/uploads\/2023\/01\/Protesta-Terminal-Cordoba5-1536x864.jpeg 1536w, https:\/\/atecordoba.org\/wp-content\/uploads\/2023\/01\/Protesta-Terminal-Cordoba5-750x422.jpeg 750w, https:\/\/atecordoba.org\/wp-content\/uploads\/2023\/01\/Protesta-Terminal-Cordoba5-1140x641.jpeg 1140w\" sizes=\"auto, (max-width: 1600px) 100vw, 1600px\" \/><\/a><\/figure>\n\n\n\n<figure class=\"wp-block-image size-large\"><a href=\"https:\/\/atecordoba.org\/wp-content\/uploads\/2023\/01\/Reincorporacion-Becacecci-Terminal-Cordoba.jpg\" target=\"_blank\" rel=\"noopener\"><img loading=\"lazy\" decoding=\"async\" width=\"1024\" height=\"766\" data-id=\"35380\" src=\"https:\/\/atecordoba.org\/wp-content\/uploads\/2023\/01\/Reincorporacion-Becacecci-Terminal-Cordoba.jpg\" alt=\"\" class=\"wp-image-35380\" srcset=\"https:\/\/atecordoba.org\/wp-content\/uploads\/2023\/01\/Reincorporacion-Becacecci-Terminal-Cordoba.jpg 1024w, https:\/\/atecordoba.org\/wp-content\/uploads\/2023\/01\/Reincorporacion-Becacecci-Terminal-Cordoba-300x224.jpg 300w, https:\/\/atecordoba.org\/wp-content\/uploads\/2023\/01\/Reincorporacion-Becacecci-Terminal-Cordoba-768x575.jpg 768w, https:\/\/atecordoba.org\/wp-content\/uploads\/2023\/01\/Reincorporacion-Becacecci-Terminal-Cordoba-750x561.jpg 750w\" sizes=\"auto, (max-width: 1024px) 100vw, 1024px\" \/><\/a><\/figure>\n<figcaption class=\"blocks-gallery-caption\"><em>Izq (fotos 1, 2 y 3): <\/em>Jornada de Lucha contra amenazas de despidos en la CNRT (29\/12\/2021). <em>Der: <\/em>Foto del momento de la reincorporaci\u00f3n de Becacecci al organismo (03\/2021)<\/figcaption><\/figure>\n\n\n\n<p><\/p>\n\n\n\n<p>Rojas a su vez hizo memoria y destac\u00f3 que as\u00ed fue como, tras casi cuatro a\u00f1os de lucha, &#8220;una vez ingresado Claudio en marzo de 2021 todo fue m\u00e1s f\u00e1cil. \u00c9l sigui\u00f3 peleando como cuando estaba afuera una vez que entr\u00f3 y consigui\u00f3, junto a ATE C\u00f3rdoba -con Fede a la cabeza- y Buenos Aires, que nos devuelvan el trabajo&#8221;. Y es por esa lucha que sus propios compa\u00f1eros y compa\u00f1eras lo eligieron como delegado gremial en noviembre de 2021: &#8220;fue una persona honesta, coherente y que nunca baj\u00f3 los brazos&#8221;, lo recuerda la reincorporada quien remarc\u00f3 que el hecho de que est\u00e9 por ingresar al organismo Hern\u00e1n es &#8220;una forma de honrar la memoria de un trabajador y ser humano excepcional como Claudio&#8221;.<br>&#8220;Mi viejo -rememor\u00f3 Hern\u00e1n- es siempre una inspiraci\u00f3n para m\u00ed. Estoy orgulloso de \u00e9l porque siempre la pele\u00f3 tanto de afuero como de adentro. Lo recuerdo como un luchador y un esperanzador del resto de sus compa\u00f1eros y compa\u00f1eras para que no se desanimaran y permanecieran unidos&#8221;. &#8220;Estoy y estamos en mi familia -prosigui\u00f3 el hijo de Claudio- muy felices por esta posibilidad que se me da de poder trabajar en la CNRT, de tener esta fuente laboral estable y de poder honrar la memoria de mi viejo haciendo las cosas en el trabajo lo mejor posible, como lo hac\u00eda \u00e9l, y seguir luchando para que todo mejore&#8221;, enfatiz\u00f3 y concluy\u00f3 &#8220;estoy s\u00faper agradecido con ATE C\u00f3rdoba y la gente de ATE en Buenos Aires por todo lo que la luch\u00f3 y sigue luchando por m\u00ed y por todos los compa\u00f1eros y compa\u00f1eras de mi viejo&#8221;.<\/p>\n\n\n\n<p class=\"has-small-font-size\"><em>(Abajo) Palabras de Claudio Becacecci en medida de fuerza realizada en la Terminal de C\u00f3rdoba ante amenazas de despidos en la CNRT el 29 de diciembre de 2021<\/em><\/p>\n\n\n<p><iframe loading=\"lazy\" src=\"https:\/\/www.facebook.com\/plugins\/video.php?height=258&#038;href=https%3A%2F%2Fwww.facebook.com%2Fatecba%2Fvideos%2F248621490710194%2F&#038;show_text=true&#038;width=560&#038;t=157\" width=\"560\" height=\"373\" style=\"border:none;overflow:hidden\" scrolling=\"no\" frameborder=\"0\" allowfullscreen=\"true\" allow=\"autoplay; clipboard-write; encrypted-media; picture-in-picture; web-share\" allowFullScreen=\"true\"><\/iframe><\/p>\n\n\n\n<p class=\"has-small-font-size\"><\/p>\n\n\n\n<p><strong>Trabajo precario<br><\/strong>Pese a la &#8220;enorme alegr\u00eda&#8221; que produjo &#8220;la victoria que es el ingreso de Hern\u00e1n Becacecci a la CNRT&#8221;, Federico Giuliani, Secretario General del Consejo Directivo Provincial de ATE C\u00f3rdoba, alert\u00f3 a este medio que &#8220;ser\u00eda importante que todas y cada una de las trabajadoras y trabajadores del organismo -y del Estado Nacional en general- pasen a planta permanente. Logramos, con much\u00edsimo esfuerzo, reincorporar a Claudio tras el despido realizado por el Gobierno anterior. El macrismo hab\u00eda venido a llevarse puesto todo lo p\u00fablico y lo reintentar\u00e1 este a\u00f1o. Y, para ello, se aprovech\u00f3 de la enorme fragilidad contractual de personas como Claudio, como Paola. Ellos estuvieron 13 y 10 a\u00f1os con contratos precarios antes que se les despida&#8221;. En ese sentido, Giuliani alert\u00f3 que &#8220;quienes han reingresado al organismo bajo la administraci\u00f3n del Frente de Todos lo han hecho de la misma forma, con contratos a t\u00e9rmino que van de los 3 meses a 1 a\u00f1o y con magros salarios. Esa es una realidad que estamos obligados y obligadas a transformar si queremos hablar de Justicia Social y verdaderas pol\u00edticas de estado&#8221;, concluy\u00f3.<\/p>\n","protected":false},"excerpt":{"rendered":"<p>Claudio y Paola fueron dos de las\/los ocho trabajadores que el macrismo hab\u00eda despedido en la oficina de C\u00f3rdoba de la Comisi\u00f3n Nacional de Regulaci\u00f3n del Transporte (CNRT), organismo descentralizado estatal dependiente del Ministerio de Transporte de la Rep\u00fablica Argentina que tiene como objetivo controlar y fiscalizar el transporte terrestre de jurisdicci\u00f3n nacional (horas de [&hellip;]<\/p>\n","protected":false},"author":6,"featured_media":35376,"comment_status":"open","ping_status":"open","sticky":false,"template":"","format":"standard","meta":{"_exactmetrics_skip_tracking":false,"_exactmetrics_sitenote_active":false,"_exactmetrics_sitenote_note":"","_exactmetrics_sitenote_category":0,"jnews-multi-image_gallery":[],"jnews_single_post":{"subtitle":"Hern\u00e1n, hijo de Claudio, ingresar\u00e1 a la instituci\u00f3n en lugar de su padre, quien falleci\u00f3 en febrero de 2021 tras un siniestro vial mientras se dirig\u00eda a su trabajo. Desde el CDP de ATE C\u00f3rdoba celebraron la noticia a la vez que alertaron sobre la imperiosa necesidad de los pases a planta para evitar que vuelvan a suceder despidos ante cualquier eventualidad pol\u00edtica de las gestiones como sucedi\u00f3 en la CNRT -y en todo el Estado Nacional- durante el macrismo. ","format":"standard","video":"","gallery":"","source_name":"","source_url":"","via_name":"","via_url":"","override_template":"0","override":[{"template":"1","single_blog_custom":"","parallax":"1","fullscreen":"1","layout":"right-sidebar","sidebar":"default-sidebar","second_sidebar":"default-sidebar","sticky_sidebar":"1","share_position":"top","share_float_style":"share-monocrhome","show_share_counter":"1","show_view_counter":"1","show_featured":"1","show_post_meta":"1","show_post_author":"1","show_post_author_image":"1","show_post_date":"1","post_date_format":"default","post_date_format_custom":"Y\/m\/d","show_post_category":"1","show_post_reading_time":"0","post_reading_time_wpm":"300","show_zoom_button":"0","zoom_button_out_step":"2","zoom_button_in_step":"3","show_post_tag":"1","show_prev_next_post":"1","show_popup_post":"1","number_popup_post":"1","show_author_box":"0","show_post_related":"0","show_inline_post_related":"0"}],"override_image_size":"0","image_override":[{"single_post_thumbnail_size":"crop-500","single_post_gallery_size":"crop-500"}],"trending_post":"0","trending_post_position":"meta","trending_post_label":"Trending","sponsored_post":"0","sponsored_post_label":"Sponsored by","sponsored_post_name":"","sponsored_post_url":"","sponsored_post_logo_enable":"0","sponsored_post_logo":"","sponsored_post_desc":"","disable_ad":"0"},"jnews_primary_category":{"id":""},"jnews_social_meta":{"fb_title":"","fb_description":"","fb_image":"","twitter_title":"","twitter_description":"","twitter_image":""},"jnews_review":[],"enable_review":"0","type":"percentage","name":"","summary":"","brand":"","sku":"","good":[{"good_text":""}],"bad":[{"bad_text":""}],"score_override":"","override_value":"","rating":[{"rating_text":"","rating_number":"10"}],"price":[{"shop":"","price":"","link":"","icon":""}],"jnews_override_counter":{"override_view_counter":"0","view_counter_number":"0","override_share_counter":"0","share_counter_number":"0","override_like_counter":"0","like_counter_number":"0","override_dislike_counter":"0","dislike_counter_number":"0"},"jnews_post_split":{"enable_post_split":"0","post_split":[{"template":"1","tag":"h2","numbering":"asc","mode":"normal","first":"0","enable_toc":"0","toc_type":"normal"}]},"footnotes":""},"categories":[341,152,18],"tags":[],"class_list":["post-35375","post","type-post","status-publish","format-standard","has-post-thumbnail","hentry","category-cdp","category-despedidos","category-nacionales"],"jetpack_featured_media_url":"https:\/\/atecordoba.org\/wp-content\/uploads\/2023\/01\/Pao-Rojas-Hernan-Beccacesi.jpeg","_links":{"self":[{"href":"https:\/\/atecordoba.org\/index.php?rest_route=\/wp\/v2\/posts\/35375","targetHints":{"allow":["GET"]}}],"collection":[{"href":"https:\/\/atecordoba.org\/index.php?rest_route=\/wp\/v2\/posts"}],"about":[{"href":"https:\/\/atecordoba.org\/index.php?rest_route=\/wp\/v2\/types\/post"}],"author":[{"embeddable":true,"href":"https:\/\/atecordoba.org\/index.php?rest_route=\/wp\/v2\/users\/6"}],"replies":[{"embeddable":true,"href":"https:\/\/atecordoba.org\/index.php?rest_route=%2Fwp%2Fv2%2Fcomments&post=35375"}],"version-history":[{"count":4,"href":"https:\/\/atecordoba.org\/index.php?rest_route=\/wp\/v2\/posts\/35375\/revisions"}],"predecessor-version":[{"id":35384,"href":"https:\/\/atecordoba.org\/index.php?rest_route=\/wp\/v2\/posts\/35375\/revisions\/35384"}],"wp:featuredmedia":[{"embeddable":true,"href":"https:\/\/atecordoba.org\/index.php?rest_route=\/wp\/v2\/media\/35376"}],"wp:attachment":[{"href":"https:\/\/atecordoba.org\/index.php?rest_route=%2Fwp%2Fv2%2Fmedia&parent=35375"}],"wp:term":[{"taxonomy":"category","embeddable":true,"href":"https:\/\/atecordoba.org\/index.php?rest_route=%2Fwp%2Fv2%2Fcategories&post=35375"},{"taxonomy":"post_tag","embeddable":true,"href":"https:\/\/atecordoba.org\/index.php?rest_route=%2Fwp%2Fv2%2Ftags&post=35375"}],"curies":[{"name":"wp","href":"https:\/\/api.w.org\/{rel}","templated":true}]}}