{"id":3537,"date":"2013-11-07T18:15:14","date_gmt":"2013-11-07T21:15:14","guid":{"rendered":"http:\/\/www.atecordoba.org\/?p=3537"},"modified":"2013-11-07T18:15:14","modified_gmt":"2013-11-07T21:15:14","slug":"saludos-a-los-companeros-municipales-en-su-dia","status":"publish","type":"post","link":"https:\/\/atecordoba.org\/?p=3537","title":{"rendered":"Saludos a los compa\u00f1eros municipales en su d\u00eda"},"content":{"rendered":"<p><em>Al cumplirse ma\u00f1ana 8 de noviembre el d\u00eda de trabajador municipal, el consejo Directivo Provincial C\u00f3rdoba de ATE env\u00eda un afectuoso saludos a los compa\u00f1eros del sector, dese\u00e1ndoles que puedan celebrar con alegr\u00eda \u00a0el orgullo de ser trabajadores del Estado. M\u00e1s aun atento a que los municipios son el primer mostrador a donde se dirige el ciudadano para solicitar, reclamar o ejercer un derecho.<\/em><\/p>\n<p><a href=\"http:\/\/www.atecordoba.org\/wp-content\/uploads\/2013\/11\/web.png\"><img loading=\"lazy\" decoding=\"async\" class=\"aligncenter size-full wp-image-3538\" alt=\"web\" src=\"http:\/\/www.atecordoba.org\/wp-content\/uploads\/2013\/11\/web.png\" width=\"600\" height=\"450\" \/><\/a><\/p>\n<div>En ese marco, desde ATE refrendamos nuestro compromiso por la mejora en las condiciones de trabajo y salariales de todos los trabajadores, est\u00e9n afiliados o no a nuestro gremio, convencidos que el principio de &#8216;a igual tarea, igual salario&#8217; debe cumplirse en todo el \u00e1mbito de una provincia como C\u00f3rdoba, donde las diferencias seg\u00fan cada comuna son alarmantes.<\/div>\n<div><\/div>\n<div>Por eso es que participamos del encuentro nacional de trabajadores municipales que ATE realiz\u00f3 con compa\u00f1eros de todo el pa\u00eds, donde confirmamos que la realidad de C\u00f3rdoba no es diferente a la del compa\u00f1ero de Jujuy o de Tierra del Fuego. All\u00ed definimos que la lucha por mejorar la situaci\u00f3n del municipal debe ser conjunta a lo largo y ancho de la patria. Ese es el camino que vamos a seguir construyendo, por la dignidad del trabajador municipal.<\/div>\n<div><\/div>\n<div style=\"text-align: right;\">Luis B\u00e1rcena<\/div>\n<div style=\"text-align: right;\">Secretario de Interior<\/div>\n<div style=\"text-align: right;\">ATE C\u00f3rdoba<\/div>\n","protected":false},"excerpt":{"rendered":"<p>Al cumplirse ma\u00f1ana 8 de noviembre el d\u00eda de trabajador municipal, el consejo Directivo Provincial C\u00f3rdoba de ATE env\u00eda un afectuoso saludos a los compa\u00f1eros del sector, dese\u00e1ndoles que puedan celebrar con alegr\u00eda \u00a0el orgullo de ser trabajadores del Estado. M\u00e1s aun atento a que los municipios son el primer mostrador a donde se dirige [&hellip;]<\/p>\n","protected":false},"author":1,"featured_media":19220,"comment_status":"open","ping_status":"open","sticky":false,"template":"","format":"standard","meta":{"_exactmetrics_skip_tracking":false,"_exactmetrics_sitenote_active":false,"_exactmetrics_sitenote_note":"","_exactmetrics_sitenote_category":0,"jnews-multi-image_gallery":[],"jnews_single_post":[],"jnews_primary_category":[],"jnews_social_meta":[],"jnews_review":[],"enable_review":"","type":"","name":"","summary":"","brand":"","sku":"","good":[],"bad":[],"score_override":"","override_value":"","rating":[],"price":[],"jnews_override_counter":[],"jnews_post_split":[],"footnotes":""},"categories":[53,20],"tags":[],"class_list":["post-3537","post","type-post","status-publish","format-standard","has-post-thumbnail","hentry","category-comunicados-de-prensa","category-municipales"],"jetpack_featured_media_url":"https:\/\/atecordoba.org\/wp-content\/uploads\/2020\/05\/logo-nuevochico-e1561581322808.png","_links":{"self":[{"href":"https:\/\/atecordoba.org\/index.php?rest_route=\/wp\/v2\/posts\/3537","targetHints":{"allow":["GET"]}}],"collection":[{"href":"https:\/\/atecordoba.org\/index.php?rest_route=\/wp\/v2\/posts"}],"about":[{"href":"https:\/\/atecordoba.org\/index.php?rest_route=\/wp\/v2\/types\/post"}],"author":[{"embeddable":true,"href":"https:\/\/atecordoba.org\/index.php?rest_route=\/wp\/v2\/users\/1"}],"replies":[{"embeddable":true,"href":"https:\/\/atecordoba.org\/index.php?rest_route=%2Fwp%2Fv2%2Fcomments&post=3537"}],"version-history":[{"count":0,"href":"https:\/\/atecordoba.org\/index.php?rest_route=\/wp\/v2\/posts\/3537\/revisions"}],"wp:featuredmedia":[{"embeddable":true,"href":"https:\/\/atecordoba.org\/index.php?rest_route=\/wp\/v2\/media\/19220"}],"wp:attachment":[{"href":"https:\/\/atecordoba.org\/index.php?rest_route=%2Fwp%2Fv2%2Fmedia&parent=3537"}],"wp:term":[{"taxonomy":"category","embeddable":true,"href":"https:\/\/atecordoba.org\/index.php?rest_route=%2Fwp%2Fv2%2Fcategories&post=3537"},{"taxonomy":"post_tag","embeddable":true,"href":"https:\/\/atecordoba.org\/index.php?rest_route=%2Fwp%2Fv2%2Ftags&post=3537"}],"curies":[{"name":"wp","href":"https:\/\/api.w.org\/{rel}","templated":true}]}}