{"id":35368,"date":"2023-01-09T14:00:40","date_gmt":"2023-01-09T17:00:40","guid":{"rendered":"https:\/\/atecordoba.org\/?p=35368"},"modified":"2023-01-09T14:06:29","modified_gmt":"2023-01-09T17:06:29","slug":"el-inta-cordoba-persigue-y-amenaza-con-suspender-a-un-trabajador-del-organismo-que-trabaja-en-agroecologia","status":"publish","type":"post","link":"https:\/\/atecordoba.org\/?p=35368","title":{"rendered":"El INTA C\u00f3rdoba amenaza con suspender a un Ingeniero Agr\u00f3nomo del organismo especializado en agroecolog\u00eda"},"content":{"rendered":"\n<div class=\"wp-block-image\"><figure class=\"alignleft size-full is-resized\"><img loading=\"lazy\" decoding=\"async\" src=\"https:\/\/atecordoba.org\/wp-content\/uploads\/2023\/01\/Cesar-Gramaglia-INTA.jpeg\" alt=\"\" class=\"wp-image-35369\" width=\"579\" height=\"439\" srcset=\"https:\/\/atecordoba.org\/wp-content\/uploads\/2023\/01\/Cesar-Gramaglia-INTA.jpeg 908w, https:\/\/atecordoba.org\/wp-content\/uploads\/2023\/01\/Cesar-Gramaglia-INTA-300x228.jpeg 300w, https:\/\/atecordoba.org\/wp-content\/uploads\/2023\/01\/Cesar-Gramaglia-INTA-768x583.jpeg 768w, https:\/\/atecordoba.org\/wp-content\/uploads\/2023\/01\/Cesar-Gramaglia-INTA-750x569.jpeg 750w\" sizes=\"auto, (max-width: 579px) 100vw, 579px\" \/><\/figure><\/div>\n\n\n\n<p>C\u00e9sar Gramaglia es trabajador del INTA Villa Dolores y afiliado a ATE. Con m\u00e1s de 30 a\u00f1os de experiencia en su campo profesional hoy est\u00e1 sufriendo la persecuci\u00f3n por parte de la patronal a partir del desarrollo de ideas y metodolog\u00edas de trabajo en terreno vinculadas a pr\u00e1cticas agroecol\u00f3gicas, enfrentadas al modelo del agronegocio vigente que se basa casi exclusivamente en la utilizaci\u00f3n de agrot\u00f3xicos para la producci\u00f3n. &#8220;Soy ingeniero Agr\u00f3nomo con posgrado en agroecolog\u00eda, t\u00e9cnico extensionista a trav\u00e9s de una agencia de extensi\u00f3n rural en Villa Dolores, al oeste de C\u00f3rdoba, apoyando a Agricultores familiares, campesinos y a productores capitalizados de mayor escala dedicados al cultivo de la papa, principal producci\u00f3n de la zona&#8221;, relat\u00f3 Gramaglia al Programa &#8220;Entre Todos y Todas&#8221; de la Secretar\u00eda de Prensa de ATE C\u00f3rdoba. &#8220;Mi funci\u00f3n -contin\u00faa el t\u00e9cnico del INTA- es acompa\u00f1arlos, asesorarlos en la transici\u00f3n de un modelo de producci\u00f3n basado en la utilizaci\u00f3n casi de manera exclusiva del paquete teconol\u00f3gico que le brinda el agronegocio (con productos qu\u00edmicos para el control de plagas y malezas, as\u00ed como tambi\u00e9n con fertilizantes artificiales derivados del petr\u00f3leo) por otras t\u00e9cnicas probadas cient\u00edfica y emp\u00edricamente que permiten producciones que no desbalancean ni destruyen la ecuaci\u00f3n ecol\u00f3gica ni social como s\u00ed lo hace este modelo dominante hoy&#8221;. Gramaglia explica que ha podido comprobarse cient\u00edficamente que los fertilizantes que se utilizan hoy mayoritariamente en las pr\u00e1cticas agr\u00edcolas &#8220;aportan peque\u00f1as cantidades de nutrientes, lo que produce un desbalance en el cultivo y lo predispone a que sea atacado por plagas y enfermedades&#8221;. Adem\u00e1s, esos productos, explica, &#8220;son de alto costo energ\u00e9tico en la etapa de producci\u00f3n, muy poco aprovechados por los cultivos (no supera el 20%, el resto migra hacia el ambiente, en gran parte hacia las capas m\u00e1s profundas del suelo contaminando las napas fre\u00e1ticas, aunque tambi\u00e9n las aguas superficiales y el aire) y alto precio de venta en una ecuaci\u00f3n que no cierra ni por el lado econ\u00f3mico ni ecol\u00f3gico, trayendo todos los desastres naturales y sociales que estamos experimentando hoy en d\u00eda&#8221;. As\u00ed, &#8220;los \u00fanicos ganadores -enfatiza Gramaglia- son los proveedores de insumos qu\u00edmicos: eso puede verse en el resultado del \u00faltimo Censo Nacional Agropecuario que arroj\u00f3 datos sobre la gran cantidad de productores agropecuarios que se vieron obligados a dejar la actividad&#8221;. La contrapartida de ello, los r\u00e9cords en ganancias que las empresas &#8220;l\u00edderes&#8221; del agronegocio contin\u00faan arrojando, lo que les confiere un poder cada vez mayor para dictar pol\u00edticas, promover funcionarios, etc.<\/p>\n\n\n\n<p><strong>Entre Todos y Todas: &#8211; \u00bfPor qu\u00e9 el INTA va contra C\u00e9sar Gramaglia?<br><\/strong>Van contra m\u00ed porque no estoy solo. Hay muchos profesionales en nuestra instituci\u00f3n que nos hemos formado en agroecolog\u00eda -investigadores y t\u00e9cnicos especialistas como es mi caso-. Por otro lado tambi\u00e9n compa\u00f1eras y compa\u00f1eros que promovemos estas pr\u00e1cticas vinculadas con la agroecolog\u00eda desde diferentes \u00e1mbitos de la ciencia y la tecnolog\u00eda, como el CONICET, Universidades, etc. Sin embargo, en todos estos estamentos p\u00fablicos estatales los grandes decisorios, aquellas personas que tienen &#8220;la sart\u00e9n por el mango&#8221;, son funcionarios p\u00fablicos que defienden los principios relacionadas con las &#8220;buenas pr\u00e1cticas agr\u00edcolas&#8221;: un agronegocio pintado de verde, responsable, regenerativo. Sin ir m\u00e1s lejos, en estos momentos el INTA es\u00e1 redactando los proyectos que se implementar\u00e1n los pr\u00f3ximos 4 a\u00f1os, hasta 2027, y en la regional C\u00f3rdoba del Instituto no se est\u00e1 dise\u00f1ando ni un solo proyecto que tenga como eje central a la agroecolog\u00eda. Entonces, cuando hablamos, producimos y transferimos conocimientos no estamos parados solo sobre cuestiones t\u00e9cnico-legales, sino que el mar de fondo es socio-pol\u00edtico.<\/p>\n\n\n<p><iframe loading=\"lazy\" width=\"100%\" height=\"175px\" scrolling=\"no\" frameborder=\"no\" src=\"\/\/ar.radiocut.fm\/audiocut\/embed\/hori\/cesar-gramaglia-trabajador-inta-perseguido-por-patronal-por-su-trabajo-en-agroecologia\/\" ><\/iframe><\/p>\n\n\n\n<p><strong>ETyT: &#8211; El problema entonces es que ustedes est\u00e1n en condiciones de afectar los intereses de los grupos econ\u00f3micos concentrados ligados al agronegocio&#8230;<br><\/strong>Existen muchos trabajos cient\u00edficos que demuestran que el actual modelo hegem\u00f3nico de producci\u00f3n basado en la utilizaci\u00f3n de productos qu\u00edmicos especializados en muy pocos cultivos ya no da para m\u00e1s. Se ha terminado con el 50 por ciento de la materia org\u00e1nica que pose\u00eda nuestro suelo, cuesti\u00f3n fundamental para procesos f\u00edsicos, qu\u00edmicos y bol\u00f3gicos centrales para la capacidad productiva del sustrato. La agroecolog\u00eda nos brinda herramientas teconol\u00f3gicas probadas cient\u00edfica y emp\u00edricamente que nos permiten dise\u00f1ar sistemas productivos con un mayor nivel de sustentabilidad no solo desde el punto de vista productivo sino tambi\u00e9n ambiental y social.<br>Adem\u00e1s del desastre ecol\u00f3gico, el actual modelo expulsa a los habitantes de sus territorios: est\u00e1n vaciando los campos y eso tiene unas implicancias socioculturales realmente devastadoras. En ese marco, nuestra instituci\u00f3n no puede hacer o\u00eddos sordos a la demanda de un sector de la producci\u00f3n y de la sociedad civil que est\u00e1n pidiendo ya un cambio de paradigma, antes que sea demasiado tarde..<br>La agroecolog\u00eda retoma los conocimientos ancestrales para trabajar en forma conjunta, desarrollando proyectos de investigaci\u00f3n-acci\u00f3n participativas para que las familias se sientan parte de los proyectos, fortaleciendo el arraigo y el progreso de las comunidades de manera justa y equitativa.<\/p>\n\n\n\n<p><strong>ETyT: &#8211; \u00bfCu\u00e1l es hoy el gran desaf\u00edo de la agroecolog\u00eda?<\/strong><br>El gran desaf\u00edo es seguir estudiando, form\u00e1ndonos, para dar respuestas positivas no ya a nivel de una chacra o finca, sino de regiones y comunidades sustentables, hablando no solo de quienes est\u00e9n directamente vinculados con el mundo de la producci\u00f3n sino tambi\u00e9n entre quienes ocupamos el lugar de potenciales consumidores. Necesitamos seguir profundizando las redes intra INTA y extra INTA, con Universidades, institutos de investigaci\u00f3n, asociaciones de productores, organismos sociales, comunitarios y pol\u00edticos. Hoy se ha creado la Direcci\u00f3n Nacional de Agroecolog\u00eda, vamos por el Tercer Congreso de Agroecolog\u00eda que se realizar\u00e1 en El Bols\u00f3n, todos estos son espacios importantes de encuentro donde debatir y planificar otros escenarios posibles.<\/p>\n\n\n\n<p><strong>ETyT: &#8211; Con respecto a tu sumario, \u00bfc\u00f3mo se di\u00f3?\u00bfen qu\u00e9 instancia est\u00e1?<\/strong><br>El sumario administrativo se abri\u00f3 a principios del 2020 y sigue abierto. Hace 15 d\u00edas recibimos novedades de las actuaciones, pareciera ser que existen intenciones de suspenderme por 6 d\u00edas y es poco probable que pueda darse marcha atr\u00e1s. Sin embargo, hemos recibido un sinn\u00famero de apoyos de la ciudadan\u00eda, de instituciones, de equipos vinculados a la tem\u00e1tica tanto a nivel nacional e internacional; organizaciones sociales, pol\u00edticas, comunitarias, etc. Todas y todos coincidimos en lo mismo, en que es realmente excesiva esta sanci\u00f3n por palabras vertidas en un programa radial, m\u00e1xime analizando mi trayectoria en la materia, mi defensa de esta forma de trabajar, los s\u00f3lidos argumentos cient\u00edfico-t\u00e9cnicos blandidos. Incluso el expediente tiene notas firmadas por profesionales de la zona diciendo que a partir de mi intervenci\u00f3n no se agrav\u00f3 ni se interfiri\u00f3 ni nada el manejo de la plaga de langostas. Es un acto disciplinador y de amedrentamiento a todas las luchas de quienes orientamos el modelo de producci\u00f3n de otra forma.. amedrentamiento que no es nuevo ya que, por parte del actual Director de INTA C\u00f3rdoba, la persecuci\u00f3n viene de hace tiempo : por ejemplo, no me permitieron viajar a Bolivia representando al INTA en un congreso de agroecolog\u00eda, no me permitieron ser docente en un cursos sobre agroecolog\u00eda organizado por el propio INTA, entre tantas otras.<\/p>\n","protected":false},"excerpt":{"rendered":"<p>C\u00e9sar Gramaglia es trabajador del INTA Villa Dolores y afiliado a ATE. Con m\u00e1s de 30 a\u00f1os de experiencia en su campo profesional hoy est\u00e1 sufriendo la persecuci\u00f3n por parte de la patronal a partir del desarrollo de ideas y metodolog\u00edas de trabajo en terreno vinculadas a pr\u00e1cticas agroecol\u00f3gicas, enfrentadas al modelo del agronegocio vigente [&hellip;]<\/p>\n","protected":false},"author":6,"featured_media":35369,"comment_status":"open","ping_status":"open","sticky":false,"template":"","format":"standard","meta":{"_exactmetrics_skip_tracking":false,"_exactmetrics_sitenote_active":false,"_exactmetrics_sitenote_note":"","_exactmetrics_sitenote_category":0,"jnews-multi-image_gallery":[],"jnews_single_post":{"subtitle":"C\u00e9sar Gramaglia, ingeniero agr\u00f3nomo  posgraduado en agroecolog\u00eda y trabajador del INTA en Villa Dolores, est\u00e1 afrontando un sumario que podr\u00eda derivar en la suspensi\u00f3n de 6 d\u00edas de trabajo. La patronal lo acusa de \"interferir\" en la actuaci\u00f3n del organismo en la contenci\u00f3n de una plaga de langostas que atacaba los cultivos de papa por una entrevista brindada en una radio de Nono donde el profesional analizaba causas y difund\u00eda t\u00e9cnicas agroecol\u00f3gicas para el control de la situaci\u00f3n. El disciplinamiento estatal a la orden del agronegocio, una vez m\u00e1s.","format":"standard","video":"","gallery":"","source_name":"","source_url":"","via_name":"","via_url":"","override_template":"0","override":[{"template":"1","single_blog_custom":"","parallax":"1","fullscreen":"1","layout":"right-sidebar","sidebar":"default-sidebar","second_sidebar":"default-sidebar","sticky_sidebar":"1","share_position":"top","share_float_style":"share-monocrhome","show_share_counter":"1","show_view_counter":"1","show_featured":"1","show_post_meta":"1","show_post_author":"1","show_post_author_image":"1","show_post_date":"1","post_date_format":"default","post_date_format_custom":"Y\/m\/d","show_post_category":"1","show_post_reading_time":"0","post_reading_time_wpm":"300","show_zoom_button":"0","zoom_button_out_step":"2","zoom_button_in_step":"3","show_post_tag":"1","show_prev_next_post":"1","show_popup_post":"1","number_popup_post":"1","show_author_box":"0","show_post_related":"0","show_inline_post_related":"0"}],"override_image_size":"0","image_override":[{"single_post_thumbnail_size":"crop-500","single_post_gallery_size":"crop-500"}],"trending_post":"0","trending_post_position":"meta","trending_post_label":"Trending","sponsored_post":"0","sponsored_post_label":"Sponsored by","sponsored_post_name":"","sponsored_post_url":"","sponsored_post_logo_enable":"0","sponsored_post_logo":"","sponsored_post_desc":"","disable_ad":"0"},"jnews_primary_category":{"id":""},"jnews_social_meta":{"fb_title":"","fb_description":"","fb_image":"","twitter_title":"","twitter_description":"","twitter_image":""},"jnews_review":[],"enable_review":"0","type":"percentage","name":"","summary":"","brand":"","sku":"","good":[{"good_text":""}],"bad":[{"bad_text":""}],"score_override":"","override_value":"","rating":[{"rating_text":"","rating_number":"10"}],"price":[{"shop":"","price":"","link":"","icon":""}],"jnews_override_counter":{"override_view_counter":"0","view_counter_number":"0","override_share_counter":"0","share_counter_number":"0","override_like_counter":"0","like_counter_number":"0","override_dislike_counter":"0","dislike_counter_number":"0"},"jnews_post_split":{"enable_post_split":"0","post_split":[{"template":"1","tag":"h2","numbering":"asc","mode":"normal","first":"0","enable_toc":"0","toc_type":"normal"}]},"footnotes":""},"categories":[341,150,18],"tags":[],"class_list":["post-35368","post","type-post","status-publish","format-standard","has-post-thumbnail","hentry","category-cdp","category-cruz-del-eje","category-nacionales"],"jetpack_featured_media_url":"https:\/\/atecordoba.org\/wp-content\/uploads\/2023\/01\/Cesar-Gramaglia-INTA.jpeg","_links":{"self":[{"href":"https:\/\/atecordoba.org\/index.php?rest_route=\/wp\/v2\/posts\/35368","targetHints":{"allow":["GET"]}}],"collection":[{"href":"https:\/\/atecordoba.org\/index.php?rest_route=\/wp\/v2\/posts"}],"about":[{"href":"https:\/\/atecordoba.org\/index.php?rest_route=\/wp\/v2\/types\/post"}],"author":[{"embeddable":true,"href":"https:\/\/atecordoba.org\/index.php?rest_route=\/wp\/v2\/users\/6"}],"replies":[{"embeddable":true,"href":"https:\/\/atecordoba.org\/index.php?rest_route=%2Fwp%2Fv2%2Fcomments&post=35368"}],"version-history":[{"count":4,"href":"https:\/\/atecordoba.org\/index.php?rest_route=\/wp\/v2\/posts\/35368\/revisions"}],"predecessor-version":[{"id":35373,"href":"https:\/\/atecordoba.org\/index.php?rest_route=\/wp\/v2\/posts\/35368\/revisions\/35373"}],"wp:featuredmedia":[{"embeddable":true,"href":"https:\/\/atecordoba.org\/index.php?rest_route=\/wp\/v2\/media\/35369"}],"wp:attachment":[{"href":"https:\/\/atecordoba.org\/index.php?rest_route=%2Fwp%2Fv2%2Fmedia&parent=35368"}],"wp:term":[{"taxonomy":"category","embeddable":true,"href":"https:\/\/atecordoba.org\/index.php?rest_route=%2Fwp%2Fv2%2Fcategories&post=35368"},{"taxonomy":"post_tag","embeddable":true,"href":"https:\/\/atecordoba.org\/index.php?rest_route=%2Fwp%2Fv2%2Ftags&post=35368"}],"curies":[{"name":"wp","href":"https:\/\/api.w.org\/{rel}","templated":true}]}}