{"id":3533,"date":"2013-11-07T17:55:15","date_gmt":"2013-11-07T20:55:15","guid":{"rendered":"http:\/\/www.atecordoba.org\/?p=3533"},"modified":"2013-11-07T17:55:15","modified_gmt":"2013-11-07T20:55:15","slug":"cordoba-en-el-plenario-nacional-de-municipales","status":"publish","type":"post","link":"https:\/\/atecordoba.org\/?p=3533","title":{"rendered":"C\u00f3rdoba en el Plenario Nacional de Municipales"},"content":{"rendered":"<p><em>Una numerosa delegaci\u00f3n de compa\u00f1eros de distintos puntos de la provincia participaron en el Plenario Nacional del sector que se desarroll\u00f3 en Capital Federal. &#8220;Fue maravilloso y nos llena de fuerza para continuar el camino de organizar a los municipales de la provincia&#8221;, dijo nuestra secretaria General, Mar\u00eda Teresa Romero.\u00a0<\/em><\/p>\n<figure style=\"width: 576px\" class=\"wp-caption aligncenter\"><img loading=\"lazy\" decoding=\"async\" class=\"ngg-singlepic ngg-center \" alt=\"teresa-2\" src=\"http:\/\/www.atecordoba.org\/wp-content\/gallery\/plenario-nacional-municipales\/teresa-2.jpg\" width=\"576\" height=\"382\" \/><figcaption class=\"wp-caption-text\">Jos\u00e9 Luis Matassa y Oscar de Isassi, secretarios generales de Capital Federal y de Buenos Aires, junto a Mar\u00eda Teresa Romero<\/figcaption><\/figure>\n<p>Ante un marco espectacular de 1200 delegados de todo le pa\u00eds, entre ayer y hoy sesion\u00f3 el Plenario Nacional de Trabajadores Municipales. Representantes de 800 municipios de todo el pa\u00eds confluyeron en Capital Federal para ratificar el compromiso de ATE de crecer y organizar el sector m\u00e1s postergado del Estado.<\/p>\n<p>C\u00f3rdoba estuvo representada por una comitiva presidida por nuestra secretaria General, Mar\u00eda Teresa Romero, que cont\u00f3 con la presencia de los secretarios generales de las tres seccionales de la provincia: Cristian Colman, de R\u00edo Tercero, Walter Secondino, de Villa Mar\u00eda, y Federico Giuliani, de R\u00edo cuarto. En la oportunidad participaron compa\u00f1eros de San Francisco, Cruz del Eje, Unquillo, R\u00edo Ceballos, T\u00edo Pujio, San Agust\u00edn y Quilino, asi como de los 11 municipios que se sumaron a la representaci\u00f3n de la seccional R\u00edo Cuarto.<\/p>\n<p>&#8220;Fue un\u00a0plenario excepcional, donde nos encontramos y compartimos \u00a0experiencias\u00a0con municipales de todo el pa\u00eds. Nos llen\u00f3 de alegr\u00eda, fuerza, y sobre todo de esperanza. Nos vamos fortalecidos por como gremio en su conjunto hicimos un fuerte gesto pol\u00edtico de apertura de ATE al conjunto de los trabajadores municipales&#8221;, dijo Romero la comentar el encuentro.<\/p>\n<p>En ese sentido, la dirigente detall\u00f3 que &#8220;vamos a seguir organizando este sector que est\u00e1 muy castigado en todo el pa\u00eds. hay jornaleros que cobran miseria de salarios. El compromiso de ATE es por un sueldo digno para los municipales, m\u00e1s all\u00e1 del lugar del pa\u00eds donde ese encuentren, y esto es responsabilidad de los gobierno municipales, pero de los provinciales y del gobierno nacional tambi\u00e9n. Otro de los puntos claves es el pase a planta permanente porque hay demasiados precarizados&#8221;.<\/p>\n<p>Romero destac\u00f3 el discurso de V\u00edctor De Gennaro porque ayer se record\u00f3 el 29\u00b0 aniversario de la recuperaci\u00f3n de ATE a trav\u00e9s de ANUSATE. &#8220;Fue una inyecci\u00f3n de m\u00edstica escucharlo a V\u00edctor contar aquellas reuniones con H\u00e9ctor Quagliaro. Ni se imaginaban lo que vendr\u00eda para ATE en aquellos d\u00edas&#8221;.<\/p>\n<p>Estas referencias a la identidad de ATE sirven para que los nuevos compa\u00f1eros, muchos provenientes de otros gremios, conozcan lo que es nuestro gremio.<\/p>\n<p>Por otro lado, el Plenario defini\u00f3 que De Gennaro y el resto de los diputados de la provenientes de la CTA presenten un proyecto de ley para igualar las asignaciones familiares que actualmente muestran una gran diferencia seg\u00fan se trate de cada gobierno. &#8220;Pero tambi\u00e9n definimos que debemos apuntar ese proyecto con presencia en la calle, con apoyo a nuestros diputados porque si algo sabemos en estos 30 a\u00f1os de democracia es que nadie nos regala nada. Sino, los gobiernos ya hubieran mejorado la situaci\u00f3n del trabajador municipal&#8221;, afirm\u00f3.<\/p>\n<p>En ese marco, destac\u00f3 que la situaci\u00f3n de la mayor\u00eda de los municipios no es la mejor &#8220;pero el Estado debe garantizar igualdad en todo el territorio para los trabajadores y para que la comunidad reciba servicios en igual nivel de calidad&#8221;.<\/p>\n<p>Para finalizar, la secretaria General destac\u00f3 que el encuentro sirvi\u00f3 para cargar de m\u00edstica el esp\u00edritu y emprender el camino de la organizaci\u00f3n de los municipales. &#8220;En C\u00f3rdoba hay m\u00e1s de 400 municipios. as\u00ed que hay mucho para crecer&#8221;, concluy\u00f3.<\/p>\n<p>&nbsp;<\/p>\n","protected":false},"excerpt":{"rendered":"<p>Una numerosa delegaci\u00f3n de compa\u00f1eros de distintos puntos de la provincia participaron en el Plenario Nacional del sector que se desarroll\u00f3 en Capital Federal. &#8220;Fue maravilloso y nos llena de fuerza para continuar el camino de organizar a los municipales de la provincia&#8221;, dijo nuestra secretaria General, Mar\u00eda Teresa Romero.\u00a0 Ante un marco espectacular de [&hellip;]<\/p>\n","protected":false},"author":1,"featured_media":19220,"comment_status":"open","ping_status":"open","sticky":false,"template":"","format":"standard","meta":{"_exactmetrics_skip_tracking":false,"_exactmetrics_sitenote_active":false,"_exactmetrics_sitenote_note":"","_exactmetrics_sitenote_category":0,"jnews-multi-image_gallery":[],"jnews_single_post":[],"jnews_primary_category":[],"jnews_social_meta":[],"jnews_review":[],"enable_review":"","type":"","name":"","summary":"","brand":"","sku":"","good":[],"bad":[],"score_override":"","override_value":"","rating":[],"price":[],"jnews_override_counter":[],"jnews_post_split":[],"footnotes":""},"categories":[20],"tags":[],"class_list":["post-3533","post","type-post","status-publish","format-standard","has-post-thumbnail","hentry","category-municipales"],"jetpack_featured_media_url":"https:\/\/atecordoba.org\/wp-content\/uploads\/2020\/05\/logo-nuevochico-e1561581322808.png","_links":{"self":[{"href":"https:\/\/atecordoba.org\/index.php?rest_route=\/wp\/v2\/posts\/3533","targetHints":{"allow":["GET"]}}],"collection":[{"href":"https:\/\/atecordoba.org\/index.php?rest_route=\/wp\/v2\/posts"}],"about":[{"href":"https:\/\/atecordoba.org\/index.php?rest_route=\/wp\/v2\/types\/post"}],"author":[{"embeddable":true,"href":"https:\/\/atecordoba.org\/index.php?rest_route=\/wp\/v2\/users\/1"}],"replies":[{"embeddable":true,"href":"https:\/\/atecordoba.org\/index.php?rest_route=%2Fwp%2Fv2%2Fcomments&post=3533"}],"version-history":[{"count":0,"href":"https:\/\/atecordoba.org\/index.php?rest_route=\/wp\/v2\/posts\/3533\/revisions"}],"wp:featuredmedia":[{"embeddable":true,"href":"https:\/\/atecordoba.org\/index.php?rest_route=\/wp\/v2\/media\/19220"}],"wp:attachment":[{"href":"https:\/\/atecordoba.org\/index.php?rest_route=%2Fwp%2Fv2%2Fmedia&parent=3533"}],"wp:term":[{"taxonomy":"category","embeddable":true,"href":"https:\/\/atecordoba.org\/index.php?rest_route=%2Fwp%2Fv2%2Fcategories&post=3533"},{"taxonomy":"post_tag","embeddable":true,"href":"https:\/\/atecordoba.org\/index.php?rest_route=%2Fwp%2Fv2%2Ftags&post=3533"}],"curies":[{"name":"wp","href":"https:\/\/api.w.org\/{rel}","templated":true}]}}