{"id":35321,"date":"2022-12-28T15:12:03","date_gmt":"2022-12-28T18:12:03","guid":{"rendered":"https:\/\/atecordoba.org\/?p=35321"},"modified":"2022-12-28T15:14:58","modified_gmt":"2022-12-28T18:14:58","slug":"a-pedido-de-ate-anses-inaugura-hoy-por-primera-vez-un-punto-de-atencion-en-despenaderos","status":"publish","type":"post","link":"https:\/\/atecordoba.org\/?p=35321","title":{"rendered":"A pedido de ATE, ANSES inaugura hoy por primera vez un punto de atenci\u00f3n en Despe\u00f1aderos"},"content":{"rendered":"\n<figure class=\"wp-block-gallery has-nested-images columns-default is-cropped wp-block-gallery-1 is-layout-flex wp-block-gallery-is-layout-flex\">\n<figure class=\"wp-block-image size-large\"><img loading=\"lazy\" decoding=\"async\" width=\"1599\" height=\"899\" data-id=\"35323\" src=\"https:\/\/atecordoba.org\/wp-content\/uploads\/2022\/12\/Oficina-ANSES-Despenaderos.jpeg\" alt=\"\" class=\"wp-image-35323\" srcset=\"https:\/\/atecordoba.org\/wp-content\/uploads\/2022\/12\/Oficina-ANSES-Despenaderos.jpeg 1599w, https:\/\/atecordoba.org\/wp-content\/uploads\/2022\/12\/Oficina-ANSES-Despenaderos-300x169.jpeg 300w, https:\/\/atecordoba.org\/wp-content\/uploads\/2022\/12\/Oficina-ANSES-Despenaderos-1024x576.jpeg 1024w, https:\/\/atecordoba.org\/wp-content\/uploads\/2022\/12\/Oficina-ANSES-Despenaderos-768x432.jpeg 768w, https:\/\/atecordoba.org\/wp-content\/uploads\/2022\/12\/Oficina-ANSES-Despenaderos-1536x864.jpeg 1536w, https:\/\/atecordoba.org\/wp-content\/uploads\/2022\/12\/Oficina-ANSES-Despenaderos-750x422.jpeg 750w, https:\/\/atecordoba.org\/wp-content\/uploads\/2022\/12\/Oficina-ANSES-Despenaderos-1140x641.jpeg 1140w\" sizes=\"auto, (max-width: 1599px) 100vw, 1599px\" \/><\/figure>\n\n\n\n<figure class=\"wp-block-image size-large\"><img loading=\"lazy\" decoding=\"async\" width=\"1024\" height=\"1024\" data-id=\"35326\" src=\"https:\/\/atecordoba.org\/wp-content\/uploads\/2022\/12\/28-12-Apertura-ANSES-Despenaderos.jpeg\" alt=\"\" class=\"wp-image-35326\" srcset=\"https:\/\/atecordoba.org\/wp-content\/uploads\/2022\/12\/28-12-Apertura-ANSES-Despenaderos.jpeg 1024w, https:\/\/atecordoba.org\/wp-content\/uploads\/2022\/12\/28-12-Apertura-ANSES-Despenaderos-300x300.jpeg 300w, https:\/\/atecordoba.org\/wp-content\/uploads\/2022\/12\/28-12-Apertura-ANSES-Despenaderos-150x150.jpeg 150w, https:\/\/atecordoba.org\/wp-content\/uploads\/2022\/12\/28-12-Apertura-ANSES-Despenaderos-768x768.jpeg 768w, https:\/\/atecordoba.org\/wp-content\/uploads\/2022\/12\/28-12-Apertura-ANSES-Despenaderos-560x560.jpeg 560w, https:\/\/atecordoba.org\/wp-content\/uploads\/2022\/12\/28-12-Apertura-ANSES-Despenaderos-75x75.jpeg 75w, https:\/\/atecordoba.org\/wp-content\/uploads\/2022\/12\/28-12-Apertura-ANSES-Despenaderos-350x350.jpeg 350w, https:\/\/atecordoba.org\/wp-content\/uploads\/2022\/12\/28-12-Apertura-ANSES-Despenaderos-750x750.jpeg 750w\" sizes=\"auto, (max-width: 1024px) 100vw, 1024px\" \/><\/figure>\n<figcaption class=\"blocks-gallery-caption\">La nueva oficina de ANSES en Despe\u00f1aderos se encuentra en Bv. 9 de Julio N\u00b0 276<\/figcaption><\/figure>\n\n\n\n<p><\/p>\n\n\n\n<p>La nueva oficina de ANSES en Despe\u00f1aderos (Bv. 9 de Julio N\u00b0 276) se abre tras a\u00f1os de reclamos de ATE ante el grave problema edilicio de la&nbsp;Unidad de Atenci\u00f3n Integral (UDAI) del organismo en Alta Gracia. Es el primer punto nuevo de atenci\u00f3n que el Gobierno Nacional abre en toda su gesti\u00f3n (la gesti\u00f3n anterior no abri\u00f3 ninguno nuevo).<\/p>\n\n\n\n<p>&#8220;Este \u00faltimo tiempo el conflicto por las cuestiones edilicias se agrav\u00f3, comenzamos con las medidas de fuerza y nos expresaron que el lugar donde hoy funciona la UDAI no se pod\u00eda agrandar por &#8220;problemas presupuestarios&#8221;. Ante ello, acordamos esta salida que implica la apertura de un nuevo punto de contacto que servir\u00e1 para descomprimir tanto personal como p\u00fablico&#8221; expres\u00f3 Estefan\u00eda Carranza, delegada de ATE ANSES en Alta Gracia. Carranza explic\u00f3 que esta apertura es muy positiva ya que &#8220;es much\u00edsima la gente que&nbsp;deb\u00eda movilizarse&nbsp;desde Despe\u00f1aderos a Alta Gracia para realizar sus tr\u00e1mites&#8221;.<\/p>\n\n\n\n<figure class=\"wp-block-gallery has-nested-images columns-default is-cropped wp-block-gallery-2 is-layout-flex wp-block-gallery-is-layout-flex\">\n<figure class=\"wp-block-image size-large\"><img loading=\"lazy\" decoding=\"async\" width=\"1280\" height=\"720\" data-id=\"35324\" src=\"https:\/\/atecordoba.org\/wp-content\/uploads\/2022\/12\/ATE-ANSES-Alta-Gracia.jpeg\" alt=\"\" class=\"wp-image-35324\" srcset=\"https:\/\/atecordoba.org\/wp-content\/uploads\/2022\/12\/ATE-ANSES-Alta-Gracia.jpeg 1280w, https:\/\/atecordoba.org\/wp-content\/uploads\/2022\/12\/ATE-ANSES-Alta-Gracia-300x169.jpeg 300w, https:\/\/atecordoba.org\/wp-content\/uploads\/2022\/12\/ATE-ANSES-Alta-Gracia-1024x576.jpeg 1024w, https:\/\/atecordoba.org\/wp-content\/uploads\/2022\/12\/ATE-ANSES-Alta-Gracia-768x432.jpeg 768w, https:\/\/atecordoba.org\/wp-content\/uploads\/2022\/12\/ATE-ANSES-Alta-Gracia-750x422.jpeg 750w, https:\/\/atecordoba.org\/wp-content\/uploads\/2022\/12\/ATE-ANSES-Alta-Gracia-1140x641.jpeg 1140w\" sizes=\"auto, (max-width: 1280px) 100vw, 1280px\" \/><\/figure>\n\n\n\n<figure class=\"wp-block-image size-large\"><img loading=\"lazy\" decoding=\"async\" width=\"1280\" height=\"960\" data-id=\"35325\" src=\"https:\/\/atecordoba.org\/wp-content\/uploads\/2022\/12\/Oficina-ATE-ANSES-Alta-Gracia.jpeg\" alt=\"\" class=\"wp-image-35325\" srcset=\"https:\/\/atecordoba.org\/wp-content\/uploads\/2022\/12\/Oficina-ATE-ANSES-Alta-Gracia.jpeg 1280w, https:\/\/atecordoba.org\/wp-content\/uploads\/2022\/12\/Oficina-ATE-ANSES-Alta-Gracia-300x225.jpeg 300w, https:\/\/atecordoba.org\/wp-content\/uploads\/2022\/12\/Oficina-ATE-ANSES-Alta-Gracia-1024x768.jpeg 1024w, https:\/\/atecordoba.org\/wp-content\/uploads\/2022\/12\/Oficina-ATE-ANSES-Alta-Gracia-768x576.jpeg 768w, https:\/\/atecordoba.org\/wp-content\/uploads\/2022\/12\/Oficina-ATE-ANSES-Alta-Gracia-750x563.jpeg 750w, https:\/\/atecordoba.org\/wp-content\/uploads\/2022\/12\/Oficina-ATE-ANSES-Alta-Gracia-1140x855.jpeg 1140w\" sizes=\"auto, (max-width: 1280px) 100vw, 1280px\" \/><\/figure>\n\n\n\n<figure class=\"wp-block-image size-large\"><img loading=\"lazy\" decoding=\"async\" width=\"853\" height=\"1136\" data-id=\"35322\" src=\"https:\/\/atecordoba.org\/wp-content\/uploads\/2022\/12\/ANSES-Alta-Gracia.jpeg\" alt=\"\" class=\"wp-image-35322\" srcset=\"https:\/\/atecordoba.org\/wp-content\/uploads\/2022\/12\/ANSES-Alta-Gracia.jpeg 853w, https:\/\/atecordoba.org\/wp-content\/uploads\/2022\/12\/ANSES-Alta-Gracia-225x300.jpeg 225w, https:\/\/atecordoba.org\/wp-content\/uploads\/2022\/12\/ANSES-Alta-Gracia-769x1024.jpeg 769w, https:\/\/atecordoba.org\/wp-content\/uploads\/2022\/12\/ANSES-Alta-Gracia-768x1023.jpeg 768w, https:\/\/atecordoba.org\/wp-content\/uploads\/2022\/12\/ANSES-Alta-Gracia-750x999.jpeg 750w\" sizes=\"auto, (max-width: 853px) 100vw, 853px\" \/><\/figure>\n<figcaption class=\"blocks-gallery-caption\">ATE C\u00f3rdoba presente en la celebraci\u00f3n de los 10 a\u00f1os de la UDAI de ANSES en Alta Gracia, en enero de 2021<\/figcaption><\/figure>\n\n\n\n<p><\/p>\n\n\n\n<p>&#8220;En febrero, seg\u00fan nos han informado, comenzar\u00eda la licitaci\u00f3n para la obra de ampliaci\u00f3n del espacio de atenci\u00f3n de Alta Gracia. Esperemos que sea as\u00ed porque, adem\u00e1s de esta nueva oficina, es urgente mejorar las condiciones de trabajo y atenci\u00f3n en Alta Gracia&#8221;, manifest\u00f3 la representante del colectivo de 22 trabajadoras y trabajadores del organismo nacional en Alta Gracia.<\/p>\n","protected":false},"excerpt":{"rendered":"<p>La nueva oficina de ANSES en Despe\u00f1aderos (Bv. 9 de Julio N\u00b0 276) se abre tras a\u00f1os de reclamos de ATE ante el grave problema edilicio de la&nbsp;Unidad de Atenci\u00f3n Integral (UDAI) del organismo en Alta Gracia. Es el primer punto nuevo de atenci\u00f3n que el Gobierno Nacional abre en toda su gesti\u00f3n (la gesti\u00f3n [&hellip;]<\/p>\n","protected":false},"author":6,"featured_media":35326,"comment_status":"open","ping_status":"open","sticky":false,"template":"","format":"standard","meta":{"_exactmetrics_skip_tracking":false,"_exactmetrics_sitenote_active":false,"_exactmetrics_sitenote_note":"","_exactmetrics_sitenote_category":0,"jnews-multi-image_gallery":[],"jnews_single_post":{"subtitle":"Desde el sector informaron que \"esta es una soluci\u00f3n paliativa a reclamos de larga data por un espacio digno de trabajo en la UDAI de Alta Gracia\". Con la apertura se generar\u00edan, adem\u00e1s, nuevos puestos laborales y se agilizar\u00eda la atenci\u00f3n a la poblaci\u00f3n de la regi\u00f3n.","format":"standard","video":"","gallery":"","source_name":"","source_url":"","via_name":"","via_url":"","override_template":"0","override":[{"template":"1","single_blog_custom":"","parallax":"1","fullscreen":"1","layout":"right-sidebar","sidebar":"default-sidebar","second_sidebar":"default-sidebar","sticky_sidebar":"1","share_position":"top","share_float_style":"share-monocrhome","show_share_counter":"1","show_view_counter":"1","show_featured":"1","show_post_meta":"1","show_post_author":"1","show_post_author_image":"1","show_post_date":"1","post_date_format":"default","post_date_format_custom":"Y\/m\/d","show_post_category":"1","show_post_reading_time":"0","post_reading_time_wpm":"300","show_zoom_button":"0","zoom_button_out_step":"2","zoom_button_in_step":"3","show_post_tag":"1","show_prev_next_post":"1","show_popup_post":"1","number_popup_post":"1","show_author_box":"0","show_post_related":"0","show_inline_post_related":"0"}],"override_image_size":"0","image_override":[{"single_post_thumbnail_size":"crop-500","single_post_gallery_size":"crop-500"}],"trending_post":"0","trending_post_position":"meta","trending_post_label":"Trending","sponsored_post":"0","sponsored_post_label":"Sponsored by","sponsored_post_name":"","sponsored_post_url":"","sponsored_post_logo_enable":"0","sponsored_post_logo":"","sponsored_post_desc":"","disable_ad":"0"},"jnews_primary_category":{"id":""},"jnews_social_meta":{"fb_title":"","fb_description":"","fb_image":"","twitter_title":"","twitter_description":"","twitter_image":""},"jnews_review":[],"enable_review":"0","type":"percentage","name":"","summary":"","brand":"","sku":"","good":[{"good_text":""}],"bad":[{"bad_text":""}],"score_override":"","override_value":"","rating":[{"rating_text":"","rating_number":"10"}],"price":[{"shop":"","price":"","link":"","icon":""}],"jnews_override_counter":{"override_view_counter":"0","view_counter_number":"0","override_share_counter":"0","share_counter_number":"0","override_like_counter":"0","like_counter_number":"0","override_dislike_counter":"0","dislike_counter_number":"0"},"jnews_post_split":{"enable_post_split":"0","post_split":[{"template":"1","tag":"h2","numbering":"asc","mode":"normal","first":"0","enable_toc":"0","toc_type":"normal"}]},"footnotes":""},"categories":[341,18],"tags":[],"class_list":["post-35321","post","type-post","status-publish","format-standard","has-post-thumbnail","hentry","category-cdp","category-nacionales"],"jetpack_featured_media_url":"https:\/\/atecordoba.org\/wp-content\/uploads\/2022\/12\/28-12-Apertura-ANSES-Despenaderos.jpeg","_links":{"self":[{"href":"https:\/\/atecordoba.org\/index.php?rest_route=\/wp\/v2\/posts\/35321","targetHints":{"allow":["GET"]}}],"collection":[{"href":"https:\/\/atecordoba.org\/index.php?rest_route=\/wp\/v2\/posts"}],"about":[{"href":"https:\/\/atecordoba.org\/index.php?rest_route=\/wp\/v2\/types\/post"}],"author":[{"embeddable":true,"href":"https:\/\/atecordoba.org\/index.php?rest_route=\/wp\/v2\/users\/6"}],"replies":[{"embeddable":true,"href":"https:\/\/atecordoba.org\/index.php?rest_route=%2Fwp%2Fv2%2Fcomments&post=35321"}],"version-history":[{"count":2,"href":"https:\/\/atecordoba.org\/index.php?rest_route=\/wp\/v2\/posts\/35321\/revisions"}],"predecessor-version":[{"id":35328,"href":"https:\/\/atecordoba.org\/index.php?rest_route=\/wp\/v2\/posts\/35321\/revisions\/35328"}],"wp:featuredmedia":[{"embeddable":true,"href":"https:\/\/atecordoba.org\/index.php?rest_route=\/wp\/v2\/media\/35326"}],"wp:attachment":[{"href":"https:\/\/atecordoba.org\/index.php?rest_route=%2Fwp%2Fv2%2Fmedia&parent=35321"}],"wp:term":[{"taxonomy":"category","embeddable":true,"href":"https:\/\/atecordoba.org\/index.php?rest_route=%2Fwp%2Fv2%2Fcategories&post=35321"},{"taxonomy":"post_tag","embeddable":true,"href":"https:\/\/atecordoba.org\/index.php?rest_route=%2Fwp%2Fv2%2Ftags&post=35321"}],"curies":[{"name":"wp","href":"https:\/\/api.w.org\/{rel}","templated":true}]}}