{"id":35311,"date":"2022-12-28T11:53:49","date_gmt":"2022-12-28T14:53:49","guid":{"rendered":"https:\/\/atecordoba.org\/?p=35311"},"modified":"2022-12-28T12:14:01","modified_gmt":"2022-12-28T15:14:01","slug":"giuliani-y-el-balance-de-un-ano-plagado-de-conflictos-hay-que-dejar-de-sobrevivir-y-empezar-a-vivir-dignamente","status":"publish","type":"post","link":"https:\/\/atecordoba.org\/?p=35311","title":{"rendered":"Giuliani y el balance de un a\u00f1o plagado de conflictos: &#8220;hay que dejar de sobrevivir y empezar a vivir dignamente&#8221;"},"content":{"rendered":"\n<div class=\"wp-block-image\"><figure class=\"alignleft size-full\"><img loading=\"lazy\" decoding=\"async\" width=\"433\" height=\"607\" src=\"https:\/\/atecordoba.org\/wp-content\/uploads\/2022\/12\/federico-palestino.jpg\" alt=\"\" class=\"wp-image-35312\" srcset=\"https:\/\/atecordoba.org\/wp-content\/uploads\/2022\/12\/federico-palestino.jpg 433w, https:\/\/atecordoba.org\/wp-content\/uploads\/2022\/12\/federico-palestino-214x300.jpg 214w, https:\/\/atecordoba.org\/wp-content\/uploads\/2022\/12\/federico-palestino-360x504.jpg 360w\" sizes=\"auto, (max-width: 433px) 100vw, 433px\" \/><\/figure><\/div>\n\n\n\n<p><a href=\"https:\/\/ar.radiocut.fm\/audiocut\/balance-2022-perspectivas-2023-entrevista-a-federico-giuliani-sec-gral-ate-y-ctaa-cordoba\/\">En una larga charla donde se repas\u00f3 el panorama nacional y local<\/a> para hacer un balance de lo actuado desde ATE y la CTA en 2022, nuestro secretario General Federico Giuliani dio su mirada sobre la realidad que nos toca vivir a las y los trabajadores. <\/p>\n\n\n\n<p>Entrevistado por el programa radial Entre Todos y Todas, que emite la Secretar\u00eda de Prensa de ATE C\u00f3rdoba los martes a las 18 horas por GENFM 107.5, Giuliani respondi\u00f3 sobre la alta conflictividad que est\u00e1 ocurriendo este fin de a\u00f1o.<\/p>\n\n\n\n<p><strong>-No hay sectores sin conflicto. \u00bfPor qu\u00e9 llegamos as\u00ed a fin de a\u00f1o?<\/strong><\/p>\n\n\n\n<p>Todos los a\u00f1os son dif\u00edciles porque la puja por la distribuci\u00f3n de la riqueza es permanente. Tenemos patronales privadas y p\u00fablicas que cada vez quieren ajustar m\u00e1s sobre los sectores populares, empujando la pir\u00e1mide salarial para abajo cada vez m\u00e1s y las organizaciones libres del pueblo, como en este caso la Central, que pelean por condiciones dignas de trabajo y por un proyecto de sociedad distinta van a dar pelea.<\/p>\n\n\n\n<p>Este a\u00f1o es como todos los dem\u00e1s, con la particularidad de haber estado atravesado por la salida de la pandemia, que ahora vemos que no es tal porque el virus contin\u00faa, pero sobre todo porque los coletazos de la pandemia no los pagamos de la misma manera, de la forma equitativa que debi\u00f3 darse. Claramente los sectores concentrados siguen concentrando y los asalariados y desocupados cada vez tienen menos.<\/p>\n\n\n\n<p>En esa tensi\u00f3n, el a\u00f1o tuvo muchas peleas y hoy vemos como en R\u00edo Primero no podemos cerrar un frente de conflicto porque la patronal de la municipalidad no quiere dar el brazo a torcer por un bono de fin de a\u00f1o, que tampoco es la soluci\u00f3n a nada, pero por lo menos significar\u00eda tener algo m\u00e1s en la mesa. Esa es la s\u00edntesis de la CTA este a\u00f1o, cruzad pro su elecci\u00f3n, tanto a nivel nacional como provincial y las seccionales y regionales.<\/p>\n\n\n\n<p>Se mostr\u00f3 un crecimiento cuantitativo porque esta Central pas\u00f3 de 20 mil a 33 mil afiliados, sumando gremios privados. Pero el crecimiento tambi\u00e9n es cuantitativo por los cuadros que se integraron como los territorios pol\u00edticos y administrativos donde hoy estamos y que hace tiempo no hab\u00eda nada. Es el caso de Bell Ville, Punilla, Traslasierra o el norte provincial.<\/p>\n\n\n\n<p>&#8211;<strong>En los conflictos dentro del Estado a ATE le toca enfrentar patronales del peronismo, el radicalismo o el Pro. Qu\u00e9 relaci\u00f3n tiene el acuerdo con el FMI m\u00e1s all\u00e1 de estas diferencias partidarias para que el ajuste vuelva a recaer sobre los sectores trabajadores.<\/strong><\/p>\n\n\n\n<p>La primera definici\u00f3n es que el patr\u00f3n es patr\u00f3n m\u00e1s all\u00e1 del partido pol\u00edtico que integre y donde podemos tener un acercamiento mayor o menor. Cuando llegan a las gestiones se olvidan de las promesas de campa\u00f1a y se comportan como patrones de estancia. Y ah\u00ed surge la puja: si nos dejamos llevar por delante por funcionarios que est\u00e1n de paso -porque las y los estatales desarrollan una carrera desde que entran al Estado hasta que se jubilan- o nos paramos para defender la dignidad del trabajador, que es el mandato que tenemos de nuestras bases.<\/p>\n\n\n\n<div class=\"wp-block-image\"><figure class=\"aligncenter size-full is-resized\"><img loading=\"lazy\" decoding=\"async\" src=\"https:\/\/atecordoba.org\/wp-content\/uploads\/2022\/12\/fedrico-pechera.jpg\" alt=\"\" class=\"wp-image-35313\" width=\"745\" height=\"470\" \/><\/figure><\/div>\n\n\n\n<p>Por otro lado, el acuerdo con el Fondo va direccionado a achicar el gasto p\u00fablico, y cuando se habla de gasto sabemos que apuntan contra los trabajadores, eso significa perder salarios y derechos. Pero esto implica tambi\u00e9n achicar servicios que el Estado (sea nacional, provincial o municipal) brindan a la sociedad, no como un negocio sino en tanto derechos de la poblaci\u00f3n. As\u00ed, se afecta la salud p\u00fablica, la educaci\u00f3n, faltan viviendas o son indignas, no hay acceso a la tierra ni para el que quiere construir ni para el que quiere trabajarla.<\/p>\n\n\n\n<p>En ese marco, el contrato inmoral que firm\u00f3 el gobierno con le FMI por una deuda que no generamos nosotros, sino que sabemos que Macri la fug\u00f3 la exterior y este gobierno ni siquiera la audit\u00f3, la acept\u00f3 y la est\u00e1 pagando. Los n\u00fameros son evidentes: la mitad de la poblaci\u00f3n es pobre y la mitad de los pobres son indigentes. Con esos n\u00fameros es impensable plantear una paz social. Por eso la CTA estar\u00e1 a la vanguardia de los conflictos que se sucedan.<\/p>\n\n\n\n<div class=\"wp-block-image\"><figure class=\"alignright size-full\"><img loading=\"lazy\" decoding=\"async\" width=\"733\" height=\"421\" src=\"https:\/\/atecordoba.org\/wp-content\/uploads\/2022\/12\/federicorecorte.jpg\" alt=\"\" class=\"wp-image-35314\" srcset=\"https:\/\/atecordoba.org\/wp-content\/uploads\/2022\/12\/federicorecorte.jpg 733w, https:\/\/atecordoba.org\/wp-content\/uploads\/2022\/12\/federicorecorte-300x172.jpg 300w\" sizes=\"auto, (max-width: 733px) 100vw, 733px\" \/><\/figure><\/div>\n\n\n\n<p>&#8211;<strong>La FENAT como pata territorial de la CTA tiene un desarrollo importante y alcanz\u00f3 a poner algunos parches en las carencias cotidianas como es el acceso a los programas Potenciar Trabajo. Como evalu\u00e1s la pol\u00edtica del gobierno hacia los territorios que no genera trabajo genuino sino una asistencia con gusto a poco.<\/strong><\/p>\n\n\n\n<p>Es un paliativo con una mirada caritativa que solidaria e inclusiva. En Argentina sobra trabajo. Si tuvi\u00e9ramos un Estado nacional que construya viviendas, arregle escuelas y hospitales hasta nos faltar\u00eda mano de obra. El problema es que no la quieren pagar, o la pagan de manera miserable. Estos planes que no superan la l\u00ednea de indigencia imponen una visi\u00f3n asistencialista, muchas veces trabajadas por organizaciones sociales de manera punteril y replicando el clientelismo pol\u00edtico lamentable.<\/p>\n\n\n\n<p>Ahora, a partir de una denuncia donde dec\u00edan que algunos beneficiarios de la asistencia social compraban d\u00f3lares, est\u00e1 investigando la Justicia. Nosotros decimos, por qu\u00e9 no poner la lupa de la AFIP en los que evaden de verdad, las cerealeras, los grandes mercados concentradores de hacienda, todo lo que sale del puerto y no se audita ni se tarifa, los que tienen ahorros en d\u00f3lares en el exterior. Evidentemente este gobierno hace rato que dej\u00f3 de ser nacional y popular, pro m\u00e1s que digan otra cosa, y su punto de inflexi\u00f3n fue Vicent\u00edn, cuando se tuvo la posibilidad de recuperar una empresa alimentaria en un pa\u00eds con hambre y no se quiso hacer. A partir de ah\u00ed hay una pol\u00edtica de persecuci\u00f3n a los que menos tienen y lo de los Potenciar Trabajo es evidente.<\/p>\n\n\n\n<p>Esto no se soluciona con un manguito mas o menos, ac\u00e1 hay que generar trabajo y empezar a hablar del salario m\u00ednimo, vital y m\u00f3vil (SMVyM), refundarlo a partir de la perspectiva de la pr\u00e1ctica. Est\u00e1 contemplado en la Constituci\u00f3n Nacional, pero hoy el Estado no lo cumple ni lo hace cumplir a las patronales privadas. Seg\u00fan el Consejo del Salario, hoy un SMVyM es de 57 mil pesos, la l\u00ednea de la indigencia, cuando deber\u00eda garantizar que podamos vivir dignamente. Por qu\u00e9 un obrero no puede salir a comer una pizza con la familia o ir al cine o vestir a sus hijos. Estamos en una dualidad entre pelear para sobrevivir o empezar con un proyecto para vivir dignamente. En eso estamos y no me cabe la menor duda que para este gobierno&nbsp; y para los que mandar siempre es m\u00e1s f\u00e1cil adoctrinar, verduguear y perseguir a los que menos tienen que a los poderosos de verdad que se la siguen llevando en pala.<\/p>\n","protected":false},"excerpt":{"rendered":"<p>En una larga charla donde se repas\u00f3 el panorama nacional y local para hacer un balance de lo actuado desde ATE y la CTA en 2022, nuestro secretario General Federico Giuliani dio su mirada sobre la realidad que nos toca vivir a las y los trabajadores. Entrevistado por el programa radial Entre Todos y Todas, [&hellip;]<\/p>\n","protected":false},"author":7,"featured_media":35313,"comment_status":"open","ping_status":"open","sticky":false,"template":"","format":"standard","meta":{"_exactmetrics_skip_tracking":false,"_exactmetrics_sitenote_active":false,"_exactmetrics_sitenote_note":"","_exactmetrics_sitenote_category":0,"jnews-multi-image_gallery":[],"jnews_single_post":{"subtitle":"En su evaluaci\u00f3n, Giuliani valor\u00f3 el crecimiento cuantitativo porque la CTA \"que pas\u00f3 de 20 mil a 33 mil afiliados, sumando gremios privados. Pero el crecimiento tambi\u00e9n es cuantitativo por los cuadros que se integraron como los territorios pol\u00edticos y administrativos donde hoy estamos y que hace tiempo no hab\u00eda nada. Es el caso de Bell Ville, Punilla, Traslasierra o el norte provincial\".","format":"standard","video":"","gallery":"","source_name":"","source_url":"","via_name":"","via_url":"","override_template":"0","override":[{"template":"1","single_blog_custom":"","parallax":"1","fullscreen":"1","layout":"right-sidebar","sidebar":"default-sidebar","second_sidebar":"default-sidebar","sticky_sidebar":"1","share_position":"top","share_float_style":"share-monocrhome","show_share_counter":"1","show_view_counter":"1","show_featured":"1","show_post_meta":"1","show_post_author":"1","show_post_author_image":"1","show_post_date":"1","post_date_format":"default","post_date_format_custom":"Y\/m\/d","show_post_category":"1","show_post_reading_time":"0","post_reading_time_wpm":"300","show_zoom_button":"0","zoom_button_out_step":"2","zoom_button_in_step":"3","show_post_tag":"1","show_prev_next_post":"1","show_popup_post":"1","number_popup_post":"1","show_author_box":"0","show_post_related":"0","show_inline_post_related":"0"}],"override_image_size":"0","image_override":[{"single_post_thumbnail_size":"crop-500","single_post_gallery_size":"crop-500"}],"trending_post":"0","trending_post_position":"meta","trending_post_label":"Trending","sponsored_post":"0","sponsored_post_label":"Sponsored by","sponsored_post_name":"","sponsored_post_url":"","sponsored_post_logo_enable":"0","sponsored_post_logo":"","sponsored_post_desc":"","disable_ad":"0"},"jnews_primary_category":{"id":""},"jnews_social_meta":{"fb_title":"","fb_description":"","fb_image":"","twitter_title":"","twitter_description":"","twitter_image":""},"jnews_review":[],"enable_review":"0","type":"percentage","name":"","summary":"","brand":"","sku":"","good":[{"good_text":""}],"bad":[{"bad_text":""}],"score_override":"","override_value":"","rating":[{"rating_text":"","rating_number":"10"}],"price":[{"shop":"","price":"","link":"","icon":""}],"jnews_override_counter":{"override_view_counter":"0","view_counter_number":"0","override_share_counter":"0","share_counter_number":"0","override_like_counter":"0","like_counter_number":"0","override_dislike_counter":"0","dislike_counter_number":"0"},"jnews_post_split":{"enable_post_split":"0","post_split":[{"template":"1","tag":"h2","numbering":"asc","mode":"normal","first":"0","enable_toc":"0","toc_type":"normal"}]},"footnotes":""},"categories":[341,346],"tags":[],"class_list":["post-35311","post","type-post","status-publish","format-standard","has-post-thumbnail","hentry","category-cdp","category-prensa-y-comunicacion"],"jetpack_featured_media_url":"https:\/\/atecordoba.org\/wp-content\/uploads\/2022\/12\/fedrico-pechera-e1672239113358.jpg","_links":{"self":[{"href":"https:\/\/atecordoba.org\/index.php?rest_route=\/wp\/v2\/posts\/35311","targetHints":{"allow":["GET"]}}],"collection":[{"href":"https:\/\/atecordoba.org\/index.php?rest_route=\/wp\/v2\/posts"}],"about":[{"href":"https:\/\/atecordoba.org\/index.php?rest_route=\/wp\/v2\/types\/post"}],"author":[{"embeddable":true,"href":"https:\/\/atecordoba.org\/index.php?rest_route=\/wp\/v2\/users\/7"}],"replies":[{"embeddable":true,"href":"https:\/\/atecordoba.org\/index.php?rest_route=%2Fwp%2Fv2%2Fcomments&post=35311"}],"version-history":[{"count":2,"href":"https:\/\/atecordoba.org\/index.php?rest_route=\/wp\/v2\/posts\/35311\/revisions"}],"predecessor-version":[{"id":35316,"href":"https:\/\/atecordoba.org\/index.php?rest_route=\/wp\/v2\/posts\/35311\/revisions\/35316"}],"wp:featuredmedia":[{"embeddable":true,"href":"https:\/\/atecordoba.org\/index.php?rest_route=\/wp\/v2\/media\/35313"}],"wp:attachment":[{"href":"https:\/\/atecordoba.org\/index.php?rest_route=%2Fwp%2Fv2%2Fmedia&parent=35311"}],"wp:term":[{"taxonomy":"category","embeddable":true,"href":"https:\/\/atecordoba.org\/index.php?rest_route=%2Fwp%2Fv2%2Fcategories&post=35311"},{"taxonomy":"post_tag","embeddable":true,"href":"https:\/\/atecordoba.org\/index.php?rest_route=%2Fwp%2Fv2%2Ftags&post=35311"}],"curies":[{"name":"wp","href":"https:\/\/api.w.org\/{rel}","templated":true}]}}