{"id":35292,"date":"2022-12-27T14:08:39","date_gmt":"2022-12-27T17:08:39","guid":{"rendered":"https:\/\/atecordoba.org\/?p=35292"},"modified":"2023-01-06T14:14:39","modified_gmt":"2023-01-06T17:14:39","slug":"la-experiencia-de-codeca-lucha-por-la-identidad-en-guatemala-y-refuerzo-de-los-vinculos-con-sudamerica","status":"publish","type":"post","link":"https:\/\/atecordoba.org\/?p=35292","title":{"rendered":"La experiencia de CODECA: lucha por la identidad en Guatemala y refuerzo de los v\u00ednculos con Sudam\u00e9rica"},"content":{"rendered":"\n<div class=\"wp-block-image\"><figure class=\"aligncenter size-full\"><img loading=\"lazy\" decoding=\"async\" width=\"645\" height=\"480\" src=\"https:\/\/atecordoba.org\/wp-content\/uploads\/2022\/12\/CODECA3.jpg\" alt=\"\" class=\"wp-image-35293\" srcset=\"https:\/\/atecordoba.org\/wp-content\/uploads\/2022\/12\/CODECA3.jpg 645w, https:\/\/atecordoba.org\/wp-content\/uploads\/2022\/12\/CODECA3-300x223.jpg 300w\" sizes=\"auto, (max-width: 645px) 100vw, 645px\" \/><\/figure><\/div>\n\n\n\n<p>En el marco de la pol\u00edtica de construcci\u00f3n de v\u00ednculos con pueblos que lucha en Latinoam\u00e9rica, el Consejo Directivo Provincial (CDP) promovi\u00f3 una entrevista con el compa\u00f1ero guatemalteco Ollantay Itzamn\u00e1, defensor de la madre tierra, miembro de Codeca.<\/p>\n\n\n\n<p><a href=\"https:\/\/ar.radiocut.fm\/audiocut\/ollantay-itzmana-miembro-codeca-defensor-ddhh-y-madre-tierra-guatemala\/\">La charla se realiz\u00f3 en le marco del programa radial Entre Todos y Todas<\/a>, que la Secretar\u00eda de Prensa de ATE C\u00f3rdoba emite cada martes por GENFM 107.5. Conducido por Franco Ayesa y con la participaci\u00f3n de la secretaria de Prensa Julia Giuliani, especio ofrece una mirada diferente de la realidad de la regi\u00f3n, con actores originales y comprometidos con la Patria Grande y el respeto por la Madre Tierra, como es el caso de Ollantay. <\/p>\n\n\n\n<p><strong>\u00bfQu\u00e9 es CODECA?<\/strong><\/p>\n\n\n\n<div class=\"wp-block-image\"><figure class=\"alignleft size-full\"><img loading=\"lazy\" decoding=\"async\" width=\"300\" height=\"300\" src=\"https:\/\/atecordoba.org\/wp-content\/uploads\/2022\/12\/Itzamna.png\" alt=\"\" class=\"wp-image-35294\" srcset=\"https:\/\/atecordoba.org\/wp-content\/uploads\/2022\/12\/Itzamna.png 300w, https:\/\/atecordoba.org\/wp-content\/uploads\/2022\/12\/Itzamna-150x150.png 150w, https:\/\/atecordoba.org\/wp-content\/uploads\/2022\/12\/Itzamna-75x75.png 75w\" sizes=\"auto, (max-width: 300px) 100vw, 300px\" \/><figcaption>Ollantay Itzamn\u00e1, de Codeca.<\/figcaption><\/figure><\/div>\n\n\n\n<p>Ollantay Itzamn\u00e1: aqu\u00ed est\u00e1n ocurriendo muchos procesos, desaf\u00edos te\u00f1idos de esperanza, pero tambi\u00e9n de dolor y sufrimiento. Soy integrante del Comit\u00e9 de Desarrollo Campesino (CODECA), fundado hace 30 a\u00f1os en \u00e9pocas de guerrilla, en un conflicto que se extendi\u00f3 por tres d\u00e9cadas. Parte de esa poblaci\u00f3n alzada en armas junto a CODECA construy\u00f3 este movimiento nacional, extendi\u00e9ndose a zonas urbanas y nuestro horizonte es el buen vivir, aspiramos a hacer cambios estructurales, a nivel jur\u00eddico e institucional, aspirando a que esto sucede en el continente y hasta a nivel mundial, teniendo en cuenta la dignidad y los derechos de la madre tierra. &nbsp;<\/p>\n\n\n\n<p><strong>\u00bfQu\u00e9 es la Abya Yala?<\/strong><\/p>\n\n\n\n<p>O.I.: Es un t\u00e9rmino que utilizan nuestros hermanos mayores, como los Gunas, pueblo originario de Panam\u00e1, para referirse al continente americano. En el idioma Guna quiere decir tierra viva, tierra fecunda o f\u00e9rtil. &nbsp;Nosotros tomamos el t\u00e9rmino y lo utilizamos porque entendemos que una forma de descolonizar es recuperando nuestro propio lenguaje y el sentido que tiene.<\/p>\n\n\n\n<p>Si los colonizadores nos llamaron indios, eso tuvo un sentido ideol\u00f3gico de sometimiento y anulaci\u00f3n como sujetos, de esa misma manera surgieron los nombres que refieren a los lugares, definiendo los territorios. Por eso decidimos como originarios no llamarnos m\u00e1s con las denominaciones que nos impusieron, fuimos redescubriendo poco a poco la forma de llamarnos de manera aut\u00f3ctona. Mi nombre de pila no es Ollantay sino Juvenal, que viene del calendario grecorromano, pero tambi\u00e9n en esta emancipaci\u00f3n interna que debemos vivir vamos buscando nuestros nombres propios, originarios, y nos autodenominamos de esa manera. &nbsp;&nbsp;&nbsp;&nbsp;<\/p>\n\n\n\n<p>En este momento el continente est\u00e1 surgiendo el pensamiento pol\u00edtico, de la vida, va a emergiendo a pesar de la colonialidad. La liberaci\u00f3n no solo debe ser pol\u00edtica y social sino identitaria, necesitamos una liberaci\u00f3n interior.<\/p>\n\n\n\n<p><strong>\u00bfQu\u00e9 rol cumple EEUU en Centroam\u00e9rica en la actualidad?<\/strong><\/p>\n\n\n\n<p>O.I.: Tras el fin de las guerras internas en toda Centroam\u00e9rica, la ayuda internacional europea desapareci\u00f3 de la regi\u00f3n y el gobierno norteamericano impuso su fluyo financiero por medio de la USAID y aqu\u00ed nada ocurre si no es con la venia del gobierno de EEUU, ellos tienen su sistema de corrupci\u00f3n que castiga otros subsistemas de corrupci\u00f3n que pretenda competir. Y ese es el eterno teatro en que vivimos.<\/p>\n\n\n\n<div class=\"wp-block-image\"><figure class=\"alignright size-large is-resized\"><img loading=\"lazy\" decoding=\"async\" src=\"https:\/\/atecordoba.org\/wp-content\/uploads\/2022\/12\/CODECA-1024x683.jpg\" alt=\"\" class=\"wp-image-35296\" width=\"512\" height=\"342\" srcset=\"https:\/\/atecordoba.org\/wp-content\/uploads\/2022\/12\/CODECA-1024x683.jpg 1024w, https:\/\/atecordoba.org\/wp-content\/uploads\/2022\/12\/CODECA-300x200.jpg 300w, https:\/\/atecordoba.org\/wp-content\/uploads\/2022\/12\/CODECA-768x512.jpg 768w, https:\/\/atecordoba.org\/wp-content\/uploads\/2022\/12\/CODECA-1536x1024.jpg 1536w, https:\/\/atecordoba.org\/wp-content\/uploads\/2022\/12\/CODECA-2048x1365.jpg 2048w, https:\/\/atecordoba.org\/wp-content\/uploads\/2022\/12\/CODECA-750x500.jpg 750w, https:\/\/atecordoba.org\/wp-content\/uploads\/2022\/12\/CODECA-1140x760.jpg 1140w\" sizes=\"auto, (max-width: 512px) 100vw, 512px\" \/><\/figure><\/div>\n\n\n\n<p>Fue interesante lo que sucedi\u00f3 en 2015 cuando uno de los corruptos se levant\u00f3 contra el sistema corrupto hegem\u00f3nico y los norteamericanos lo mandaron a la c\u00e1rcel para luego levantar la mano EEUU y atacar a los gobiernos progresistas con el cuento de la lucha contra la corrupci\u00f3n, que ser\u00eda ya legitimada en Centroam\u00e9rica. Lo mismo que sucedi\u00f3 en el sur, en caos como el ecuatoriano, el brasilero, etc. Pero la corrupci\u00f3n aqu\u00ed sigui\u00f3 y la lucha anticorrupci\u00f3n ya no fue de inter\u00e9s para los norteamericanos, los jueces que presuntamente combatieron la corrupci\u00f3n ahora se han tenido que ir del pa\u00eds. Es todo un teatro donde el principal actor es Estados Unidos y su presencia perversa. Felizmente estamos los movimientos que nos levantamos contra eso.<\/p>\n\n\n\n<p><strong>En el encuentro realizado noviembre, hab\u00eda gente de varios pa\u00edses y llam\u00f3 la atenci\u00f3n el nivel de persecuci\u00f3n y hostigamiento, judicial y medi\u00e1tico, sino tambi\u00e9n el peligro f\u00edsico por los asesinatos pol\u00edticos. C\u00f3mo hacen 30 a\u00f1os despu\u00e9s para seguir luchando contra un gobierno que adem\u00e1s de corrupto es genocida.<\/strong><\/p>\n\n\n\n<p>O.I.: Nuestros padres vieron con dolor la situaci\u00f3n en que nosotros hemos crecido. Nos toca ver a nuestros hijos que crezcan en una situaci\u00f3n de mal en peor. Por eso no queda m\u00e1s remedio que luchar, con la certeza que tu vida est\u00e1 ofrendada de antemano en este caminar. Por lo tanto tus aspiraciones y sue\u00f1os individuales quedan supeditados a lo que pueda generar esa lucha colectiva.<\/p>\n\n\n\n<p>Eso es la conciencia de lo que vamos viviendo y nos obliga a tener esta actitud de ofrenda permanente. Sabemos que de rodillas igual nos van a liquidar as\u00ed que eso nos obliga a estar de pie y hacerles frente en estas situaciones.<\/p>\n\n\n\n<p><strong>Qu\u00e9 rol cumple la regi\u00f3n en su conjunto para construir redes con otros pueblos.<\/strong><\/p>\n\n\n\n<p>O.I.: Lamentablemente nosotros nos encontramos geogr\u00e1ficamente en el punto donde se debate una civilidad de la muerte, para decirlo de forma po\u00e9tica, y una civilidad de la vida. \u00c9sta \u00faltima emerge desde el sur y en ese sentido Am\u00e9rica del Sur es fundamental porque procesos como el boliviano, el ecuatoriano o la resistencia in\u00e9dita que est\u00e1n ofrendando los pueblos de Per\u00fa en este momento, no inyecta esperanzas y nos da la certeza que nuestro norte siempre ser\u00e1 el sur. No es el norte modernizante y colonial.<\/p>\n\n\n\n<p>El v\u00ednculo con compa\u00f1eros como ustedes es fundamental &nbsp;ahora mismo.<\/p>\n","protected":false},"excerpt":{"rendered":"<p>En el marco de la pol\u00edtica de construcci\u00f3n de v\u00ednculos con pueblos que lucha en Latinoam\u00e9rica, el Consejo Directivo Provincial (CDP) promovi\u00f3 una entrevista con el compa\u00f1ero guatemalteco Ollantay Itzamn\u00e1, defensor de la madre tierra, miembro de Codeca. La charla se realiz\u00f3 en le marco del programa radial Entre Todos y Todas, que la Secretar\u00eda [&hellip;]<\/p>\n","protected":false},"author":7,"featured_media":35295,"comment_status":"open","ping_status":"open","sticky":false,"template":"","format":"standard","meta":{"_exactmetrics_skip_tracking":false,"_exactmetrics_sitenote_active":false,"_exactmetrics_sitenote_note":"","_exactmetrics_sitenote_category":0,"jnews-multi-image_gallery":[],"jnews_single_post":{"subtitle":"\"Si los colonizadores nos llamaron indios, eso tuvo un sentido ideol\u00f3gico de sometimiento y anulaci\u00f3n como sujetos, de esa misma manera surgieron los nombres que refieren a los lugares, definiendo los territorios. Por eso decidimos como originarios no llamarnos m\u00e1s con las denominaciones que nos impusieron, fuimos redescubriendo poco a poco la forma de llamarnos de manera aut\u00f3ctona\", explica Ollantay Itzamn\u00e1, de Codeca.","format":"standard","video":"","gallery":"","source_name":"","source_url":"","via_name":"","via_url":"","override_template":"0","override":[{"template":"1","single_blog_custom":"","parallax":"1","fullscreen":"1","layout":"right-sidebar","sidebar":"default-sidebar","second_sidebar":"default-sidebar","sticky_sidebar":"1","share_position":"top","share_float_style":"share-monocrhome","show_share_counter":"1","show_view_counter":"1","show_featured":"1","show_post_meta":"1","show_post_author":"1","show_post_author_image":"1","show_post_date":"1","post_date_format":"default","post_date_format_custom":"Y\/m\/d","show_post_category":"1","show_post_reading_time":"0","post_reading_time_wpm":"300","show_zoom_button":"0","zoom_button_out_step":"2","zoom_button_in_step":"3","show_post_tag":"1","show_prev_next_post":"1","show_popup_post":"1","number_popup_post":"1","show_author_box":"0","show_post_related":"0","show_inline_post_related":"0"}],"override_image_size":"0","image_override":[{"single_post_thumbnail_size":"crop-500","single_post_gallery_size":"crop-500"}],"trending_post":"0","trending_post_position":"meta","trending_post_label":"Trending","sponsored_post":"0","sponsored_post_label":"Sponsored by","sponsored_post_name":"","sponsored_post_url":"","sponsored_post_logo_enable":"0","sponsored_post_logo":"","sponsored_post_desc":"","disable_ad":"0"},"jnews_primary_category":{"id":""},"jnews_social_meta":{"fb_title":"","fb_description":"","fb_image":"","twitter_title":"","twitter_description":"","twitter_image":""},"jnews_review":[],"enable_review":"0","type":"percentage","name":"","summary":"","brand":"","sku":"","good":[{"good_text":""}],"bad":[{"bad_text":""}],"score_override":"","override_value":"","rating":[{"rating_text":"","rating_number":"10"}],"price":[{"shop":"","price":"","link":"","icon":""}],"jnews_override_counter":{"override_view_counter":"0","view_counter_number":"0","override_share_counter":"0","share_counter_number":"0","override_like_counter":"0","like_counter_number":"0","override_dislike_counter":"0","dislike_counter_number":"0"},"jnews_post_split":{"enable_post_split":"0","post_split":[{"template":"1","tag":"h2","numbering":"asc","mode":"normal","first":"0","enable_toc":"0","toc_type":"normal"}]},"footnotes":""},"categories":[10],"tags":[1289,1288],"class_list":["post-35292","post","type-post","status-publish","format-standard","has-post-thumbnail","hentry","category-accion-politica","tag-codeca","tag-guatemala"],"jetpack_featured_media_url":"https:\/\/atecordoba.org\/wp-content\/uploads\/2022\/12\/CODECA2j.jpeg","_links":{"self":[{"href":"https:\/\/atecordoba.org\/index.php?rest_route=\/wp\/v2\/posts\/35292","targetHints":{"allow":["GET"]}}],"collection":[{"href":"https:\/\/atecordoba.org\/index.php?rest_route=\/wp\/v2\/posts"}],"about":[{"href":"https:\/\/atecordoba.org\/index.php?rest_route=\/wp\/v2\/types\/post"}],"author":[{"embeddable":true,"href":"https:\/\/atecordoba.org\/index.php?rest_route=\/wp\/v2\/users\/7"}],"replies":[{"embeddable":true,"href":"https:\/\/atecordoba.org\/index.php?rest_route=%2Fwp%2Fv2%2Fcomments&post=35292"}],"version-history":[{"count":3,"href":"https:\/\/atecordoba.org\/index.php?rest_route=\/wp\/v2\/posts\/35292\/revisions"}],"predecessor-version":[{"id":35367,"href":"https:\/\/atecordoba.org\/index.php?rest_route=\/wp\/v2\/posts\/35292\/revisions\/35367"}],"wp:featuredmedia":[{"embeddable":true,"href":"https:\/\/atecordoba.org\/index.php?rest_route=\/wp\/v2\/media\/35295"}],"wp:attachment":[{"href":"https:\/\/atecordoba.org\/index.php?rest_route=%2Fwp%2Fv2%2Fmedia&parent=35292"}],"wp:term":[{"taxonomy":"category","embeddable":true,"href":"https:\/\/atecordoba.org\/index.php?rest_route=%2Fwp%2Fv2%2Fcategories&post=35292"},{"taxonomy":"post_tag","embeddable":true,"href":"https:\/\/atecordoba.org\/index.php?rest_route=%2Fwp%2Fv2%2Ftags&post=35292"}],"curies":[{"name":"wp","href":"https:\/\/api.w.org\/{rel}","templated":true}]}}