{"id":35271,"date":"2022-12-26T14:03:24","date_gmt":"2022-12-26T17:03:24","guid":{"rendered":"https:\/\/atecordoba.org\/?p=35271"},"modified":"2022-12-26T14:42:35","modified_gmt":"2022-12-26T17:42:35","slug":"prosiguen-las-asambleas-y-se-extiende-el-conflicto-en-rio-primero","status":"publish","type":"post","link":"https:\/\/atecordoba.org\/?p=35271","title":{"rendered":"Prosiguen las asambleas y se extiende el conflicto en R\u00edo Primero"},"content":{"rendered":"\n<div class=\"wp-block-image\"><figure class=\"aligncenter size-large is-resized\"><img loading=\"lazy\" decoding=\"async\" src=\"https:\/\/atecordoba.org\/wp-content\/uploads\/2022\/12\/IMG-20221226-WA0094-1024x768.jpg\" alt=\"\" class=\"wp-image-35272\" width=\"768\" height=\"576\" \/><\/figure><\/div>\n\n\n\n<p>En R\u00edo Primero se llev\u00f3 a cabo hoy una asamblea de trabajadores y trabajadoras municipales del Corral\u00f3n Municipal y del Centro de Salud donde se defini\u00f3 llevar adelante ma\u00f1ana un corte de ruta frente a la Municipalidad, en reclamo de la reapertura de la mesa de di\u00e1logo que el Ejecutivo desactivo incumpliendo los compromisos previos que est\u00e1n asumidos en un acta paritaria.<\/p>\n\n\n\n<p>La manifestaci\u00f3n contar\u00e1 con la presencia del secretario General de ATE C\u00f3rdoba, Federico Giuliani.<\/p>\n\n\n\n<div class=\"wp-block-image\"><figure class=\"aligncenter size-large is-resized\"><img loading=\"lazy\" decoding=\"async\" src=\"https:\/\/atecordoba.org\/wp-content\/uploads\/2022\/12\/WhatsApp-Image-2022-12-26-at-14.08.47-1024x1024.jpeg\" alt=\"\" class=\"wp-image-35281\" width=\"768\" height=\"768\" srcset=\"https:\/\/atecordoba.org\/wp-content\/uploads\/2022\/12\/WhatsApp-Image-2022-12-26-at-14.08.47-1024x1024.jpeg 1024w, https:\/\/atecordoba.org\/wp-content\/uploads\/2022\/12\/WhatsApp-Image-2022-12-26-at-14.08.47-300x300.jpeg 300w, https:\/\/atecordoba.org\/wp-content\/uploads\/2022\/12\/WhatsApp-Image-2022-12-26-at-14.08.47-150x150.jpeg 150w, https:\/\/atecordoba.org\/wp-content\/uploads\/2022\/12\/WhatsApp-Image-2022-12-26-at-14.08.47-768x768.jpeg 768w, https:\/\/atecordoba.org\/wp-content\/uploads\/2022\/12\/WhatsApp-Image-2022-12-26-at-14.08.47-560x560.jpeg 560w, https:\/\/atecordoba.org\/wp-content\/uploads\/2022\/12\/WhatsApp-Image-2022-12-26-at-14.08.47-75x75.jpeg 75w, https:\/\/atecordoba.org\/wp-content\/uploads\/2022\/12\/WhatsApp-Image-2022-12-26-at-14.08.47-350x350.jpeg 350w, https:\/\/atecordoba.org\/wp-content\/uploads\/2022\/12\/WhatsApp-Image-2022-12-26-at-14.08.47-750x750.jpeg 750w, https:\/\/atecordoba.org\/wp-content\/uploads\/2022\/12\/WhatsApp-Image-2022-12-26-at-14.08.47.jpeg 1081w\" sizes=\"auto, (max-width: 768px) 100vw, 768px\" \/><\/figure><\/div>\n\n\n\n<p>Seg\u00fan explic\u00f3 el delegado de ATE en la localidad, Jos\u00e9 Baigorria, el Ejecutivo\u201d cort\u00f3 el di\u00e1logo. En octubre pactamos la creaci\u00f3n de un \u00e1rea de relaciones laborales para el 25 de noviembre. El acta firmada por nuestro gremio y el municipio tambi\u00e9n se estableci\u00f3 que tendr\u00edamos una reuni\u00f3n paritaria el 7 de diciembre. Ninguno de los dos puntos se cumpli\u00f3 hasta el momento\u201d.<\/p>\n\n\n\n<p>Adem\u00e1s, apunt\u00f3 que \u201cmandamos nota a trav\u00e9s del equipo jur\u00eddico de ATE y se termin\u00f3 fijando una reuni\u00f3n para el viernes 15 de diciembre donde solo nos recibi\u00f3 el encargado de RRHH y el asesor letrado. Pedimos un aumento del 30% y un bono navide\u00f1o de 30 mil pesos\u201d.<\/p>\n\n\n\n<p>Tambi\u00e9n se realiz\u00f3 la entrega de las cajas navide\u00f1as para las y los afiliados, cumpliendo con la pol\u00edtica social de nuestro gremio en este fin de a\u00f1o, al tiempo que se sostienen las reivindicaciones sectoriales y los compromisos de lucha, en base a lo resuelto por las y los municipales de la localidad.<\/p>\n\n\n\n<figure class=\"wp-block-gallery has-nested-images columns-default is-cropped wp-block-gallery-1 is-layout-flex wp-block-gallery-is-layout-flex\">\n<figure class=\"wp-block-image size-large\"><img loading=\"lazy\" decoding=\"async\" width=\"1024\" height=\"768\" data-id=\"35278\" src=\"https:\/\/atecordoba.org\/wp-content\/uploads\/2022\/12\/IMG-20221226-WA0090-1024x768.jpg\" alt=\"\" class=\"wp-image-35278\" srcset=\"https:\/\/atecordoba.org\/wp-content\/uploads\/2022\/12\/IMG-20221226-WA0090-1024x768.jpg 1024w, https:\/\/atecordoba.org\/wp-content\/uploads\/2022\/12\/IMG-20221226-WA0090-300x225.jpg 300w, https:\/\/atecordoba.org\/wp-content\/uploads\/2022\/12\/IMG-20221226-WA0090-768x576.jpg 768w, https:\/\/atecordoba.org\/wp-content\/uploads\/2022\/12\/IMG-20221226-WA0090-1536x1152.jpg 1536w, https:\/\/atecordoba.org\/wp-content\/uploads\/2022\/12\/IMG-20221226-WA0090-750x563.jpg 750w, https:\/\/atecordoba.org\/wp-content\/uploads\/2022\/12\/IMG-20221226-WA0090-1140x855.jpg 1140w, https:\/\/atecordoba.org\/wp-content\/uploads\/2022\/12\/IMG-20221226-WA0090.jpg 1600w\" sizes=\"auto, (max-width: 1024px) 100vw, 1024px\" \/><\/figure>\n\n\n\n<figure class=\"wp-block-image size-large\"><img loading=\"lazy\" decoding=\"async\" width=\"1024\" height=\"768\" data-id=\"35277\" src=\"https:\/\/atecordoba.org\/wp-content\/uploads\/2022\/12\/IMG-20221226-WA0091-1024x768.jpg\" alt=\"\" class=\"wp-image-35277\" srcset=\"https:\/\/atecordoba.org\/wp-content\/uploads\/2022\/12\/IMG-20221226-WA0091-1024x768.jpg 1024w, https:\/\/atecordoba.org\/wp-content\/uploads\/2022\/12\/IMG-20221226-WA0091-300x225.jpg 300w, https:\/\/atecordoba.org\/wp-content\/uploads\/2022\/12\/IMG-20221226-WA0091-768x576.jpg 768w, https:\/\/atecordoba.org\/wp-content\/uploads\/2022\/12\/IMG-20221226-WA0091-1536x1152.jpg 1536w, https:\/\/atecordoba.org\/wp-content\/uploads\/2022\/12\/IMG-20221226-WA0091-750x563.jpg 750w, https:\/\/atecordoba.org\/wp-content\/uploads\/2022\/12\/IMG-20221226-WA0091-1140x855.jpg 1140w, https:\/\/atecordoba.org\/wp-content\/uploads\/2022\/12\/IMG-20221226-WA0091.jpg 1600w\" sizes=\"auto, (max-width: 1024px) 100vw, 1024px\" \/><\/figure>\n\n\n\n<figure class=\"wp-block-image size-large\"><img loading=\"lazy\" decoding=\"async\" width=\"768\" height=\"1024\" data-id=\"35276\" src=\"https:\/\/atecordoba.org\/wp-content\/uploads\/2022\/12\/IMG-20221226-WA0092-768x1024.jpg\" alt=\"\" class=\"wp-image-35276\" srcset=\"https:\/\/atecordoba.org\/wp-content\/uploads\/2022\/12\/IMG-20221226-WA0092-768x1024.jpg 768w, https:\/\/atecordoba.org\/wp-content\/uploads\/2022\/12\/IMG-20221226-WA0092-225x300.jpg 225w, https:\/\/atecordoba.org\/wp-content\/uploads\/2022\/12\/IMG-20221226-WA0092-1152x1536.jpg 1152w, https:\/\/atecordoba.org\/wp-content\/uploads\/2022\/12\/IMG-20221226-WA0092-750x1000.jpg 750w, https:\/\/atecordoba.org\/wp-content\/uploads\/2022\/12\/IMG-20221226-WA0092-1140x1520.jpg 1140w, https:\/\/atecordoba.org\/wp-content\/uploads\/2022\/12\/IMG-20221226-WA0092.jpg 1200w\" sizes=\"auto, (max-width: 768px) 100vw, 768px\" \/><\/figure>\n<\/figure>\n\n\n\n<div class=\"wp-block-image\"><figure class=\"aligncenter size-large\"><img loading=\"lazy\" decoding=\"async\" width=\"1024\" height=\"560\" src=\"https:\/\/atecordoba.org\/wp-content\/uploads\/2022\/12\/caja-2-1024x560.jpg\" alt=\"\" class=\"wp-image-35284\" srcset=\"https:\/\/atecordoba.org\/wp-content\/uploads\/2022\/12\/caja-2-1024x560.jpg 1024w, https:\/\/atecordoba.org\/wp-content\/uploads\/2022\/12\/caja-2-300x164.jpg 300w, https:\/\/atecordoba.org\/wp-content\/uploads\/2022\/12\/caja-2-768x420.jpg 768w, https:\/\/atecordoba.org\/wp-content\/uploads\/2022\/12\/caja-2-750x410.jpg 750w, https:\/\/atecordoba.org\/wp-content\/uploads\/2022\/12\/caja-2-1140x623.jpg 1140w, https:\/\/atecordoba.org\/wp-content\/uploads\/2022\/12\/caja-2.jpg 1167w\" sizes=\"auto, (max-width: 1024px) 100vw, 1024px\" \/><\/figure><\/div>\n","protected":false},"excerpt":{"rendered":"<p>En R\u00edo Primero se llev\u00f3 a cabo hoy una asamblea de trabajadores y trabajadoras municipales del Corral\u00f3n Municipal y del Centro de Salud donde se defini\u00f3 llevar adelante ma\u00f1ana un corte de ruta frente a la Municipalidad, en reclamo de la reapertura de la mesa de di\u00e1logo que el Ejecutivo desactivo incumpliendo los compromisos previos [&hellip;]<\/p>\n","protected":false},"author":7,"featured_media":35272,"comment_status":"open","ping_status":"open","sticky":false,"template":"","format":"standard","meta":{"_exactmetrics_skip_tracking":false,"_exactmetrics_sitenote_active":false,"_exactmetrics_sitenote_note":"","_exactmetrics_sitenote_category":0,"jnews-multi-image_gallery":[],"jnews_single_post":{"subtitle":"Ante la falta de di\u00e1logo del Ejecutivo el personal en lucha resolvi\u00f3 realizar una protesta ma\u00f1ana frente al municipio.","format":"standard","video":"","gallery":"","source_name":"","source_url":"","via_name":"","via_url":"","override_template":"0","override":[{"template":"1","single_blog_custom":"","parallax":"1","fullscreen":"1","layout":"right-sidebar","sidebar":"default-sidebar","second_sidebar":"default-sidebar","sticky_sidebar":"1","share_position":"top","share_float_style":"share-monocrhome","show_share_counter":"1","show_view_counter":"1","show_featured":"1","show_post_meta":"1","show_post_author":"1","show_post_author_image":"1","show_post_date":"1","post_date_format":"default","post_date_format_custom":"Y\/m\/d","show_post_category":"1","show_post_reading_time":"0","post_reading_time_wpm":"300","show_zoom_button":"0","zoom_button_out_step":"2","zoom_button_in_step":"3","show_post_tag":"1","show_prev_next_post":"1","show_popup_post":"1","number_popup_post":"1","show_author_box":"0","show_post_related":"0","show_inline_post_related":"0"}],"override_image_size":"0","image_override":[{"single_post_thumbnail_size":"crop-500","single_post_gallery_size":"crop-500"}],"trending_post":"0","trending_post_position":"meta","trending_post_label":"Trending","sponsored_post":"0","sponsored_post_label":"Sponsored by","sponsored_post_name":"","sponsored_post_url":"","sponsored_post_logo_enable":"0","sponsored_post_logo":"","sponsored_post_desc":"","disable_ad":"0"},"jnews_primary_category":{"id":""},"jnews_social_meta":{"fb_title":"Municipales: prosiguen las asambleas y se extiende el conflicto en R\u00edo Primero","fb_description":"","fb_image":"","twitter_title":"","twitter_description":"","twitter_image":""},"jnews_review":[],"enable_review":"0","type":"percentage","name":"","summary":"","brand":"","sku":"","good":[{"good_text":""}],"bad":[{"bad_text":""}],"score_override":"","override_value":"","rating":[{"rating_text":"","rating_number":"10"}],"price":[{"shop":"","price":"","link":"","icon":""}],"jnews_override_counter":{"override_view_counter":"0","view_counter_number":"0","override_share_counter":"0","share_counter_number":"0","override_like_counter":"0","like_counter_number":"0","override_dislike_counter":"0","dislike_counter_number":"0"},"jnews_post_split":{"enable_post_split":"0","post_split":[{"template":"1","tag":"h2","numbering":"asc","mode":"normal","first":"0","enable_toc":"0","toc_type":"normal"}]},"footnotes":""},"categories":[20],"tags":[],"class_list":["post-35271","post","type-post","status-publish","format-standard","has-post-thumbnail","hentry","category-municipales"],"jetpack_featured_media_url":"https:\/\/atecordoba.org\/wp-content\/uploads\/2022\/12\/IMG-20221226-WA0094-e1672074153843.jpg","_links":{"self":[{"href":"https:\/\/atecordoba.org\/index.php?rest_route=\/wp\/v2\/posts\/35271","targetHints":{"allow":["GET"]}}],"collection":[{"href":"https:\/\/atecordoba.org\/index.php?rest_route=\/wp\/v2\/posts"}],"about":[{"href":"https:\/\/atecordoba.org\/index.php?rest_route=\/wp\/v2\/types\/post"}],"author":[{"embeddable":true,"href":"https:\/\/atecordoba.org\/index.php?rest_route=\/wp\/v2\/users\/7"}],"replies":[{"embeddable":true,"href":"https:\/\/atecordoba.org\/index.php?rest_route=%2Fwp%2Fv2%2Fcomments&post=35271"}],"version-history":[{"count":5,"href":"https:\/\/atecordoba.org\/index.php?rest_route=\/wp\/v2\/posts\/35271\/revisions"}],"predecessor-version":[{"id":35287,"href":"https:\/\/atecordoba.org\/index.php?rest_route=\/wp\/v2\/posts\/35271\/revisions\/35287"}],"wp:featuredmedia":[{"embeddable":true,"href":"https:\/\/atecordoba.org\/index.php?rest_route=\/wp\/v2\/media\/35272"}],"wp:attachment":[{"href":"https:\/\/atecordoba.org\/index.php?rest_route=%2Fwp%2Fv2%2Fmedia&parent=35271"}],"wp:term":[{"taxonomy":"category","embeddable":true,"href":"https:\/\/atecordoba.org\/index.php?rest_route=%2Fwp%2Fv2%2Fcategories&post=35271"},{"taxonomy":"post_tag","embeddable":true,"href":"https:\/\/atecordoba.org\/index.php?rest_route=%2Fwp%2Fv2%2Ftags&post=35271"}],"curies":[{"name":"wp","href":"https:\/\/api.w.org\/{rel}","templated":true}]}}