{"id":35269,"date":"2022-12-26T13:44:10","date_gmt":"2022-12-26T16:44:10","guid":{"rendered":"https:\/\/atecordoba.org\/?p=35269"},"modified":"2022-12-26T13:44:12","modified_gmt":"2022-12-26T16:44:12","slug":"homenaje-a-irma-laciar-reivindicamos-el-pasado-de-compromiso-sindical-y-politico-junto-al-presente-de-lucha-por-la-salud-publica","status":"publish","type":"post","link":"https:\/\/atecordoba.org\/?p=35269","title":{"rendered":"Homenaje a Irma Laciar: reivindicamos el pasado de compromiso sindical y pol\u00edtico, junto al presente de lucha por la salud p\u00fablica"},"content":{"rendered":"\n<div class=\"wp-block-image\"><figure class=\"aligncenter size-large is-resized\"><img loading=\"lazy\" decoding=\"async\" src=\"https:\/\/atecordoba.org\/wp-content\/uploads\/2022\/12\/IMG-20221212-WA0233-1-1024x682.jpg\" alt=\"\" class=\"wp-image-35077\" width=\"768\" height=\"512\" srcset=\"https:\/\/atecordoba.org\/wp-content\/uploads\/2022\/12\/IMG-20221212-WA0233-1-1024x682.jpg 1024w, https:\/\/atecordoba.org\/wp-content\/uploads\/2022\/12\/IMG-20221212-WA0233-1-300x200.jpg 300w, https:\/\/atecordoba.org\/wp-content\/uploads\/2022\/12\/IMG-20221212-WA0233-1-768x512.jpg 768w, https:\/\/atecordoba.org\/wp-content\/uploads\/2022\/12\/IMG-20221212-WA0233-1-750x500.jpg 750w, https:\/\/atecordoba.org\/wp-content\/uploads\/2022\/12\/IMG-20221212-WA0233-1-1140x760.jpg 1140w, https:\/\/atecordoba.org\/wp-content\/uploads\/2022\/12\/IMG-20221212-WA0233-1.jpg 1280w\" sizes=\"auto, (max-width: 768px) 100vw, 768px\" \/><\/figure><\/div>\n\n\n\n<p>El pasado 12 de diciembre ATE y la Municipalidad de Sampacho recordaron a la enfermera, docente, militante y dirigente de ATE Irma Laciar de Carrica, puntal de la primera Escuela de Enfermer\u00eda que fund\u00f3 el legendario ministro de Salud de Per\u00f3n, Ram\u00f3n Carrillo. Con una placa sencilla instalada en el Hospital municipal, nuestro gremio y las autoridades municipales homenajeamos a la formadora de enfermeras, delegada de ATE en la d\u00e9cada del \u201950, integrante de la CGT de los Argentinos y docente en las c\u00e1tedras de medicina para el trabajo. Irma fue secuestrada y desaparecida por los grupos de tareas de la \u00faltima dictadura eclesi\u00e1stica, c\u00edvico y militar, hace 45 a\u00f1os.<\/p>\n\n\n\n<p>Para conversar sobre la fuerte significaci\u00f3n que tiene su figura en nuestro gremio, el programa radial Entre Todos y Todas, que la secretar\u00eda de Prensa de ATE C\u00f3rdoba emite cada martes en GEN FM 107.5, <a href=\"https:\/\/ar.radiocut.fm\/audiocut\/testimonio-walter-avalos-sobre-colocacion-placa-irma-laciar-carrica-en-sampacho\/\">entrevist\u00f3 al dirigente estatal Walter Avalos<\/a>, ex secretario General de ATE R\u00edo Cuarto y miembro de su Departamento de DDHH. Walter estuvo presente en el homenaje.<\/p>\n\n\n\n<div class=\"wp-block-image\"><figure class=\"alignleft size-large is-resized\"><img loading=\"lazy\" decoding=\"async\" src=\"https:\/\/atecordoba.org\/wp-content\/uploads\/2022\/12\/IMG-20221212-WA0230-724x1024.jpg\" alt=\"\" class=\"wp-image-35075\" width=\"362\" height=\"512\" srcset=\"https:\/\/atecordoba.org\/wp-content\/uploads\/2022\/12\/IMG-20221212-WA0230-724x1024.jpg 724w, https:\/\/atecordoba.org\/wp-content\/uploads\/2022\/12\/IMG-20221212-WA0230-212x300.jpg 212w, https:\/\/atecordoba.org\/wp-content\/uploads\/2022\/12\/IMG-20221212-WA0230-768x1086.jpg 768w, https:\/\/atecordoba.org\/wp-content\/uploads\/2022\/12\/IMG-20221212-WA0230-750x1060.jpg 750w, https:\/\/atecordoba.org\/wp-content\/uploads\/2022\/12\/IMG-20221212-WA0230.jpg 793w\" sizes=\"auto, (max-width: 362px) 100vw, 362px\" \/><\/figure><\/div>\n\n\n\n<p>Avalos explic\u00f3 quela iniciativa &#8220;nace del Consejo Directivo Provincial que se le traslada al intendente de Sampacho, Franco Suarez, coment\u00e1ndole la existencia del Departamento de DDHH de la seccional que tiene el nombre de Irma, una compa\u00f1era oriunda de la localidad,  que se fue muy joven a estudiar enfermer\u00eda a La Plata&#8221;.<\/p>\n\n\n\n<p>&#8220;Irma fue parte de la militancia en la salud p\u00fablica en los programas sanitarios de Ram\u00f3n Carrillo del primer peronismo. Despu\u00e9s del bombardeo de Plaza de Mayo del \u201955 y el golpe de Estado,  pasa a la resistencia y luego a lo que se conoce como la Tendencia Revolucionaria del peronismo&#8221;, asegur\u00f3 el referente.<\/p>\n\n\n\n<p><strong>Dos caras de un pueblo<\/strong><\/p>\n\n\n\n<p>Seg\u00fan explic\u00f3 Avalos Sampacho tiene esas dos caras de la moneda, que incluye a Irma, con su vocaci\u00f3n como enfermera y su militancia pol\u00edtica y de los DDHH, y por el otro est\u00e1 tambi\u00e9n el dictador fusilador Pedro Eugenio Aramburu, tambi\u00e9n oriundo de la ciudad y presidente de facto luego del \u201955, despu\u00e9s de un breve interregno de golpista Eduardo Lonardi.<\/p>\n\n\n\n<p>&#8220;Aramburu forma parte de quienes dirigieron esos bombardeos, algo in\u00e9dito en la historia mundial que unas fuerzas armadas bombardeen su propio pueblo sin que exista guerra ni conflicto armado. Lo hicieron en defensa de los intereses de la oligarqu\u00eda, contra el gobierno de Per\u00f3n, de un gobierno verdaderamente popular. Todos conocemos la historia de los derechos conquistados en esa d\u00e9cada&#8221;, remarc\u00f3 el dirigente.<\/p>\n\n\n\n<p><strong>Acto simb\u00f3lico y presente<\/strong><\/p>\n\n\n\n<p>&#8220;Nosotros, en el marco del D\u00eda Internacional de los DDHH hicimos un peque\u00f1o acto en la enfermer\u00eda del hospital municipal en Sampacho, instalando una placa que la recuerda. \u00a0Obviamente reivindicamos en el acto la lucha de Irma y la de los 30 mil compa\u00f1eros y compa\u00f1eras desaparecidas, la lucha de la d\u00e9cada del \u201970, pero tambi\u00e9n para nosotros es muy simb\u00f3lico en esta \u00e9poca pospandemia donde los trabajadores de la salud pusieron en riesgo su propia vida para cuidar las nuestras, mientras el gobierno de Schiaretti ignora todo eso de manera muy liviana&#8221;, afirm\u00f3.<\/p>\n\n\n\n<p>&#8220;En ese marco, pusimos la placa de Irma en un peque\u00f1o acto muy emotivo y simb\u00f3lico donde estuvo presente el gobierno de Sampacho que es muy importante para nosotros. Es importante para los derechos humanos que los gobiernos sean parte y abran sus puertas a movidas institucionales y nos den la posibilidad de dar nuestro punto de vista sobre los DDHH, que venimos de la tradici\u00f3n e reivindicar la lucha de Madres y Abuelas de Plaza de Mayo&#8221;, concluy\u00f3 Avalos.<\/p>\n\n\n\n<p> <\/p>\n","protected":false},"excerpt":{"rendered":"<p>El pasado 12 de diciembre ATE y la Municipalidad de Sampacho recordaron a la enfermera, docente, militante y dirigente de ATE Irma Laciar de Carrica, puntal de la primera Escuela de Enfermer\u00eda que fund\u00f3 el legendario ministro de Salud de Per\u00f3n, Ram\u00f3n Carrillo. Con una placa sencilla instalada en el Hospital municipal, nuestro gremio y [&hellip;]<\/p>\n","protected":false},"author":7,"featured_media":35073,"comment_status":"open","ping_status":"open","sticky":false,"template":"","format":"standard","meta":{"_exactmetrics_skip_tracking":false,"_exactmetrics_sitenote_active":false,"_exactmetrics_sitenote_note":"","_exactmetrics_sitenote_category":0,"jnews-multi-image_gallery":[],"jnews_single_post":{"subtitle":"El integrante del departamento de DDHH de ATE R\u00edo Cuarto, Walter Avalos, explic\u00f3 la significancia del acto. ","format":"standard","video":"","gallery":"","source_name":"","source_url":"","via_name":"","via_url":"","override_template":"0","override":[{"template":"1","single_blog_custom":"","parallax":"1","fullscreen":"1","layout":"right-sidebar","sidebar":"default-sidebar","second_sidebar":"default-sidebar","sticky_sidebar":"1","share_position":"top","share_float_style":"share-monocrhome","show_share_counter":"1","show_view_counter":"1","show_featured":"1","show_post_meta":"1","show_post_author":"1","show_post_author_image":"1","show_post_date":"1","post_date_format":"default","post_date_format_custom":"Y\/m\/d","show_post_category":"1","show_post_reading_time":"0","post_reading_time_wpm":"300","show_zoom_button":"0","zoom_button_out_step":"2","zoom_button_in_step":"3","show_post_tag":"1","show_prev_next_post":"1","show_popup_post":"1","number_popup_post":"1","show_author_box":"0","show_post_related":"0","show_inline_post_related":"0"}],"override_image_size":"0","image_override":[{"single_post_thumbnail_size":"crop-500","single_post_gallery_size":"crop-500"}],"trending_post":"0","trending_post_position":"meta","trending_post_label":"Trending","sponsored_post":"0","sponsored_post_label":"Sponsored by","sponsored_post_name":"","sponsored_post_url":"","sponsored_post_logo_enable":"0","sponsored_post_logo":"","sponsored_post_desc":"","disable_ad":"0"},"jnews_primary_category":{"id":""},"jnews_social_meta":{"fb_title":"","fb_description":"","fb_image":"","twitter_title":"","twitter_description":"","twitter_image":""},"jnews_review":[],"enable_review":"0","type":"percentage","name":"","summary":"","brand":"","sku":"","good":[{"good_text":""}],"bad":[{"bad_text":""}],"score_override":"","override_value":"","rating":[{"rating_text":"","rating_number":"10"}],"price":[{"shop":"","price":"","link":"","icon":""}],"jnews_override_counter":{"override_view_counter":"0","view_counter_number":"0","override_share_counter":"0","share_counter_number":"0","override_like_counter":"0","like_counter_number":"0","override_dislike_counter":"0","dislike_counter_number":"0"},"jnews_post_split":{"enable_post_split":"0","post_split":[{"template":"1","tag":"h2","numbering":"asc","mode":"normal","first":"0","enable_toc":"0","toc_type":"normal"}]},"footnotes":""},"categories":[122,12],"tags":[],"class_list":["post-35269","post","type-post","status-publish","format-standard","has-post-thumbnail","hentry","category-ddhh","category-rio-cuarto"],"jetpack_featured_media_url":"https:\/\/atecordoba.org\/wp-content\/uploads\/2022\/12\/IMG-20221212-WA0233-e1670937791309.jpg","_links":{"self":[{"href":"https:\/\/atecordoba.org\/index.php?rest_route=\/wp\/v2\/posts\/35269","targetHints":{"allow":["GET"]}}],"collection":[{"href":"https:\/\/atecordoba.org\/index.php?rest_route=\/wp\/v2\/posts"}],"about":[{"href":"https:\/\/atecordoba.org\/index.php?rest_route=\/wp\/v2\/types\/post"}],"author":[{"embeddable":true,"href":"https:\/\/atecordoba.org\/index.php?rest_route=\/wp\/v2\/users\/7"}],"replies":[{"embeddable":true,"href":"https:\/\/atecordoba.org\/index.php?rest_route=%2Fwp%2Fv2%2Fcomments&post=35269"}],"version-history":[{"count":1,"href":"https:\/\/atecordoba.org\/index.php?rest_route=\/wp\/v2\/posts\/35269\/revisions"}],"predecessor-version":[{"id":35270,"href":"https:\/\/atecordoba.org\/index.php?rest_route=\/wp\/v2\/posts\/35269\/revisions\/35270"}],"wp:featuredmedia":[{"embeddable":true,"href":"https:\/\/atecordoba.org\/index.php?rest_route=\/wp\/v2\/media\/35073"}],"wp:attachment":[{"href":"https:\/\/atecordoba.org\/index.php?rest_route=%2Fwp%2Fv2%2Fmedia&parent=35269"}],"wp:term":[{"taxonomy":"category","embeddable":true,"href":"https:\/\/atecordoba.org\/index.php?rest_route=%2Fwp%2Fv2%2Fcategories&post=35269"},{"taxonomy":"post_tag","embeddable":true,"href":"https:\/\/atecordoba.org\/index.php?rest_route=%2Fwp%2Fv2%2Ftags&post=35269"}],"curies":[{"name":"wp","href":"https:\/\/api.w.org\/{rel}","templated":true}]}}