{"id":35266,"date":"2022-12-26T11:59:10","date_gmt":"2022-12-26T14:59:10","guid":{"rendered":"https:\/\/atecordoba.org\/?p=35266"},"modified":"2022-12-26T14:43:36","modified_gmt":"2022-12-26T17:43:36","slug":"vectores-la-lucha-de-los-estatales-por-condiciones-de-trabajo-y-por-el-sentido-de-trabajar-en-el-estado","status":"publish","type":"post","link":"https:\/\/atecordoba.org\/?p=35266","title":{"rendered":"Vectores: la lucha de los estatales por condiciones de trabajo y por el sentido de trabajar en el Estado"},"content":{"rendered":"\n<p><\/p>\n\n\n\n<div class=\"wp-block-image\"><figure class=\"aligncenter size-large is-resized\"><img loading=\"lazy\" decoding=\"async\" src=\"https:\/\/atecordoba.org\/wp-content\/uploads\/2022\/12\/IMG-20221215-WA0114-1-1024x576.jpg\" alt=\"\" class=\"wp-image-35108\" width=\"768\" height=\"432\" srcset=\"https:\/\/atecordoba.org\/wp-content\/uploads\/2022\/12\/IMG-20221215-WA0114-1-1024x576.jpg 1024w, https:\/\/atecordoba.org\/wp-content\/uploads\/2022\/12\/IMG-20221215-WA0114-1-300x169.jpg 300w, https:\/\/atecordoba.org\/wp-content\/uploads\/2022\/12\/IMG-20221215-WA0114-1-768x432.jpg 768w, https:\/\/atecordoba.org\/wp-content\/uploads\/2022\/12\/IMG-20221215-WA0114-1-1536x864.jpg 1536w, https:\/\/atecordoba.org\/wp-content\/uploads\/2022\/12\/IMG-20221215-WA0114-1-750x422.jpg 750w, https:\/\/atecordoba.org\/wp-content\/uploads\/2022\/12\/IMG-20221215-WA0114-1-1140x641.jpg 1140w, https:\/\/atecordoba.org\/wp-content\/uploads\/2022\/12\/IMG-20221215-WA0114-1.jpg 1599w\" sizes=\"auto, (max-width: 768px) 100vw, 768px\" \/><figcaption>El delegado de ATE Ricardo Hernandez, explicando a la prensa el motivo de la protesta el 15 de diciembre pasado. <\/figcaption><\/figure><\/div>\n\n\n\n<p>Hace 10 d\u00edas las y los trabajadores dependientes de la la Direcci\u00f3n Nacional de Control de Enfermedades Transmitidas por Vectores, del Ministerio de Salud de la Naci\u00f3n,<a href=\"https:\/\/atecordoba.org\/?p=35103\"> realizaron una protesta en la peatonal sobre calle 9 de julio<\/a>, donde se encuentra la sede del organismo en C\u00f3rdoba en reclamo del arreglo inmediato del edificio que se haya en condiciones lamentables, inhabitable e inutilizable, seg\u00fan determin\u00f3 u<a href=\"https:\/\/atecordoba.org\/?p=32935\">n informe realizado por el Departamento de Salud Laboral y Medio Ambiente de Trabajo <\/a>del Consejo Directivo Provincial (CDP). <\/p>\n\n\n\n<p>Para ahondar sobre las causa de la protesta, el programa radial Entre Todos y Todas, que la Secretaria de Prensa de ATE C\u00f3rdoba emite cada martes en GEN FM 107.5, <a href=\"https:\/\/ar.radiocut.fm\/audiocut\/ricardo-hernandez-comenta-ruidazo-ate-en-ministerio-salud-nacion-en-cordoba\/\">entrevist\u00f3 al delegado de ATE en el sector Ricardo Hern\u00e1ndez,<\/a> que detall\u00f3 c\u00f3mo y desde cu\u00e1nto se trabaja en las p\u00e9simas condiciones actuales. <\/p>\n\n\n\n<p>El delegado comenz\u00f3 afirmando que &#8220;esta es una lucha permanente que tenemos los trabajadores del Estado, no solo por nuestras condicione de trabajo, sino pro el sentido que tiene el Estado y el fin social que tiene nuestro laburo. Nosotros no trabajamos para darle riqueza a alguien sino para brindarle servicio al pueblo. As\u00ed como los trabajadores privados tienen que disputar no solo sus reivindicaciones puras, sino que tambi\u00e9n deber\u00edan disputar la participaci\u00f3n de las ganancias, nosotros disputamos el sentido del Estado&#8221;.<\/p>\n\n\n\n<div class=\"wp-block-image\"><figure class=\"aligncenter size-large is-resized\"><img loading=\"lazy\" decoding=\"async\" src=\"https:\/\/atecordoba.org\/wp-content\/uploads\/2022\/12\/IMG-20221215-WA0101-1024x576.jpg\" alt=\"\" class=\"wp-image-35107\" width=\"768\" height=\"432\" srcset=\"https:\/\/atecordoba.org\/wp-content\/uploads\/2022\/12\/IMG-20221215-WA0101-1024x576.jpg 1024w, https:\/\/atecordoba.org\/wp-content\/uploads\/2022\/12\/IMG-20221215-WA0101-300x169.jpg 300w, https:\/\/atecordoba.org\/wp-content\/uploads\/2022\/12\/IMG-20221215-WA0101-768x432.jpg 768w, https:\/\/atecordoba.org\/wp-content\/uploads\/2022\/12\/IMG-20221215-WA0101-1536x864.jpg 1536w, https:\/\/atecordoba.org\/wp-content\/uploads\/2022\/12\/IMG-20221215-WA0101-750x422.jpg 750w, https:\/\/atecordoba.org\/wp-content\/uploads\/2022\/12\/IMG-20221215-WA0101-1140x641.jpg 1140w, https:\/\/atecordoba.org\/wp-content\/uploads\/2022\/12\/IMG-20221215-WA0101.jpg 1599w\" sizes=\"auto, (max-width: 768px) 100vw, 768px\" \/><\/figure><\/div>\n\n\n\n<p>&#8220;Hace tiempo habl\u00e1bamos de fortalecer el Estado para liberar la Naci\u00f3n, eso es parte de la disputa cotidiana. Por eso es que planteamos que el salario no alcanza, y que la reapertura de paritarias urgente, que la precariedad laboral nos afecta como trabajadores, pero tambi\u00e9n al servicio que recibe la poblaci\u00f3n. Pedimos el pase a planta y adem\u00e1s una mejora sustancial en las condiciones y medio ambiente de trabajo&#8221;, describe Hern\u00e1ndez.<\/p>\n\n\n\n<p><strong>Condiciones de trabajo<\/strong><\/p>\n\n\n\n<p>El personal de la delegaci\u00f3n cordobesa del organismo reclama elementos de protecci\u00f3n personal porque es uno de los elementos m\u00e1s importantes para el control de vectores y fumigaci\u00f3n, porque se hace con insecticidas. &#8220;El 70 u 80% de nuestros compa\u00f1eros est\u00e1 dos o tres semanas en el terreno en contacto con venenos y debemos estar protegidos entre otras cosas que estamos solicitando&#8221;, afirma.<\/p>\n\n\n\n<div class=\"wp-block-image\"><figure class=\"aligncenter size-large is-resized\"><img loading=\"lazy\" decoding=\"async\" src=\"https:\/\/atecordoba.org\/wp-content\/uploads\/2022\/12\/IMG-20221215-WA0109-1024x576.jpg\" alt=\"\" class=\"wp-image-35104\" width=\"768\" height=\"432\" srcset=\"https:\/\/atecordoba.org\/wp-content\/uploads\/2022\/12\/IMG-20221215-WA0109-1024x576.jpg 1024w, https:\/\/atecordoba.org\/wp-content\/uploads\/2022\/12\/IMG-20221215-WA0109-300x169.jpg 300w, https:\/\/atecordoba.org\/wp-content\/uploads\/2022\/12\/IMG-20221215-WA0109-768x432.jpg 768w, https:\/\/atecordoba.org\/wp-content\/uploads\/2022\/12\/IMG-20221215-WA0109-1536x864.jpg 1536w, https:\/\/atecordoba.org\/wp-content\/uploads\/2022\/12\/IMG-20221215-WA0109-750x422.jpg 750w, https:\/\/atecordoba.org\/wp-content\/uploads\/2022\/12\/IMG-20221215-WA0109-1140x641.jpg 1140w, https:\/\/atecordoba.org\/wp-content\/uploads\/2022\/12\/IMG-20221215-WA0109.jpg 1599w\" sizes=\"auto, (max-width: 768px) 100vw, 768px\" \/><\/figure><\/div>\n\n\n\n<p>&#8220;La cuesti\u00f3n de la sede del Ministerio, es un edificio que se cerr\u00f3 al inicio de la pandemia y cuando se determin\u00f3 el regreso de los trabajadores al lugar nos encontramos con que hab\u00eda un sinn\u00famero de situaciones de riesgo que las hab\u00edamos naturalizado antes, porque en este sector de trabajo hac\u00eda a\u00f1os que no exist\u00eda ninguna actividad gremial hasta que ingres\u00f3 ATE. Antes, UPCN solo manej\u00f3 lo mutual, las fichas de afiliaci\u00f3n y otras cuestiones de poder, pero a la hora de defender a los laburantes nunca aparecen. A partir de esta conducci\u00f3n de ATE provincia tuvimos delegados por primera vez, en 2020, hoy tenemos un peque\u00f1o cuerpo de delegados que est\u00e1 haciendo sus primeras acciones gremiales, intentando movilizar a los compa\u00f1eros&#8221;, asegura.<\/p>\n\n\n\n<p>&#8220;Cuando ingresamos nos encontramos que el edificio tiene mara\u00f1as de cables con una instalaci\u00f3n de m\u00e1s de 80 a\u00f1os, sobrecargada porque en esa \u00e9poca no exist\u00edan los aires acondicionados, los elementos el\u00e9ctricos, las computadoras. Saltaban las t\u00e9rmicas todo el tiempo y eran cosas que hab\u00edamos naturalizado&#8221;.<\/p>\n\n\n\n<p><strong>Apoyo del CDP para garantizar la salud del pueblo<\/strong><\/p>\n\n\n\n<p>&#8220;Cuando volvimos de la pandemia dijimos que no puede ser, nos plantamos primero en una movida interna, luego con el aporte del Departamento de Salud laboral y Medio Ambiente de Trabajo del CDP se hizo un relevamiento que mostr\u00f3 las falencias que tiene la estructura. Por eso, reclamamos que queremos volver al edificio, que es nuestro lugar de trabajo, y hacerlo en condiciones dignas porque la salud es un derecho universal, para todos, incluidos los trabajadores de la salud&#8221;, a\u00f1adi\u00f3 Hern\u00e1ndez.<\/p>\n\n\n\n<div class=\"wp-block-image\"><figure class=\"aligncenter size-large is-resized\"><img loading=\"lazy\" decoding=\"async\" src=\"https:\/\/atecordoba.org\/wp-content\/uploads\/2022\/12\/IMG_20221215_112518028-1024x576.jpg\" alt=\"\" class=\"wp-image-35113\" width=\"768\" height=\"432\" srcset=\"https:\/\/atecordoba.org\/wp-content\/uploads\/2022\/12\/IMG_20221215_112518028-1024x576.jpg 1024w, https:\/\/atecordoba.org\/wp-content\/uploads\/2022\/12\/IMG_20221215_112518028-300x169.jpg 300w, https:\/\/atecordoba.org\/wp-content\/uploads\/2022\/12\/IMG_20221215_112518028-768x432.jpg 768w, https:\/\/atecordoba.org\/wp-content\/uploads\/2022\/12\/IMG_20221215_112518028-1536x864.jpg 1536w, https:\/\/atecordoba.org\/wp-content\/uploads\/2022\/12\/IMG_20221215_112518028-2048x1152.jpg 2048w, https:\/\/atecordoba.org\/wp-content\/uploads\/2022\/12\/IMG_20221215_112518028-750x422.jpg 750w, https:\/\/atecordoba.org\/wp-content\/uploads\/2022\/12\/IMG_20221215_112518028-1140x641.jpg 1140w\" sizes=\"auto, (max-width: 768px) 100vw, 768px\" \/><\/figure><\/div>\n\n\n\n<p>Y concluy\u00f3: &#8220;l edificio est\u00e1 ubicado en pleno centro, es grande, emblem\u00e1tico, donde tuvieron residencia las hist\u00f3ricas delegaciones sanitarias federales, como reconocimientos m\u00e9dicos, sanidad y fronteras, vacunatorios para la fiebre amarilla, y nuestra \u00e1rea que son los \u00faltimos pisos de arriba. Trabajamos temas como paludismo, que por suerte est\u00e1 controlado en Argentina por segunda vez, trabajamos sobre dengue, zica y chicungu\u00f1a, enfermedades que moviliza por tiene un impacto pol\u00edtico fuerte, sale en los diarios cuando hay epidemia. Pero tambi\u00e9n nos ocupamos de enfermedades olvidadas y desatendidas, como la leishmaniasis y el chagas. Despu\u00e9s de 70 a\u00f1os de creada por Ram\u00f3n Carrillo la oficina para combatir el chagas todav\u00eda tenemos 9 provincias que no han logrado controlar la transmisi\u00f3n de la enfermedad a trav\u00e9s de la vinchuca. Es realmente una verg\u00fcenza nacional&#8221;.<\/p>\n\n\n\n<p><\/p>\n","protected":false},"excerpt":{"rendered":"<p>Hace 10 d\u00edas las y los trabajadores dependientes de la la Direcci\u00f3n Nacional de Control de Enfermedades Transmitidas por Vectores, del Ministerio de Salud de la Naci\u00f3n, realizaron una protesta en la peatonal sobre calle 9 de julio, donde se encuentra la sede del organismo en C\u00f3rdoba en reclamo del arreglo inmediato del edificio que [&hellip;]<\/p>\n","protected":false},"author":7,"featured_media":35112,"comment_status":"open","ping_status":"open","sticky":false,"template":"","format":"standard","meta":{"_exactmetrics_skip_tracking":false,"_exactmetrics_sitenote_active":false,"_exactmetrics_sitenote_note":"","_exactmetrics_sitenote_category":0,"jnews-multi-image_gallery":[],"jnews_single_post":{"subtitle":"\"Nosotros no trabajamos para darle riqueza a alguien sino para brindarle servicio al pueblo\", explic\u00f3 el delegado Ricardo Hern\u00e1ndez.. ","format":"standard","video":"","gallery":"","source_name":"","source_url":"","via_name":"","via_url":"","override_template":"0","override":[{"template":"1","single_blog_custom":"","parallax":"1","fullscreen":"1","layout":"right-sidebar","sidebar":"default-sidebar","second_sidebar":"default-sidebar","sticky_sidebar":"1","share_position":"top","share_float_style":"share-monocrhome","show_share_counter":"1","show_view_counter":"1","show_featured":"1","show_post_meta":"1","show_post_author":"1","show_post_author_image":"1","show_post_date":"1","post_date_format":"default","post_date_format_custom":"Y\/m\/d","show_post_category":"1","show_post_reading_time":"0","post_reading_time_wpm":"300","show_zoom_button":"0","zoom_button_out_step":"2","zoom_button_in_step":"3","show_post_tag":"1","show_prev_next_post":"1","show_popup_post":"1","number_popup_post":"1","show_author_box":"0","show_post_related":"0","show_inline_post_related":"0"}],"override_image_size":"0","image_override":[{"single_post_thumbnail_size":"crop-500","single_post_gallery_size":"crop-500"}],"trending_post":"0","trending_post_position":"meta","trending_post_label":"Trending","sponsored_post":"0","sponsored_post_label":"Sponsored by","sponsored_post_name":"","sponsored_post_url":"","sponsored_post_logo_enable":"0","sponsored_post_logo":"","sponsored_post_desc":"","disable_ad":"0"},"jnews_primary_category":{"id":""},"jnews_social_meta":{"fb_title":"","fb_description":"","fb_image":"","twitter_title":"","twitter_description":"","twitter_image":""},"jnews_review":[],"enable_review":"0","type":"percentage","name":"","summary":"","brand":"","sku":"","good":[{"good_text":""}],"bad":[{"bad_text":""}],"score_override":"","override_value":"","rating":[{"rating_text":"","rating_number":"10"}],"price":[{"shop":"","price":"","link":"","icon":""}],"jnews_override_counter":{"override_view_counter":"0","view_counter_number":"0","override_share_counter":"0","share_counter_number":"0","override_like_counter":"0","like_counter_number":"0","override_dislike_counter":"0","dislike_counter_number":"0"},"jnews_post_split":{"enable_post_split":"0","post_split":[{"template":"1","tag":"h2","numbering":"asc","mode":"normal","first":"0","enable_toc":"0","toc_type":"normal"}]},"footnotes":""},"categories":[18,346],"tags":[],"class_list":["post-35266","post","type-post","status-publish","format-standard","has-post-thumbnail","hentry","category-nacionales","category-prensa-y-comunicacion"],"jetpack_featured_media_url":"https:\/\/atecordoba.org\/wp-content\/uploads\/2022\/12\/IMG-20221215-WA0115-e1671124308689.jpg","_links":{"self":[{"href":"https:\/\/atecordoba.org\/index.php?rest_route=\/wp\/v2\/posts\/35266","targetHints":{"allow":["GET"]}}],"collection":[{"href":"https:\/\/atecordoba.org\/index.php?rest_route=\/wp\/v2\/posts"}],"about":[{"href":"https:\/\/atecordoba.org\/index.php?rest_route=\/wp\/v2\/types\/post"}],"author":[{"embeddable":true,"href":"https:\/\/atecordoba.org\/index.php?rest_route=\/wp\/v2\/users\/7"}],"replies":[{"embeddable":true,"href":"https:\/\/atecordoba.org\/index.php?rest_route=%2Fwp%2Fv2%2Fcomments&post=35266"}],"version-history":[{"count":1,"href":"https:\/\/atecordoba.org\/index.php?rest_route=\/wp\/v2\/posts\/35266\/revisions"}],"predecessor-version":[{"id":35267,"href":"https:\/\/atecordoba.org\/index.php?rest_route=\/wp\/v2\/posts\/35266\/revisions\/35267"}],"wp:featuredmedia":[{"embeddable":true,"href":"https:\/\/atecordoba.org\/index.php?rest_route=\/wp\/v2\/media\/35112"}],"wp:attachment":[{"href":"https:\/\/atecordoba.org\/index.php?rest_route=%2Fwp%2Fv2%2Fmedia&parent=35266"}],"wp:term":[{"taxonomy":"category","embeddable":true,"href":"https:\/\/atecordoba.org\/index.php?rest_route=%2Fwp%2Fv2%2Fcategories&post=35266"},{"taxonomy":"post_tag","embeddable":true,"href":"https:\/\/atecordoba.org\/index.php?rest_route=%2Fwp%2Fv2%2Ftags&post=35266"}],"curies":[{"name":"wp","href":"https:\/\/api.w.org\/{rel}","templated":true}]}}