{"id":35262,"date":"2022-12-26T11:22:05","date_gmt":"2022-12-26T14:22:05","guid":{"rendered":"https:\/\/atecordoba.org\/?p=35262"},"modified":"2022-12-26T12:18:01","modified_gmt":"2022-12-26T15:18:01","slug":"ate-paicor-y-auxiliares-escolares-el-aumento-y-los-pases-a-contrato-no-dan-respuesta-verdadera-a-nuestras-demandas","status":"publish","type":"post","link":"https:\/\/atecordoba.org\/?p=35262","title":{"rendered":"ATE PAICOR y auxiliares escolares: El &#8220;aumento&#8221; y los &#8220;pases a contrato&#8221; no dan respuesta verdadera a nuestras demandas"},"content":{"rendered":"\n<div class=\"wp-block-image\"><figure class=\"aligncenter size-full\"><img loading=\"lazy\" decoding=\"async\" width=\"1024\" height=\"610\" src=\"https:\/\/atecordoba.org\/wp-content\/uploads\/2022\/12\/Auxiliares-PAICOR-Panal.jpg\" alt=\"\" class=\"wp-image-35264\" srcset=\"https:\/\/atecordoba.org\/wp-content\/uploads\/2022\/12\/Auxiliares-PAICOR-Panal.jpg 1024w, https:\/\/atecordoba.org\/wp-content\/uploads\/2022\/12\/Auxiliares-PAICOR-Panal-300x179.jpg 300w, https:\/\/atecordoba.org\/wp-content\/uploads\/2022\/12\/Auxiliares-PAICOR-Panal-768x458.jpg 768w, https:\/\/atecordoba.org\/wp-content\/uploads\/2022\/12\/Auxiliares-PAICOR-Panal-750x447.jpg 750w\" sizes=\"auto, (max-width: 1024px) 100vw, 1024px\" \/><figcaption>Imagen: Movilizaci\u00f3n de Auxiliares Escolares y trabajadoras de PAICOR que culmin\u00f3 con la entrega de un petitorio en el Panal en julio.<\/figcaption><\/figure><\/div>\n\n\n\n<p>La semana pasada, seg\u00fan dej\u00f3 trascender el gremio oficialista provincial, el Gobierno de la Provincia de C\u00f3rdoba habr\u00eda decidido otorgar un bono de 20 mil pesos para auxiliares escolares y personal de PAICOR -que se cobrar\u00eda en enero-, adem\u00e1s de un aumento de un 20 por ciento para las y los monotributistas y el comienzo del &#8220;pase a contrato&#8221; de becarias\/os durante el primer trimestre (comenzando por quienes &#8220;presten servicios&#8221; en Hospitales Provinciales). A esta informaci\u00f3n, <a href=\"https:\/\/prensa.cba.gov.ar\/informacion-general\/mesa-provincia-municipios-aumentan-los-fondos-para-paicor-y-limpieza-de-escuelas\/\" target=\"_blank\" rel=\"noreferrer noopener\">el portal oficial del Gobierno de la Provincia comunic\u00f3 ayer que las auxiliares escolares y trabajadoras de PAICOR recibir\u00edan aumentos de entre el 100 y 120 por ciento<\/a>. Este anuncio fue realizado en el marco de la &#8220;\u00faltima reuni\u00f3n del a\u00f1o de la mesa Provincia-Municipios&#8221;, encabezada por el ministro de Gobierno y Seguridad, Juli\u00e1n L\u00f3pez, y unos\/as 15 intendentes\/as y jefes\/as comunales de la provincia.<\/p>\n\n\n\n<p>Desde la representaci\u00f3n de ATE en el sector, advertimos que &#8220;estos peque\u00f1os avances han sido gracias a la lucha&nbsp;de a\u00f1os&nbsp;de cientos de compa\u00f1eras. Lucha que en 2022 ha sido realmente intensa y que comenz\u00f3 a avanzar claramente desde que nuestro colectivo se organiz\u00f3 en ATE&#8221;, expresaron. Adem\u00e1s, las representantes advirtieron que &#8220;estos anuncios se hacen de cara a funcionarios y funcionarias y de espaldas a las trabajadoras que padecemos estas situaciones de precarizaci\u00f3n y salarios de miseria&#8221;. Por ese motivo, las referentas del sindicato expresaron que &#8220;todav\u00eda no est\u00e1 nada claro, hacen anuncios que no sabemos si se llevar\u00e1n adelante, c\u00f3mo se har\u00e1, con qu\u00e9 cronograma en el caso del &#8220;bono&#8221; y los &#8220;pase a contrato&#8221; y que, encima, no responde a nuestro reclamo de verdadero salario digno y estabilidad laboral&#8221;. &#8220;Lo vemos como un manotazo de ahogado que pretende &#8220;edulcorar&#8221; una situaci\u00f3n que en realidad es por dem\u00e1s amarga: las auxiliares de PAICOR cobramos 45 mil pesos, hay auxiliares de limpieza que siguen percibiendo 13 mil pesos por su trabajo y pretenden que nos contentemos con estos porcentajes de aumentos que con salarios tan pero tan bajos seguimos lej\u00edsimo de la canasta familiar que hoy est\u00e1 por encima de los 240 mil pesos. Es una burla&#8221;, enfatizaron desde la representaci\u00f3n de ATE quienes aseveran que el bono de 20 mil pesos es &#8220;insuficiente e irrisorio&#8221;.<\/p>\n\n\n\n<p>&#8220;Pretenden, con anuncios grandilocuentes, confundir a las compa\u00f1eras, a la poblaci\u00f3n y aquietarnos y callarnos. Sin embargo, de esto entendemos y mucho. Nuestro prop\u00f3sito es otro, es lograr los pase a planta y salarios dignos que es lo que realmente corresponde desde el punto de vista moral pero tambi\u00e9n legal. El Estado se est\u00e1 comportando como el principal precarizador y nosotras, que somos en un 95 por ciento mujeres, sostenes de familia, somos sus principales v\u00edctimas&#8221;, manifestaron y concluyeron que &#8220;hay que seguir peleando hasta que la dignidad se haga costumbre&#8221;.<\/p>\n","protected":false},"excerpt":{"rendered":"<p>La semana pasada, seg\u00fan dej\u00f3 trascender el gremio oficialista provincial, el Gobierno de la Provincia de C\u00f3rdoba habr\u00eda decidido otorgar un bono de 20 mil pesos para auxiliares escolares y personal de PAICOR -que se cobrar\u00eda en enero-, adem\u00e1s de un aumento de un 20 por ciento para las y los monotributistas y el comienzo [&hellip;]<\/p>\n","protected":false},"author":6,"featured_media":35264,"comment_status":"open","ping_status":"open","sticky":false,"template":"","format":"standard","meta":{"_exactmetrics_skip_tracking":false,"_exactmetrics_sitenote_active":false,"_exactmetrics_sitenote_note":"","_exactmetrics_sitenote_category":0,"jnews-multi-image_gallery":[],"jnews_single_post":{"subtitle":"El Gobierno anunci\u00f3 un incremento de entre el 100 y 120 por ciento para este grupo de trabajadoras del Ministerio de Educaci\u00f3n. Tambi\u00e9n hubo trascendidos de un bono de 20 mil pesos que se cobrar\u00eda en enero, el aumento de un 20 por ciento para las y los monotributistas y el \"pase a contrato\" de grupos de becarias\/os durante el primer trimestre, comenzando por salud. Desde ATE alertamos sobre la poca transparencia e informalidad de la informaci\u00f3n y seguimos reclamando por una mesa de di\u00e1logo con la representaci\u00f3n genuina de las trabajadoras para conseguir salarios dignos y el pase a planta permanente de nuestras compa\u00f1eras precarizadas.","format":"standard","video":"","gallery":"","source_name":"","source_url":"","via_name":"","via_url":"","override_template":"0","override":[{"template":"1","single_blog_custom":"","parallax":"1","fullscreen":"1","layout":"right-sidebar","sidebar":"default-sidebar","second_sidebar":"default-sidebar","sticky_sidebar":"1","share_position":"top","share_float_style":"share-monocrhome","show_share_counter":"1","show_view_counter":"1","show_featured":"1","show_post_meta":"1","show_post_author":"1","show_post_author_image":"1","show_post_date":"1","post_date_format":"default","post_date_format_custom":"Y\/m\/d","show_post_category":"1","show_post_reading_time":"0","post_reading_time_wpm":"300","show_zoom_button":"0","zoom_button_out_step":"2","zoom_button_in_step":"3","show_post_tag":"1","show_prev_next_post":"1","show_popup_post":"1","number_popup_post":"1","show_author_box":"0","show_post_related":"0","show_inline_post_related":"0"}],"override_image_size":"0","image_override":[{"single_post_thumbnail_size":"crop-500","single_post_gallery_size":"crop-500"}],"trending_post":"0","trending_post_position":"meta","trending_post_label":"Trending","sponsored_post":"0","sponsored_post_label":"Sponsored by","sponsored_post_name":"","sponsored_post_url":"","sponsored_post_logo_enable":"0","sponsored_post_logo":"","sponsored_post_desc":"","disable_ad":"0"},"jnews_primary_category":{"id":""},"jnews_social_meta":{"fb_title":"","fb_description":"","fb_image":"","twitter_title":"","twitter_description":"","twitter_image":""},"jnews_review":[],"enable_review":"0","type":"percentage","name":"","summary":"","brand":"","sku":"","good":[{"good_text":""}],"bad":[{"bad_text":""}],"score_override":"","override_value":"","rating":[{"rating_text":"","rating_number":"10"}],"price":[{"shop":"","price":"","link":"","icon":""}],"jnews_override_counter":{"override_view_counter":"0","view_counter_number":"0","override_share_counter":"0","share_counter_number":"0","override_like_counter":"0","like_counter_number":"0","override_dislike_counter":"0","dislike_counter_number":"0"},"jnews_post_split":{"enable_post_split":"0","post_split":[{"template":"1","tag":"h2","numbering":"asc","mode":"normal","first":"0","enable_toc":"0","toc_type":"normal"}]},"footnotes":""},"categories":[53,341,8],"tags":[],"class_list":["post-35262","post","type-post","status-publish","format-standard","has-post-thumbnail","hentry","category-comunicados-de-prensa","category-cdp","category-provinciales"],"jetpack_featured_media_url":"https:\/\/atecordoba.org\/wp-content\/uploads\/2022\/12\/Auxiliares-PAICOR-Panal.jpg","_links":{"self":[{"href":"https:\/\/atecordoba.org\/index.php?rest_route=\/wp\/v2\/posts\/35262","targetHints":{"allow":["GET"]}}],"collection":[{"href":"https:\/\/atecordoba.org\/index.php?rest_route=\/wp\/v2\/posts"}],"about":[{"href":"https:\/\/atecordoba.org\/index.php?rest_route=\/wp\/v2\/types\/post"}],"author":[{"embeddable":true,"href":"https:\/\/atecordoba.org\/index.php?rest_route=\/wp\/v2\/users\/6"}],"replies":[{"embeddable":true,"href":"https:\/\/atecordoba.org\/index.php?rest_route=%2Fwp%2Fv2%2Fcomments&post=35262"}],"version-history":[{"count":2,"href":"https:\/\/atecordoba.org\/index.php?rest_route=\/wp\/v2\/posts\/35262\/revisions"}],"predecessor-version":[{"id":35268,"href":"https:\/\/atecordoba.org\/index.php?rest_route=\/wp\/v2\/posts\/35262\/revisions\/35268"}],"wp:featuredmedia":[{"embeddable":true,"href":"https:\/\/atecordoba.org\/index.php?rest_route=\/wp\/v2\/media\/35264"}],"wp:attachment":[{"href":"https:\/\/atecordoba.org\/index.php?rest_route=%2Fwp%2Fv2%2Fmedia&parent=35262"}],"wp:term":[{"taxonomy":"category","embeddable":true,"href":"https:\/\/atecordoba.org\/index.php?rest_route=%2Fwp%2Fv2%2Fcategories&post=35262"},{"taxonomy":"post_tag","embeddable":true,"href":"https:\/\/atecordoba.org\/index.php?rest_route=%2Fwp%2Fv2%2Ftags&post=35262"}],"curies":[{"name":"wp","href":"https:\/\/api.w.org\/{rel}","templated":true}]}}