{"id":35243,"date":"2022-12-22T11:46:54","date_gmt":"2022-12-22T14:46:54","guid":{"rendered":"https:\/\/atecordoba.org\/?p=35243"},"modified":"2022-12-22T11:48:36","modified_gmt":"2022-12-22T14:48:36","slug":"con-fuerte-impacto-prosiguen-las-asambleas-de-ate-en-rio-primero","status":"publish","type":"post","link":"https:\/\/atecordoba.org\/?p=35243","title":{"rendered":"Con fuerte impacto prosiguen las asambleas de ATE en R\u00edo Primero"},"content":{"rendered":"\n<p><\/p>\n\n\n\n<div class=\"wp-block-image\"><figure class=\"aligncenter size-large is-resized\"><img loading=\"lazy\" decoding=\"async\" src=\"https:\/\/atecordoba.org\/wp-content\/uploads\/2022\/12\/WhatsApp-Image-2022-12-22-at-10.54.07-1024x768.jpeg\" alt=\"\" class=\"wp-image-35244\" width=\"768\" height=\"576\" srcset=\"https:\/\/atecordoba.org\/wp-content\/uploads\/2022\/12\/WhatsApp-Image-2022-12-22-at-10.54.07-1024x768.jpeg 1024w, https:\/\/atecordoba.org\/wp-content\/uploads\/2022\/12\/WhatsApp-Image-2022-12-22-at-10.54.07-300x225.jpeg 300w, https:\/\/atecordoba.org\/wp-content\/uploads\/2022\/12\/WhatsApp-Image-2022-12-22-at-10.54.07-768x576.jpeg 768w, https:\/\/atecordoba.org\/wp-content\/uploads\/2022\/12\/WhatsApp-Image-2022-12-22-at-10.54.07-1536x1153.jpeg 1536w, https:\/\/atecordoba.org\/wp-content\/uploads\/2022\/12\/WhatsApp-Image-2022-12-22-at-10.54.07-750x563.jpeg 750w, https:\/\/atecordoba.org\/wp-content\/uploads\/2022\/12\/WhatsApp-Image-2022-12-22-at-10.54.07-1140x856.jpeg 1140w, https:\/\/atecordoba.org\/wp-content\/uploads\/2022\/12\/WhatsApp-Image-2022-12-22-at-10.54.07.jpeg 1599w\" sizes=\"auto, (max-width: 768px) 100vw, 768px\" \/><figcaption>Corral\u00f3n municipal de R\u00edo Primero<\/figcaption><\/figure><\/div>\n\n\n\n<p>Tras romper el Ejecutivo Municipal de R\u00edo Primero el di\u00e1logo con nuestro gremio esta semana e incumplir una ser\u00eda de clausulas que hab\u00eda firmado en su oportunidad, el cuerpo de delegados de ATE resolvi\u00f3 declararse en estado de asamblea permanente, instando a la Municipalidad a que retome y di\u00e1logo y devuelva la paz social a la localidad.<\/p>\n\n\n\n<div class=\"wp-block-image\"><figure class=\"alignright size-large is-resized\"><img loading=\"lazy\" decoding=\"async\" src=\"https:\/\/atecordoba.org\/wp-content\/uploads\/2022\/12\/WhatsApp-Image-2022-12-22-at-11.46.51-1024x768.jpeg\" alt=\"\" class=\"wp-image-35248\" width=\"512\" height=\"384\" \/><figcaption>Centro de salud municipal.<\/figcaption><\/figure><\/div>\n\n\n\n<p>Ayer se realizaron asambleas de dos horas y hoy la medida de se extendi\u00f3 a tres horas con fuerte impacto en el Corral\u00f3n y el Centro de Salud. <\/p>\n\n\n\n<p>Ayer el delegado de ATE en la localidad, Jos\u00e9 Baigorria, dijo que el Ejecutivo &#8220;cort\u00f3 el di\u00e1logo&#8221;. &#8220;En octubre pactamos la creaci\u00f3n de un \u00e1rea de relaciones laborales para el 25 de noviembre. El acta firmada por nuestro gremio y el municipio tambi\u00e9n se estableci\u00f3 que tendr\u00edamos una reuni\u00f3n paritaria el 7 de diciembre. Ninguno de los dos puntos se cumpli\u00f3 hasta el momento\u201d, explic\u00f3 para fundamental la medida. <\/p>\n\n\n\n<p>Hoy a\u00f1adi\u00f3 que &#8220;el impacto de la asamblea hizo resentir los servicios de recolecci\u00f3n de basura urbana, as\u00ed como las podas y los escombros que habitualmente recoge el servicio municipal&#8221;.<\/p>\n\n\n\n<p>El secretario General de ATE C\u00f3rdoba, Federico Giuliani, adelant\u00f3 que de no reverse la situaci\u00f3n podr\u00eda realizarse un paro total de actividades para la semana que viene. <\/p>\n","protected":false},"excerpt":{"rendered":"<p>Tras romper el Ejecutivo Municipal de R\u00edo Primero el di\u00e1logo con nuestro gremio esta semana e incumplir una ser\u00eda de clausulas que hab\u00eda firmado en su oportunidad, el cuerpo de delegados de ATE resolvi\u00f3 declararse en estado de asamblea permanente, instando a la Municipalidad a que retome y di\u00e1logo y devuelva la paz social a [&hellip;]<\/p>\n","protected":false},"author":7,"featured_media":35248,"comment_status":"open","ping_status":"open","sticky":false,"template":"","format":"standard","meta":{"_exactmetrics_skip_tracking":false,"_exactmetrics_sitenote_active":false,"_exactmetrics_sitenote_note":"","_exactmetrics_sitenote_category":0,"jnews-multi-image_gallery":[],"jnews_single_post":{"subtitle":"Se trata del segundo d\u00eda de asambleas en la localidad. El secretario General de ATE C\u00f3rdoba, Federico Giuliani, adelant\u00f3 que de no reverse la la falta de di\u00e1logo podr\u00eda realizarse un paro total de actividades para la semana que viene. ","format":"standard","video":"","gallery":"","source_name":"","source_url":"","via_name":"","via_url":"","override_template":"0","override":[{"template":"1","single_blog_custom":"","parallax":"1","fullscreen":"1","layout":"right-sidebar","sidebar":"default-sidebar","second_sidebar":"default-sidebar","sticky_sidebar":"1","share_position":"top","share_float_style":"share-monocrhome","show_share_counter":"1","show_view_counter":"1","show_featured":"1","show_post_meta":"1","show_post_author":"1","show_post_author_image":"1","show_post_date":"1","post_date_format":"default","post_date_format_custom":"Y\/m\/d","show_post_category":"1","show_post_reading_time":"0","post_reading_time_wpm":"300","show_zoom_button":"0","zoom_button_out_step":"2","zoom_button_in_step":"3","show_post_tag":"1","show_prev_next_post":"1","show_popup_post":"1","number_popup_post":"1","show_author_box":"0","show_post_related":"0","show_inline_post_related":"0"}],"override_image_size":"0","image_override":[{"single_post_thumbnail_size":"crop-500","single_post_gallery_size":"crop-500"}],"trending_post":"0","trending_post_position":"meta","trending_post_label":"Trending","sponsored_post":"0","sponsored_post_label":"Sponsored by","sponsored_post_name":"","sponsored_post_url":"","sponsored_post_logo_enable":"0","sponsored_post_logo":"","sponsored_post_desc":"","disable_ad":"0"},"jnews_primary_category":{"id":""},"jnews_social_meta":{"fb_title":"Municipales: con fuerte impacto prosiguen las asambleas de ATE en R\u00edo Primero","fb_description":"","fb_image":"","twitter_title":"","twitter_description":"","twitter_image":""},"jnews_review":[],"enable_review":"0","type":"percentage","name":"","summary":"","brand":"","sku":"","good":[{"good_text":""}],"bad":[{"bad_text":""}],"score_override":"","override_value":"","rating":[{"rating_text":"","rating_number":"10"}],"price":[{"shop":"","price":"","link":"","icon":""}],"jnews_override_counter":{"override_view_counter":"0","view_counter_number":"0","override_share_counter":"0","share_counter_number":"0","override_like_counter":"0","like_counter_number":"0","override_dislike_counter":"0","dislike_counter_number":"0"},"jnews_post_split":{"enable_post_split":"0","post_split":[{"template":"1","tag":"h2","numbering":"asc","mode":"normal","first":"0","enable_toc":"0","toc_type":"normal"}]},"footnotes":""},"categories":[20],"tags":[],"class_list":["post-35243","post","type-post","status-publish","format-standard","has-post-thumbnail","hentry","category-municipales"],"jetpack_featured_media_url":"https:\/\/atecordoba.org\/wp-content\/uploads\/2022\/12\/WhatsApp-Image-2022-12-22-at-11.46.51-e1671720510558.jpeg","_links":{"self":[{"href":"https:\/\/atecordoba.org\/index.php?rest_route=\/wp\/v2\/posts\/35243","targetHints":{"allow":["GET"]}}],"collection":[{"href":"https:\/\/atecordoba.org\/index.php?rest_route=\/wp\/v2\/posts"}],"about":[{"href":"https:\/\/atecordoba.org\/index.php?rest_route=\/wp\/v2\/types\/post"}],"author":[{"embeddable":true,"href":"https:\/\/atecordoba.org\/index.php?rest_route=\/wp\/v2\/users\/7"}],"replies":[{"embeddable":true,"href":"https:\/\/atecordoba.org\/index.php?rest_route=%2Fwp%2Fv2%2Fcomments&post=35243"}],"version-history":[{"count":2,"href":"https:\/\/atecordoba.org\/index.php?rest_route=\/wp\/v2\/posts\/35243\/revisions"}],"predecessor-version":[{"id":35250,"href":"https:\/\/atecordoba.org\/index.php?rest_route=\/wp\/v2\/posts\/35243\/revisions\/35250"}],"wp:featuredmedia":[{"embeddable":true,"href":"https:\/\/atecordoba.org\/index.php?rest_route=\/wp\/v2\/media\/35248"}],"wp:attachment":[{"href":"https:\/\/atecordoba.org\/index.php?rest_route=%2Fwp%2Fv2%2Fmedia&parent=35243"}],"wp:term":[{"taxonomy":"category","embeddable":true,"href":"https:\/\/atecordoba.org\/index.php?rest_route=%2Fwp%2Fv2%2Fcategories&post=35243"},{"taxonomy":"post_tag","embeddable":true,"href":"https:\/\/atecordoba.org\/index.php?rest_route=%2Fwp%2Fv2%2Ftags&post=35243"}],"curies":[{"name":"wp","href":"https:\/\/api.w.org\/{rel}","templated":true}]}}