{"id":35231,"date":"2022-12-21T15:50:40","date_gmt":"2022-12-21T18:50:40","guid":{"rendered":"https:\/\/atecordoba.org\/?p=35231"},"modified":"2022-12-21T17:39:01","modified_gmt":"2022-12-21T20:39:01","slug":"rio-primero-el-ejecutivo-corto-el-dialogo-y-ate-se-declaro-en-estado-de-asamblea-permanente","status":"publish","type":"post","link":"https:\/\/atecordoba.org\/?p=35231","title":{"rendered":"R\u00edo Primero: el Ejecutivo cort\u00f3 el di\u00e1logo y ATE se declar\u00f3 en estado de asamblea permanente"},"content":{"rendered":"\n<div class=\"wp-block-image\"><figure class=\"aligncenter size-large is-resized\"><img loading=\"lazy\" decoding=\"async\" src=\"https:\/\/atecordoba.org\/wp-content\/uploads\/2022\/12\/WhatsApp-Image-2022-12-21-at-12.01.01-1024x768.jpeg\" alt=\"\" class=\"wp-image-35232\" width=\"768\" height=\"576\" srcset=\"https:\/\/atecordoba.org\/wp-content\/uploads\/2022\/12\/WhatsApp-Image-2022-12-21-at-12.01.01-1024x768.jpeg 1024w, https:\/\/atecordoba.org\/wp-content\/uploads\/2022\/12\/WhatsApp-Image-2022-12-21-at-12.01.01-300x225.jpeg 300w, https:\/\/atecordoba.org\/wp-content\/uploads\/2022\/12\/WhatsApp-Image-2022-12-21-at-12.01.01-768x576.jpeg 768w, https:\/\/atecordoba.org\/wp-content\/uploads\/2022\/12\/WhatsApp-Image-2022-12-21-at-12.01.01-1536x1152.jpeg 1536w, https:\/\/atecordoba.org\/wp-content\/uploads\/2022\/12\/WhatsApp-Image-2022-12-21-at-12.01.01-750x563.jpeg 750w, https:\/\/atecordoba.org\/wp-content\/uploads\/2022\/12\/WhatsApp-Image-2022-12-21-at-12.01.01-1140x855.jpeg 1140w, https:\/\/atecordoba.org\/wp-content\/uploads\/2022\/12\/WhatsApp-Image-2022-12-21-at-12.01.01.jpeg 1600w\" sizes=\"auto, (max-width: 768px) 100vw, 768px\" \/><\/figure><\/div>\n\n\n\n<p>Frente al incumplimiento del Ejecutivo de la municipalidad de R\u00edo Primero del acta acuerdo firmada con ATE, nuestra organizaci\u00f3n resolvi\u00f3 declarar el estado de asamblea permanente, con dos horas que se cumplieron hoy y otras tres horas ma\u00f1ana. Adem\u00e1s, de mantenerse sin respuesta oficial las y los municipales realizar\u00e1n una paro de actividades la semana que viene. <\/p>\n\n\n\n<p>Seg\u00fan explic\u00f3 el delegado de ATE en la localidad, Jos\u00e9 Baigorria, el Ejecutivo&#8221; cort\u00f3 el di\u00e1logo. En octubre pactamos la creaci\u00f3n de un \u00e1rea de relaciones laborales para el 25 de noviembre. El acta firmada por nuestro gremio y el municipio tambi\u00e9n se estableci\u00f3 que tendr\u00edamos una reuni\u00f3n paritaria el 7 de diciembre. Ninguno de los dos puntos se cumpli\u00f3 hasta el momento&#8221;. <\/p>\n\n\n\n<figure class=\"wp-block-gallery has-nested-images columns-default is-cropped wp-block-gallery-1 is-layout-flex wp-block-gallery-is-layout-flex\">\n<figure class=\"wp-block-image size-large\"><a href=\"https:\/\/atecordoba.org\/wp-content\/uploads\/2022\/12\/WhatsApp-Image-2022-12-21-at-12.01.02-2.jpeg\"><img loading=\"lazy\" decoding=\"async\" width=\"1024\" height=\"1003\" data-id=\"35234\" src=\"https:\/\/atecordoba.org\/wp-content\/uploads\/2022\/12\/WhatsApp-Image-2022-12-21-at-12.01.02-2-1024x1003.jpeg\" alt=\"\" class=\"wp-image-35234\" srcset=\"https:\/\/atecordoba.org\/wp-content\/uploads\/2022\/12\/WhatsApp-Image-2022-12-21-at-12.01.02-2-1024x1003.jpeg 1024w, https:\/\/atecordoba.org\/wp-content\/uploads\/2022\/12\/WhatsApp-Image-2022-12-21-at-12.01.02-2-300x294.jpeg 300w, https:\/\/atecordoba.org\/wp-content\/uploads\/2022\/12\/WhatsApp-Image-2022-12-21-at-12.01.02-2-768x752.jpeg 768w, https:\/\/atecordoba.org\/wp-content\/uploads\/2022\/12\/WhatsApp-Image-2022-12-21-at-12.01.02-2-750x735.jpeg 750w, https:\/\/atecordoba.org\/wp-content\/uploads\/2022\/12\/WhatsApp-Image-2022-12-21-at-12.01.02-2-1140x1117.jpeg 1140w, https:\/\/atecordoba.org\/wp-content\/uploads\/2022\/12\/WhatsApp-Image-2022-12-21-at-12.01.02-2.jpeg 1280w\" sizes=\"auto, (max-width: 1024px) 100vw, 1024px\" \/><\/a><\/figure>\n\n\n\n<figure class=\"wp-block-image size-large\"><a href=\"https:\/\/atecordoba.org\/wp-content\/uploads\/2022\/12\/WhatsApp-Image-2022-12-21-at-12.01.02-1.jpeg\"><img loading=\"lazy\" decoding=\"async\" width=\"1024\" height=\"768\" data-id=\"35233\" src=\"https:\/\/atecordoba.org\/wp-content\/uploads\/2022\/12\/WhatsApp-Image-2022-12-21-at-12.01.02-1-1024x768.jpeg\" alt=\"\" class=\"wp-image-35233\" srcset=\"https:\/\/atecordoba.org\/wp-content\/uploads\/2022\/12\/WhatsApp-Image-2022-12-21-at-12.01.02-1-1024x768.jpeg 1024w, https:\/\/atecordoba.org\/wp-content\/uploads\/2022\/12\/WhatsApp-Image-2022-12-21-at-12.01.02-1-300x225.jpeg 300w, https:\/\/atecordoba.org\/wp-content\/uploads\/2022\/12\/WhatsApp-Image-2022-12-21-at-12.01.02-1-768x576.jpeg 768w, https:\/\/atecordoba.org\/wp-content\/uploads\/2022\/12\/WhatsApp-Image-2022-12-21-at-12.01.02-1-750x563.jpeg 750w, https:\/\/atecordoba.org\/wp-content\/uploads\/2022\/12\/WhatsApp-Image-2022-12-21-at-12.01.02-1-1140x855.jpeg 1140w, https:\/\/atecordoba.org\/wp-content\/uploads\/2022\/12\/WhatsApp-Image-2022-12-21-at-12.01.02-1.jpeg 1320w\" sizes=\"auto, (max-width: 1024px) 100vw, 1024px\" \/><\/a><\/figure>\n<\/figure>\n\n\n\n<p>Adem\u00e1s apunt\u00f3 que &#8220;mandamos nota a trav\u00e9s del equipo jur\u00eddico de ATE y se termin\u00f3 fijando una reuni\u00f3n para el viernes 15 de diciembre donde solo nos recibi\u00f3 el encargado de RRHH y el asesor letrado. Pedimos un aumento del 30% y un bono navide\u00f1o de 30 mil pesos&#8221;.<\/p>\n\n\n\n<p>Seguidamente, el Ejecutivo resolvi\u00f3 aumentar la tensi\u00f3n y rechaz\u00f3 la propuesta de ATE aduciendo que una tormenta azot\u00f3 la ciudad y que no tienen presupuesto. &#8220;Esto cay\u00f3 muy mal porque nos hacen pagar a los trabajadores una cat\u00e1strofe natural. Adem\u00e1s nos dicen que en el a\u00f1o calendario nos dieron un 90% de aumento, no es as\u00ed lo real es un 85% pero hay que tener en cuenta que los dos a\u00f1os anteriores perdimos 40% de salario real&#8221;.<\/p>\n\n\n\n<p>A la espera de que la Municipalidad destrabe la negociaci\u00f3n y acepte dar el aumento solicitado, las y los municipales se mantedr\u00e1n en estado de alerta. <\/p>\n","protected":false},"excerpt":{"rendered":"<p>Frente al incumplimiento del Ejecutivo de la municipalidad de R\u00edo Primero del acta acuerdo firmada con ATE, nuestra organizaci\u00f3n resolvi\u00f3 declarar el estado de asamblea permanente, con dos horas que se cumplieron hoy y otras tres horas ma\u00f1ana. Adem\u00e1s, de mantenerse sin respuesta oficial las y los municipales realizar\u00e1n una paro de actividades la semana [&hellip;]<\/p>\n","protected":false},"author":7,"featured_media":35235,"comment_status":"open","ping_status":"open","sticky":false,"template":"","format":"standard","meta":{"_exactmetrics_skip_tracking":false,"_exactmetrics_sitenote_active":false,"_exactmetrics_sitenote_note":"","_exactmetrics_sitenote_category":0,"jnews-multi-image_gallery":[],"jnews_single_post":{"subtitle":"De mantenerse la situaci\u00f3n, ma\u00f1ana se realizar\u00e1 una asamblea de 3 horas y la semana que viene un paro total de actividades.","format":"standard","video":"","gallery":"","source_name":"","source_url":"","via_name":"","via_url":"","override_template":"0","override":[{"template":"1","single_blog_custom":"","parallax":"1","fullscreen":"1","layout":"right-sidebar","sidebar":"default-sidebar","second_sidebar":"default-sidebar","sticky_sidebar":"1","share_position":"top","share_float_style":"share-monocrhome","show_share_counter":"1","show_view_counter":"1","show_featured":"1","show_post_meta":"1","show_post_author":"1","show_post_author_image":"1","show_post_date":"1","post_date_format":"default","post_date_format_custom":"Y\/m\/d","show_post_category":"1","show_post_reading_time":"0","post_reading_time_wpm":"300","show_zoom_button":"0","zoom_button_out_step":"2","zoom_button_in_step":"3","show_post_tag":"1","show_prev_next_post":"1","show_popup_post":"1","number_popup_post":"1","show_author_box":"0","show_post_related":"0","show_inline_post_related":"0"}],"override_image_size":"0","image_override":[{"single_post_thumbnail_size":"crop-500","single_post_gallery_size":"crop-500"}],"trending_post":"0","trending_post_position":"meta","trending_post_label":"Trending","sponsored_post":"0","sponsored_post_label":"Sponsored by","sponsored_post_name":"","sponsored_post_url":"","sponsored_post_logo_enable":"0","sponsored_post_logo":"","sponsored_post_desc":"","disable_ad":"0"},"jnews_primary_category":{"id":""},"jnews_social_meta":{"fb_title":"","fb_description":"","fb_image":"","twitter_title":"","twitter_description":"","twitter_image":""},"jnews_review":[],"enable_review":"0","type":"percentage","name":"","summary":"","brand":"","sku":"","good":[{"good_text":""}],"bad":[{"bad_text":""}],"score_override":"","override_value":"","rating":[{"rating_text":"","rating_number":"10"}],"price":[{"shop":"","price":"","link":"","icon":""}],"jnews_override_counter":{"override_view_counter":"0","view_counter_number":"0","override_share_counter":"0","share_counter_number":"0","override_like_counter":"0","like_counter_number":"0","override_dislike_counter":"0","dislike_counter_number":"0"},"jnews_post_split":{"enable_post_split":"0","post_split":[{"template":"1","tag":"h2","numbering":"asc","mode":"normal","first":"0","enable_toc":"0","toc_type":"normal"}]},"footnotes":""},"categories":[20],"tags":[],"class_list":["post-35231","post","type-post","status-publish","format-standard","has-post-thumbnail","hentry","category-municipales"],"jetpack_featured_media_url":"https:\/\/atecordoba.org\/wp-content\/uploads\/2022\/12\/corralon-e1671648586729.jpeg","_links":{"self":[{"href":"https:\/\/atecordoba.org\/index.php?rest_route=\/wp\/v2\/posts\/35231","targetHints":{"allow":["GET"]}}],"collection":[{"href":"https:\/\/atecordoba.org\/index.php?rest_route=\/wp\/v2\/posts"}],"about":[{"href":"https:\/\/atecordoba.org\/index.php?rest_route=\/wp\/v2\/types\/post"}],"author":[{"embeddable":true,"href":"https:\/\/atecordoba.org\/index.php?rest_route=\/wp\/v2\/users\/7"}],"replies":[{"embeddable":true,"href":"https:\/\/atecordoba.org\/index.php?rest_route=%2Fwp%2Fv2%2Fcomments&post=35231"}],"version-history":[{"count":3,"href":"https:\/\/atecordoba.org\/index.php?rest_route=\/wp\/v2\/posts\/35231\/revisions"}],"predecessor-version":[{"id":35238,"href":"https:\/\/atecordoba.org\/index.php?rest_route=\/wp\/v2\/posts\/35231\/revisions\/35238"}],"wp:featuredmedia":[{"embeddable":true,"href":"https:\/\/atecordoba.org\/index.php?rest_route=\/wp\/v2\/media\/35235"}],"wp:attachment":[{"href":"https:\/\/atecordoba.org\/index.php?rest_route=%2Fwp%2Fv2%2Fmedia&parent=35231"}],"wp:term":[{"taxonomy":"category","embeddable":true,"href":"https:\/\/atecordoba.org\/index.php?rest_route=%2Fwp%2Fv2%2Fcategories&post=35231"},{"taxonomy":"post_tag","embeddable":true,"href":"https:\/\/atecordoba.org\/index.php?rest_route=%2Fwp%2Fv2%2Ftags&post=35231"}],"curies":[{"name":"wp","href":"https:\/\/api.w.org\/{rel}","templated":true}]}}