{"id":3522,"date":"2013-11-06T17:26:14","date_gmt":"2013-11-06T20:26:14","guid":{"rendered":"http:\/\/www.atecordoba.org\/?p=3522"},"modified":"2013-11-06T17:26:14","modified_gmt":"2013-11-06T20:26:14","slug":"con-1200-delegados-arranco-el-plenario-nacional-de-municipales-de-ate","status":"publish","type":"post","link":"https:\/\/atecordoba.org\/?p=3522","title":{"rendered":"Con 1200 delegados, arranc\u00f3 el Plenario Nacional de municipales de ATE"},"content":{"rendered":"<p><em>Trabajadores provenientes de las 800 localidades donde ATE tiene presencia iniciaron hoy en Costa Salguero el primer Plenario Nacional de Delegados de Municipios con un acto que tuvo como oradores al diputado nacional V\u00edctor De Gennaro. La delegaci\u00f3n de C\u00f3rdoba est\u00e1 presidida por nuestra secretaria General, Mar\u00eda Teresa Romero. Tambi\u00e9n se dirigieron a los delegados presentes el dirigente del SUTEYM de M\u00e9xico y miembro de la CLATE, Salvador Linares Romero, y el Secretario General de ATE y presidente de la CLATE, Julio Fuentes.<\/em><\/p>\n<p><a href=\"http:\/\/www.atecordoba.org\/wp-content\/uploads\/2013\/11\/PLENARIO-NACIONAL-MUNICIPALES.jpg\"><img loading=\"lazy\" decoding=\"async\" class=\"aligncenter size-full wp-image-3523\" alt=\"PLENARIO NACIONAL MUNICIPALES\" src=\"http:\/\/www.atecordoba.org\/wp-content\/uploads\/2013\/11\/PLENARIO-NACIONAL-MUNICIPALES.jpg\" width=\"448\" height=\"298\" \/><\/a><\/p>\n<p>La bienvenida estuvo a cargo del responsable nacional de Asuntos Municipales de ATE, Mario Mu\u00f1oz, quien salud\u00f3 a cada una de las delegaciones que iban llegando, encabezadas por los Secretarios Generales de cada una de las provincias y Capital Federal. Sobre el escenario, adem\u00e1s, se ubic\u00f3 el Consejo Directivo Nacional por completo. Asistieron tambi\u00e9n comitivas de trabajadores estatales de Paraguay, Uruguay y Chile, entre ellos Luiggi Bazzano, dirigente de la CLATE. Carlos Custer, compa\u00f1ero hist\u00f3rico de la confederaci\u00f3n latinoamericana y dirigente de ATE, tambi\u00e9n estuvo entre los invitados.<\/p>\n<p>Hoy se cumplen adem\u00e1s 29 a\u00f1os de la recuperaci\u00f3n del sindicato luego de la \u00faltima dictadura militar. Por ello se proyect\u00f3 un video recordatorio de la victoria de la lista de ANUSATE, que precedi\u00f3 las palabras de V\u00edctor De Gennaro, primer Secretario General de la ATE recuperada y fundador de la CTA.<\/p>\n<p>El dirigente record\u00f3 la fundaci\u00f3n de ANUSATE en 1977 con las palabras del entonces referente H\u00e9ctor Quagliaro, quien por aquel entonces se\u00f1alaba &#8220;estar construyendo una organizaci\u00f3n por la que transitar\u00e1n miles de compa\u00f1eros que todav\u00eda no conocemos&#8221;. En alusi\u00f3n a ello De <a href=\"http:\/\/www.atecordoba.org\/wp-content\/uploads\/2013\/11\/PLENARIO-NACIONAL-MUNICIPALES-VICTOR.jpg\"><img loading=\"lazy\" decoding=\"async\" class=\"size-full wp-image-3524 alignright\" alt=\"PLENARIO NACIONAL MUNICIPALES - VICTOR\" src=\"http:\/\/www.atecordoba.org\/wp-content\/uploads\/2013\/11\/PLENARIO-NACIONAL-MUNICIPALES-VICTOR.jpg\" width=\"448\" height=\"298\" \/><\/a>Gennaro subray\u00f3 a los presentes: &#8220;Ustedes son el fiel reflejo de esa construcci\u00f3n&#8221;.<\/p>\n<p>Luego se\u00f1al\u00f3 estar caminando un tiempo de ofensiva para volver a ser felices, como etapa nacida en 2001, luego del proceso de resistencia que signific\u00f3 la ca\u00edda del muro y el despliegue de las pol\u00edticas neoliberales. En este sentido, record\u00f3 las agallas que tuvieron compa\u00f1eros como Carlos Custer o Germ\u00e1n Abdala en aquellos tiempos de privatizaci\u00f3n ajuste del Estado que &#8220;cuando debieron elegir entre ser disciplinados con el partido de gobierno o con la clase trabajadora, fueron fieles a los trabajadores&#8221;.<\/p>\n<p>Por \u00faltimo, recalc\u00f3 que la construcci\u00f3n de poder est\u00e1 en el territorio y defini\u00f3 a los presentes como la vanguardia del proceso de construcci\u00f3n. &#8220;Nosotros resistimos: creamos un ATE m\u00e1s nacional, la CTA y la Marcha Grande de 1994. Ahora debemos erigir el pa\u00eds que queremos, no el que podemos. Y para parir esa nueva Argentina debemos construir poder en los 2200 municipios&#8221;, expres\u00f3.<\/p>\n<p>Fue el turno entonces de Salvador Linares Romero, quien habl\u00f3 en representaci\u00f3n de las comisiones extranjeras, trasladando el saludo y solidaridad latinoamericana.<\/p>\n<p>A continuaci\u00f3n, Julio Fuentes reconoci\u00f3 la emoci\u00f3n en las palabras de De Gennaro y record\u00f3 el proceso de transformaci\u00f3n que este encabez\u00f3 en los &#8217;80: &#8220;Los compa\u00f1eros se animaron a crecer, a abrir las puertas en serio. De 1984 a 1991 pasaron de 42 mil afiliados a 140 mil. Eso es democratizar en serio&#8221;.<\/p>\n<p><a href=\"http:\/\/www.atecordoba.org\/wp-content\/uploads\/2013\/11\/PLENARIO-NACIONAL-MUNICIPALES-JULIO-FUENTES.jpg\"><img loading=\"lazy\" decoding=\"async\" class=\"size-full wp-image-3525 alignleft\" alt=\"PLENARIO NACIONAL MUNICIPALES - JULIO FUENTES\" src=\"http:\/\/www.atecordoba.org\/wp-content\/uploads\/2013\/11\/PLENARIO-NACIONAL-MUNICIPALES-JULIO-FUENTES.jpg\" width=\"448\" height=\"298\" \/><\/a>En comparaci\u00f3n, dijo que as\u00ed como entonces crecieron los provinciales, hoy les toca nacionalizar sus luchas a los municipales, y que ATE es la mejor herramienta para ello. &#8220;Nuestro sindicato es imperfecto, pero tiene una gran virtud: es fuerte y unido. Yo se los garantizo como dirigente neuquino que fui. Nunca nos llamaron del CDN para decidir cuando se pod\u00eda parar o no, sino para darnos una mano. ATE puede perder una huelga, pero no es una cueva de traidores. Imperfecta, pero leal.&#8221;<\/p>\n<p>El Secretario General manifest\u00f3 luego ser concientes del desaf\u00edo de la nacionalizaci\u00f3n, pero de su necesidad, porque la lucha pueblo por pueblo, seg\u00fan \u00e9l, es la estrategia de los gobiernos y el neoliberalismo, y camina al fracaso.<\/p>\n<p>En este sentido, el dirigente realiz\u00f3 una radiograf\u00eda de la distribuci\u00f3n de la recaudaci\u00f3n impositiva en la Argentina, en la que el Estado nacional se queda con el 75% y paga 360 mil salarios; las provincias con el 21% abonan 2 millones de sueldos; y los municipios con s\u00f3lo el 4% paga m\u00e1s de un mill\u00f3n de salarios. &#8220;Aqu\u00ed est\u00e1 la trampa, el ajuste permanente que no se desarma, la matriz del modelo neoliberal. Y lo que venimos a discutir es si hacemos un acuerdo de hierro para que cuando paren los compa\u00f1eros en un municipio, paremos en todo el pa\u00eds&#8221;.<\/p>\n<p>Para finalizar, Fuentes destac\u00f3 que la conducci\u00f3n nacional presente dar\u00e1 mandato a los 5060 delegados municipales de lo que las comisiones de debate resuelvan en el d\u00eda de hoy y ma\u00f1ana.<\/p>\n<p><a href=\"http:\/\/www.atecordoba.org\/wp-content\/uploads\/2013\/11\/PLENARIO-NACIONAL-MUNICIPALES-TRIBUNA.jpg\"><img loading=\"lazy\" decoding=\"async\" class=\"aligncenter size-full wp-image-3526\" alt=\"PLENARIO NACIONAL MUNICIPALES TRIBUNA\" src=\"http:\/\/www.atecordoba.org\/wp-content\/uploads\/2013\/11\/PLENARIO-NACIONAL-MUNICIPALES-TRIBUNA.jpg\" width=\"448\" height=\"298\" \/><\/a><\/p>\n","protected":false},"excerpt":{"rendered":"<p>Trabajadores provenientes de las 800 localidades donde ATE tiene presencia iniciaron hoy en Costa Salguero el primer Plenario Nacional de Delegados de Municipios con un acto que tuvo como oradores al diputado nacional V\u00edctor De Gennaro. La delegaci\u00f3n de C\u00f3rdoba est\u00e1 presidida por nuestra secretaria General, Mar\u00eda Teresa Romero. Tambi\u00e9n se dirigieron a los delegados [&hellip;]<\/p>\n","protected":false},"author":1,"featured_media":19220,"comment_status":"open","ping_status":"open","sticky":false,"template":"","format":"standard","meta":{"_exactmetrics_skip_tracking":false,"_exactmetrics_sitenote_active":false,"_exactmetrics_sitenote_note":"","_exactmetrics_sitenote_category":0,"jnews-multi-image_gallery":[],"jnews_single_post":[],"jnews_primary_category":[],"jnews_social_meta":[],"jnews_review":[],"enable_review":"","type":"","name":"","summary":"","brand":"","sku":"","good":[],"bad":[],"score_override":"","override_value":"","rating":[],"price":[],"jnews_override_counter":[],"jnews_post_split":[],"footnotes":""},"categories":[20],"tags":[],"class_list":["post-3522","post","type-post","status-publish","format-standard","has-post-thumbnail","hentry","category-municipales"],"jetpack_featured_media_url":"https:\/\/atecordoba.org\/wp-content\/uploads\/2020\/05\/logo-nuevochico-e1561581322808.png","_links":{"self":[{"href":"https:\/\/atecordoba.org\/index.php?rest_route=\/wp\/v2\/posts\/3522","targetHints":{"allow":["GET"]}}],"collection":[{"href":"https:\/\/atecordoba.org\/index.php?rest_route=\/wp\/v2\/posts"}],"about":[{"href":"https:\/\/atecordoba.org\/index.php?rest_route=\/wp\/v2\/types\/post"}],"author":[{"embeddable":true,"href":"https:\/\/atecordoba.org\/index.php?rest_route=\/wp\/v2\/users\/1"}],"replies":[{"embeddable":true,"href":"https:\/\/atecordoba.org\/index.php?rest_route=%2Fwp%2Fv2%2Fcomments&post=3522"}],"version-history":[{"count":0,"href":"https:\/\/atecordoba.org\/index.php?rest_route=\/wp\/v2\/posts\/3522\/revisions"}],"wp:featuredmedia":[{"embeddable":true,"href":"https:\/\/atecordoba.org\/index.php?rest_route=\/wp\/v2\/media\/19220"}],"wp:attachment":[{"href":"https:\/\/atecordoba.org\/index.php?rest_route=%2Fwp%2Fv2%2Fmedia&parent=3522"}],"wp:term":[{"taxonomy":"category","embeddable":true,"href":"https:\/\/atecordoba.org\/index.php?rest_route=%2Fwp%2Fv2%2Fcategories&post=3522"},{"taxonomy":"post_tag","embeddable":true,"href":"https:\/\/atecordoba.org\/index.php?rest_route=%2Fwp%2Fv2%2Ftags&post=3522"}],"curies":[{"name":"wp","href":"https:\/\/api.w.org\/{rel}","templated":true}]}}