{"id":3516,"date":"2013-11-06T17:04:56","date_gmt":"2013-11-06T20:04:56","guid":{"rendered":"http:\/\/www.atecordoba.org\/?p=3516"},"modified":"2013-11-06T17:04:56","modified_gmt":"2013-11-06T20:04:56","slug":"se-cumplio-la-jornada-de-protesta-en-los-hospitales-provinciales","status":"publish","type":"post","link":"https:\/\/atecordoba.org\/?p=3516","title":{"rendered":"Se cumpli\u00f3 con \u00e9xito la jornada de protesta en los hospitales provinciales"},"content":{"rendered":"<p><em>Con participaci\u00f3n de compa\u00f1eros de 11 hospitales y centros de salud, ATE realiz\u00f3 hoy una jornada de protesta que culmin\u00f3 con una movilizaci\u00f3n hasta el nudo vial cercano a casa de gobierno. \u00a0Repudio al ministro de Salud y a la persecuci\u00f3n por medio de planillas volantes.<\/em><\/p>\n<p style=\"text-align: center;\"><img loading=\"lazy\" decoding=\"async\" class=\"ngg-singlepic ngg-center aligncenter\" alt=\"marcha\" src=\"http:\/\/www.atecordoba.org\/wp-content\/gallery\/salud-marcha-61113\/marcha.jpg\" width=\"576\" height=\"432\" \/><\/p>\n<p style=\"text-align: left;\">Cientos de compa\u00f1eros iniciaron la medida de fuerza alrededor de las 9 de ma\u00f1ana,cuando trabajadores, delegados y activistas abandonaron sus lugares de trabajo para dirigirse al hospital San Roque a participar de la asamblea general convocada por ATE, de a cuerdo a los establecido en la asamblea general de la semana pasada. En la \u00a0entrada hab\u00eda una guardia policial que s\u00f3lo hizo acto de presencia, sin interrumpir el ingreso de los trabajadores. Ayer una delegada hab\u00eda denunciado p\u00fablicamente que miembros de la guardia de Infanter\u00eda se hicieron presentes con el fin de amedrentar a los trabajadores en lucha.<\/p>\n<p>Iniciada la asamblea, compa\u00f1eros de distintos sectores evaluaron el clima de la protesta y elevaron el mandato de las asambleas de cada hospital.\u00a0Estuvieron presentes representantes de los hospitales Tr\u00e1nsito Caceres de Allende, C\u00f3rdoba, Misericordia, de Ni\u00f1os, Rawson,\u00a0Neonatal, San Roque, Santa Mar\u00eda de Punilla y Neuropsiqui\u00e1trico, conjuntamente con trabajadores de la Casa del Joven, el IPAD y de la Maternidad provincial.<\/p>\n<p style=\"text-align: left;\">Como viene siendo desde el inicio del plan de lucha, se hizo sentir fuertemente el reclamo con una recomposici\u00f3n salarial que iguale el salario de la categor\u00eda inicial con la canasta familiar. Entre cada uno de los trabajadores que tomaron la palabra se repiti\u00f3 el diagn\u00f3stico respecto a la falta de insumos y la aparatolog\u00eda fuera de uso por carecer de mantenimiento. &#8220;Estamos en un momento importante. Cada vez se suman m\u00e1s compa\u00f1eros a<img loading=\"lazy\" decoding=\"async\" class=\"ngg-singlepic ngg-right alignright\" alt=\"100_6217\" src=\"http:\/\/www.atecordoba.org\/wp-content\/gallery\/salud-marcha-61113\/100_6217.jpg\" width=\"363\" height=\"272\" \/> nuestro plan de lucha. por eso decimos desde ATE que el pase a planta de los contratados y monotributos es uno de los reclamos que debemos poner en primer t\u00e9rmino. Ning\u00fan compa\u00f1ero precarizado es la consigna&#8221;, asegur\u00f3 Daniel Pawluchuzk, secretario de Prensa de ATE.<\/p>\n<p style=\"text-align: left;\">La asamblea se extendi\u00f3 por dos horas, mientras se pod\u00eda constatar en todos los hospitales en lucha que la atenci\u00f3n estaba verdaderamente resentida, a pesar de la campa\u00f1a de presiones que el Ministerio de Salud lleva adelante, haciendo circular planillas volantes al momento de desarrollarse la protesta.<\/p>\n<p style=\"text-align: left;\">Finalmente, alrededor del mediod\u00eda, los compa\u00f1eros cortaron la calle en el Polo Sanitario para dirigirse al nudo vial del Hombre Urbano, donde cortaron las calles adyacentes, mientras gritaban consignas de cara a la Casa de Gobierno.<\/p>\n<p style=\"text-align: left;\">Adem\u00e1s, se confirm\u00f3 que en lo sucesivo se mantendr\u00e1 el estado de alerta y movilizaci\u00f3n, con asambleas de tres horas por turno, hasta concluir en una nueva jornada de protesta el jueves que viene, 14 de noviembre, con una asamblea general a realizarse en el Hospital C\u00f3rdoba.<\/p>\n<p style=\"text-align: center;\"><img loading=\"lazy\" decoding=\"async\" class=\"ngg-singlepic ngg-center aligncenter\" alt=\"100_6109\" src=\"http:\/\/www.atecordoba.org\/wp-content\/gallery\/salud-marcha-61113\/100_6109.jpg\" width=\"605\" height=\"454\" \/><\/p>\n","protected":false},"excerpt":{"rendered":"<p>Con participaci\u00f3n de compa\u00f1eros de 11 hospitales y centros de salud, ATE realiz\u00f3 hoy una jornada de protesta que culmin\u00f3 con una movilizaci\u00f3n hasta el nudo vial cercano a casa de gobierno. \u00a0Repudio al ministro de Salud y a la persecuci\u00f3n por medio de planillas volantes. Cientos de compa\u00f1eros iniciaron la medida de fuerza alrededor [&hellip;]<\/p>\n","protected":false},"author":1,"featured_media":19220,"comment_status":"open","ping_status":"open","sticky":false,"template":"","format":"standard","meta":{"_exactmetrics_skip_tracking":false,"_exactmetrics_sitenote_active":false,"_exactmetrics_sitenote_note":"","_exactmetrics_sitenote_category":0,"jnews-multi-image_gallery":[],"jnews_single_post":[],"jnews_primary_category":[],"jnews_social_meta":[],"jnews_review":[],"enable_review":"","type":"","name":"","summary":"","brand":"","sku":"","good":[],"bad":[],"score_override":"","override_value":"","rating":[],"price":[],"jnews_override_counter":[],"jnews_post_split":[],"footnotes":""},"categories":[7,8],"tags":[],"class_list":["post-3516","post","type-post","status-publish","format-standard","has-post-thumbnail","hentry","category-hospitales","category-provinciales"],"jetpack_featured_media_url":"https:\/\/atecordoba.org\/wp-content\/uploads\/2020\/05\/logo-nuevochico-e1561581322808.png","_links":{"self":[{"href":"https:\/\/atecordoba.org\/index.php?rest_route=\/wp\/v2\/posts\/3516","targetHints":{"allow":["GET"]}}],"collection":[{"href":"https:\/\/atecordoba.org\/index.php?rest_route=\/wp\/v2\/posts"}],"about":[{"href":"https:\/\/atecordoba.org\/index.php?rest_route=\/wp\/v2\/types\/post"}],"author":[{"embeddable":true,"href":"https:\/\/atecordoba.org\/index.php?rest_route=\/wp\/v2\/users\/1"}],"replies":[{"embeddable":true,"href":"https:\/\/atecordoba.org\/index.php?rest_route=%2Fwp%2Fv2%2Fcomments&post=3516"}],"version-history":[{"count":0,"href":"https:\/\/atecordoba.org\/index.php?rest_route=\/wp\/v2\/posts\/3516\/revisions"}],"wp:featuredmedia":[{"embeddable":true,"href":"https:\/\/atecordoba.org\/index.php?rest_route=\/wp\/v2\/media\/19220"}],"wp:attachment":[{"href":"https:\/\/atecordoba.org\/index.php?rest_route=%2Fwp%2Fv2%2Fmedia&parent=3516"}],"wp:term":[{"taxonomy":"category","embeddable":true,"href":"https:\/\/atecordoba.org\/index.php?rest_route=%2Fwp%2Fv2%2Fcategories&post=3516"},{"taxonomy":"post_tag","embeddable":true,"href":"https:\/\/atecordoba.org\/index.php?rest_route=%2Fwp%2Fv2%2Ftags&post=3516"}],"curies":[{"name":"wp","href":"https:\/\/api.w.org\/{rel}","templated":true}]}}