{"id":35134,"date":"2022-12-16T10:33:29","date_gmt":"2022-12-16T13:33:29","guid":{"rendered":"https:\/\/atecordoba.org\/?p=35134"},"modified":"2022-12-16T12:28:33","modified_gmt":"2022-12-16T15:28:33","slug":"polo-sanitario-despiden-de-manera-arbitraria-e-improcedente-una-trabajadora-que-atraviesa-una-carpeta-por-salud-mental","status":"publish","type":"post","link":"https:\/\/atecordoba.org\/?p=35134","title":{"rendered":"Polo de la Mujer: despiden de manera arbitraria e improcedente una trabajadora con carpeta m\u00e9dica"},"content":{"rendered":"\n<p>(fuente: elresaltador.com.ar)<\/p>\n\n\n\n<div class=\"wp-block-image\"><figure class=\"aligncenter size-full is-resized\"><img loading=\"lazy\" decoding=\"async\" src=\"https:\/\/atecordoba.org\/wp-content\/uploads\/2022\/12\/POLOMUJER.jpg\" alt=\"\" class=\"wp-image-35136\" width=\"768\" height=\"576\" \/><\/figure><\/div>\n\n\n\n<p>Profesionales en materia de g\u00e9nero manifestaron su repudio&nbsp;<strong>al despido encubierto de una trabajadora que fue desvinculada mientras transitaba una carpeta m\u00e9dica por salud mental.<\/strong><\/p>\n\n\n\n<p>Las compa\u00f1eras que denuncian el hecho sostienen que la persona afectada reviste como residente del Ministerio, y se\u00f1alan que las condiciones laborales que dicha residencia posee, han sido poco claras.<\/p>\n\n\n\n<p>&#8220;Del punto anterior se desprende la acuciante situaci\u00f3n de les trabajadores residentes de nuestro ministerio. Recordamos que quienes figuran bajo esta condici\u00f3n son trabajadores que se desempe\u00f1an hace a\u00f1os en la instituci\u00f3n, siendo que antes lo hac\u00edan con formas -tambi\u00e9n precarias- de monotributo o convenios con organismos externos&#8221;, expresaron las trabajadoras.<\/p>\n\n\n\n<p>Para las&nbsp;<strong>trabajadoras del Polo<\/strong>, las residentes conviven con la permanente inquietud acerca de la continuidad laboral una vez finalizada la residencia en octubre del a\u00f1o pr\u00f3ximo. Exigen que se les notifique de manera formal el modo de continuidad laboral una vez finalizado el espacio formativo.<\/p>\n\n\n\n<p>Adem\u00e1s, demandan&nbsp;<strong>el pase a contrato de residentes y becarias, as\u00ed como cambien el pase a planta permanente del personal contratado.<\/strong><\/p>\n\n\n\n<p>&#8220;Solicitamos que se cese con la violencia laboral por parte de autoridades de nuestro ministerio ante las diferentes consultas y\/o demandas que realizamos. Entendemos que esto configura un tipo de violencia espec\u00edfico, la cual como trabajadores de esta instituci\u00f3n debemos garantizar su erradicaci\u00f3n&#8221;.<\/p>\n","protected":false},"excerpt":{"rendered":"<p>(fuente: elresaltador.com.ar) Profesionales en materia de g\u00e9nero manifestaron su repudio&nbsp;al despido encubierto de una trabajadora que fue desvinculada mientras transitaba una carpeta m\u00e9dica por salud mental. Las compa\u00f1eras que denuncian el hecho sostienen que la persona afectada reviste como residente del Ministerio, y se\u00f1alan que las condiciones laborales que dicha residencia posee, han sido poco [&hellip;]<\/p>\n","protected":false},"author":7,"featured_media":35140,"comment_status":"open","ping_status":"open","sticky":false,"template":"","format":"standard","meta":{"_exactmetrics_skip_tracking":false,"_exactmetrics_sitenote_active":false,"_exactmetrics_sitenote_note":"","_exactmetrics_sitenote_category":0,"jnews-multi-image_gallery":[],"jnews_single_post":{"subtitle":"La compa\u00f1era es una trabajadora precarizada que se desempe\u00f1a en una residencia.","format":"standard","video":"","gallery":"","source_name":"","source_url":"","via_name":"","via_url":"","override_template":"0","override":[{"template":"1","single_blog_custom":"","parallax":"1","fullscreen":"1","layout":"right-sidebar","sidebar":"default-sidebar","second_sidebar":"default-sidebar","sticky_sidebar":"1","share_position":"top","share_float_style":"share-monocrhome","show_share_counter":"1","show_view_counter":"1","show_featured":"1","show_post_meta":"1","show_post_author":"1","show_post_author_image":"1","show_post_date":"1","post_date_format":"default","post_date_format_custom":"Y\/m\/d","show_post_category":"1","show_post_reading_time":"0","post_reading_time_wpm":"300","show_zoom_button":"0","zoom_button_out_step":"2","zoom_button_in_step":"3","show_post_tag":"1","show_prev_next_post":"1","show_popup_post":"1","number_popup_post":"1","show_author_box":"0","show_post_related":"0","show_inline_post_related":"0"}],"override_image_size":"0","image_override":[{"single_post_thumbnail_size":"crop-500","single_post_gallery_size":"crop-500"}],"trending_post":"0","trending_post_position":"meta","trending_post_label":"Trending","sponsored_post":"0","sponsored_post_label":"Sponsored by","sponsored_post_name":"","sponsored_post_url":"","sponsored_post_logo_enable":"0","sponsored_post_logo":"","sponsored_post_desc":"","disable_ad":"0"},"jnews_primary_category":{"id":""},"jnews_social_meta":{"fb_title":"","fb_description":"","fb_image":"","twitter_title":"","twitter_description":"","twitter_image":""},"jnews_review":[],"enable_review":"0","type":"percentage","name":"","summary":"","brand":"","sku":"","good":[{"good_text":""}],"bad":[{"bad_text":""}],"score_override":"","override_value":"","rating":[{"rating_text":"","rating_number":"10"}],"price":[{"shop":"","price":"","link":"","icon":""}],"jnews_override_counter":{"override_view_counter":"0","view_counter_number":"0","override_share_counter":"0","share_counter_number":"0","override_like_counter":"0","like_counter_number":"0","override_dislike_counter":"0","dislike_counter_number":"0"},"jnews_post_split":{"enable_post_split":"0","post_split":[{"template":"1","tag":"h2","numbering":"asc","mode":"normal","first":"0","enable_toc":"0","toc_type":"normal"}]},"footnotes":""},"categories":[8],"tags":[747],"class_list":["post-35134","post","type-post","status-publish","format-standard","has-post-thumbnail","hentry","category-provinciales","tag-polo-de-la-mujer"],"jetpack_featured_media_url":"https:\/\/atecordoba.org\/wp-content\/uploads\/2022\/12\/POLOMUJERdet.jpg","_links":{"self":[{"href":"https:\/\/atecordoba.org\/index.php?rest_route=\/wp\/v2\/posts\/35134","targetHints":{"allow":["GET"]}}],"collection":[{"href":"https:\/\/atecordoba.org\/index.php?rest_route=\/wp\/v2\/posts"}],"about":[{"href":"https:\/\/atecordoba.org\/index.php?rest_route=\/wp\/v2\/types\/post"}],"author":[{"embeddable":true,"href":"https:\/\/atecordoba.org\/index.php?rest_route=\/wp\/v2\/users\/7"}],"replies":[{"embeddable":true,"href":"https:\/\/atecordoba.org\/index.php?rest_route=%2Fwp%2Fv2%2Fcomments&post=35134"}],"version-history":[{"count":4,"href":"https:\/\/atecordoba.org\/index.php?rest_route=\/wp\/v2\/posts\/35134\/revisions"}],"predecessor-version":[{"id":35146,"href":"https:\/\/atecordoba.org\/index.php?rest_route=\/wp\/v2\/posts\/35134\/revisions\/35146"}],"wp:featuredmedia":[{"embeddable":true,"href":"https:\/\/atecordoba.org\/index.php?rest_route=\/wp\/v2\/media\/35140"}],"wp:attachment":[{"href":"https:\/\/atecordoba.org\/index.php?rest_route=%2Fwp%2Fv2%2Fmedia&parent=35134"}],"wp:term":[{"taxonomy":"category","embeddable":true,"href":"https:\/\/atecordoba.org\/index.php?rest_route=%2Fwp%2Fv2%2Fcategories&post=35134"},{"taxonomy":"post_tag","embeddable":true,"href":"https:\/\/atecordoba.org\/index.php?rest_route=%2Fwp%2Fv2%2Ftags&post=35134"}],"curies":[{"name":"wp","href":"https:\/\/api.w.org\/{rel}","templated":true}]}}