{"id":35126,"date":"2022-12-15T15:27:18","date_gmt":"2022-12-15T18:27:18","guid":{"rendered":"https:\/\/atecordoba.org\/?p=35126"},"modified":"2022-12-16T12:31:05","modified_gmt":"2022-12-16T15:31:05","slug":"eligen-delegados-en-villa-ciudad-parque","status":"publish","type":"post","link":"https:\/\/atecordoba.org\/?p=35126","title":{"rendered":"Por primera vez se eligen delegados de ATE en Villa Ciudad Parque"},"content":{"rendered":"\n<figure class=\"wp-block-gallery has-nested-images columns-default is-cropped wp-block-gallery-1 is-layout-flex wp-block-gallery-is-layout-flex\">\n<figure class=\"wp-block-image size-large\"><a href=\"https:\/\/atecordoba.org\/wp-content\/uploads\/2022\/12\/IMG-20221215-WA0191.jpg\"><img loading=\"lazy\" decoding=\"async\" width=\"768\" height=\"1024\" data-id=\"35127\" src=\"https:\/\/atecordoba.org\/wp-content\/uploads\/2022\/12\/IMG-20221215-WA0191-768x1024.jpg\" alt=\"\" class=\"wp-image-35127\" srcset=\"https:\/\/atecordoba.org\/wp-content\/uploads\/2022\/12\/IMG-20221215-WA0191-768x1024.jpg 768w, https:\/\/atecordoba.org\/wp-content\/uploads\/2022\/12\/IMG-20221215-WA0191-225x300.jpg 225w, https:\/\/atecordoba.org\/wp-content\/uploads\/2022\/12\/IMG-20221215-WA0191-750x1000.jpg 750w, https:\/\/atecordoba.org\/wp-content\/uploads\/2022\/12\/IMG-20221215-WA0191.jpg 960w\" sizes=\"auto, (max-width: 768px) 100vw, 768px\" \/><\/a><\/figure>\n\n\n\n<figure class=\"wp-block-image size-large\"><a href=\"https:\/\/atecordoba.org\/wp-content\/uploads\/2022\/12\/IMG-20221215-WA0192.jpg\"><img loading=\"lazy\" decoding=\"async\" width=\"768\" height=\"1024\" data-id=\"35128\" src=\"https:\/\/atecordoba.org\/wp-content\/uploads\/2022\/12\/IMG-20221215-WA0192-768x1024.jpg\" alt=\"\" class=\"wp-image-35128\" srcset=\"https:\/\/atecordoba.org\/wp-content\/uploads\/2022\/12\/IMG-20221215-WA0192-768x1024.jpg 768w, https:\/\/atecordoba.org\/wp-content\/uploads\/2022\/12\/IMG-20221215-WA0192-225x300.jpg 225w, https:\/\/atecordoba.org\/wp-content\/uploads\/2022\/12\/IMG-20221215-WA0192-750x1000.jpg 750w, https:\/\/atecordoba.org\/wp-content\/uploads\/2022\/12\/IMG-20221215-WA0192.jpg 960w\" sizes=\"auto, (max-width: 768px) 100vw, 768px\" \/><\/a><\/figure>\n\n\n\n<figure class=\"wp-block-image size-large\"><a href=\"https:\/\/atecordoba.org\/wp-content\/uploads\/2022\/12\/IMG-20221215-WA0048.jpg\"><img loading=\"lazy\" decoding=\"async\" width=\"576\" height=\"1024\" data-id=\"35129\" src=\"https:\/\/atecordoba.org\/wp-content\/uploads\/2022\/12\/IMG-20221215-WA0048-576x1024.jpg\" alt=\"\" class=\"wp-image-35129\" srcset=\"https:\/\/atecordoba.org\/wp-content\/uploads\/2022\/12\/IMG-20221215-WA0048-576x1024.jpg 576w, https:\/\/atecordoba.org\/wp-content\/uploads\/2022\/12\/IMG-20221215-WA0048-169x300.jpg 169w, https:\/\/atecordoba.org\/wp-content\/uploads\/2022\/12\/IMG-20221215-WA0048-768x1365.jpg 768w, https:\/\/atecordoba.org\/wp-content\/uploads\/2022\/12\/IMG-20221215-WA0048-864x1536.jpg 864w, https:\/\/atecordoba.org\/wp-content\/uploads\/2022\/12\/IMG-20221215-WA0048-750x1333.jpg 750w, https:\/\/atecordoba.org\/wp-content\/uploads\/2022\/12\/IMG-20221215-WA0048.jpg 900w\" sizes=\"auto, (max-width: 576px) 100vw, 576px\" \/><\/a><\/figure>\n<\/figure>\n\n\n\n<p>En la comuna de Villa Ciudad Parque se llevaron a cabo hoy las elecciones de delegados gremiales. <\/p>\n\n\n\n<p>En la oportunidad resultaron electas y electos para representar a las y los municipales de la localidad&nbsp;Valeria Geremias, Leonardo Checa, Mariano Fern\u00e1ndez y Claudia P\u00e9rez, compa\u00f1eras y compa\u00f1eros que se desempe\u00f1ar\u00e1n durante los pr\u00f3ximos dos a\u00f1os.<\/p>\n\n\n\n<p>Se destac\u00f3 la masiva afluencia de las y los trabajadores para participar de la elecci\u00f3n, dando cuenta de la legitimidad que nuestro gremio va ganando d\u00eda a d\u00eda entre las y los municipales.<\/p>\n\n\n\n<p>De esta forma, ATE contin\u00faa consolidando la organizaci\u00f3n del sector municipal en la provincia de C\u00f3rdoba.<\/p>\n\n\n\n<figure class=\"wp-block-gallery has-nested-images columns-default is-cropped wp-block-gallery-2 is-layout-flex wp-block-gallery-is-layout-flex\">\n<figure class=\"wp-block-image size-large\"><a href=\"https:\/\/atecordoba.org\/wp-content\/uploads\/2022\/12\/IMG-20221215-WA0196.jpg\"><img loading=\"lazy\" decoding=\"async\" width=\"576\" height=\"1024\" data-id=\"35130\" src=\"https:\/\/atecordoba.org\/wp-content\/uploads\/2022\/12\/IMG-20221215-WA0196-576x1024.jpg\" alt=\"\" class=\"wp-image-35130\" srcset=\"https:\/\/atecordoba.org\/wp-content\/uploads\/2022\/12\/IMG-20221215-WA0196-576x1024.jpg 576w, https:\/\/atecordoba.org\/wp-content\/uploads\/2022\/12\/IMG-20221215-WA0196-169x300.jpg 169w, https:\/\/atecordoba.org\/wp-content\/uploads\/2022\/12\/IMG-20221215-WA0196-768x1365.jpg 768w, https:\/\/atecordoba.org\/wp-content\/uploads\/2022\/12\/IMG-20221215-WA0196-864x1536.jpg 864w, https:\/\/atecordoba.org\/wp-content\/uploads\/2022\/12\/IMG-20221215-WA0196-750x1333.jpg 750w, https:\/\/atecordoba.org\/wp-content\/uploads\/2022\/12\/IMG-20221215-WA0196.jpg 900w\" sizes=\"auto, (max-width: 576px) 100vw, 576px\" \/><\/a><\/figure>\n\n\n\n<figure class=\"wp-block-image size-large\"><a href=\"https:\/\/atecordoba.org\/wp-content\/uploads\/2022\/12\/IMG-20221215-WA0193.jpg\"><img loading=\"lazy\" decoding=\"async\" width=\"576\" height=\"1024\" data-id=\"35132\" src=\"https:\/\/atecordoba.org\/wp-content\/uploads\/2022\/12\/IMG-20221215-WA0193-576x1024.jpg\" alt=\"\" class=\"wp-image-35132\" srcset=\"https:\/\/atecordoba.org\/wp-content\/uploads\/2022\/12\/IMG-20221215-WA0193-576x1024.jpg 576w, https:\/\/atecordoba.org\/wp-content\/uploads\/2022\/12\/IMG-20221215-WA0193-169x300.jpg 169w, https:\/\/atecordoba.org\/wp-content\/uploads\/2022\/12\/IMG-20221215-WA0193-768x1365.jpg 768w, https:\/\/atecordoba.org\/wp-content\/uploads\/2022\/12\/IMG-20221215-WA0193-864x1536.jpg 864w, https:\/\/atecordoba.org\/wp-content\/uploads\/2022\/12\/IMG-20221215-WA0193-750x1333.jpg 750w, https:\/\/atecordoba.org\/wp-content\/uploads\/2022\/12\/IMG-20221215-WA0193.jpg 900w\" sizes=\"auto, (max-width: 576px) 100vw, 576px\" \/><\/a><\/figure>\n\n\n\n<figure class=\"wp-block-image size-large\"><a href=\"https:\/\/atecordoba.org\/wp-content\/uploads\/2022\/12\/IMG-20221215-WA0195.jpg\"><img loading=\"lazy\" decoding=\"async\" width=\"576\" height=\"1024\" data-id=\"35131\" src=\"https:\/\/atecordoba.org\/wp-content\/uploads\/2022\/12\/IMG-20221215-WA0195-576x1024.jpg\" alt=\"\" class=\"wp-image-35131\" \/><\/a><\/figure>\n<\/figure>\n","protected":false},"excerpt":{"rendered":"<p>En la comuna de Villa Ciudad Parque se llevaron a cabo hoy las elecciones de delegados gremiales. En la oportunidad resultaron electas y electos para representar a las y los municipales de la localidad&nbsp;Valeria Geremias, Leonardo Checa, Mariano Fern\u00e1ndez y Claudia P\u00e9rez, compa\u00f1eras y compa\u00f1eros que se desempe\u00f1ar\u00e1n durante los pr\u00f3ximos dos a\u00f1os. Se destac\u00f3 [&hellip;]<\/p>\n","protected":false},"author":7,"featured_media":35131,"comment_status":"open","ping_status":"open","sticky":false,"template":"","format":"standard","meta":{"_exactmetrics_skip_tracking":false,"_exactmetrics_sitenote_active":false,"_exactmetrics_sitenote_note":"","_exactmetrics_sitenote_category":0,"jnews-multi-image_gallery":[],"jnews_single_post":{"subtitle":"Se destac\u00f3 la masiva afluencia de las y los trabajadores para participar de la elecci\u00f3n, dando cuenta de la legitimidad que nuestro gremio va ganando d\u00eda a d\u00eda entre las y los municipales.","format":"standard","video":"","gallery":"","source_name":"","source_url":"","via_name":"","via_url":"","override_template":"0","override":[{"template":"1","single_blog_custom":"","parallax":"1","fullscreen":"1","layout":"right-sidebar","sidebar":"default-sidebar","second_sidebar":"default-sidebar","sticky_sidebar":"1","share_position":"top","share_float_style":"share-monocrhome","show_share_counter":"1","show_view_counter":"1","show_featured":"1","show_post_meta":"1","show_post_author":"1","show_post_author_image":"1","show_post_date":"1","post_date_format":"default","post_date_format_custom":"Y\/m\/d","show_post_category":"1","show_post_reading_time":"0","post_reading_time_wpm":"300","show_zoom_button":"0","zoom_button_out_step":"2","zoom_button_in_step":"3","show_post_tag":"1","show_prev_next_post":"1","show_popup_post":"1","number_popup_post":"1","show_author_box":"0","show_post_related":"0","show_inline_post_related":"0"}],"override_image_size":"0","image_override":[{"single_post_thumbnail_size":"crop-500","single_post_gallery_size":"crop-500"}],"trending_post":"0","trending_post_position":"meta","trending_post_label":"Trending","sponsored_post":"0","sponsored_post_label":"Sponsored by","sponsored_post_name":"","sponsored_post_url":"","sponsored_post_logo_enable":"0","sponsored_post_logo":"","sponsored_post_desc":"","disable_ad":"0"},"jnews_primary_category":{"id":""},"jnews_social_meta":{"fb_title":"Municipales: Eligen delegados en Villa Ciudad Parque","fb_description":"","fb_image":"","twitter_title":"","twitter_description":"","twitter_image":""},"jnews_review":[],"enable_review":"0","type":"percentage","name":"","summary":"","brand":"","sku":"","good":[{"good_text":""}],"bad":[{"bad_text":""}],"score_override":"","override_value":"","rating":[{"rating_text":"","rating_number":"10"}],"price":[{"shop":"","price":"","link":"","icon":""}],"jnews_override_counter":{"override_view_counter":"0","view_counter_number":"0","override_share_counter":"0","share_counter_number":"0","override_like_counter":"0","like_counter_number":"0","override_dislike_counter":"0","dislike_counter_number":"0"},"jnews_post_split":{"enable_post_split":"0","post_split":[{"template":"1","tag":"h2","numbering":"asc","mode":"normal","first":"0","enable_toc":"0","toc_type":"normal"}]},"footnotes":""},"categories":[20],"tags":[692],"class_list":["post-35126","post","type-post","status-publish","format-standard","has-post-thumbnail","hentry","category-municipales","tag-villa-ciudad-del-parque"],"jetpack_featured_media_url":"https:\/\/atecordoba.org\/wp-content\/uploads\/2022\/12\/IMG-20221215-WA0195-e1671128720437.jpg","_links":{"self":[{"href":"https:\/\/atecordoba.org\/index.php?rest_route=\/wp\/v2\/posts\/35126","targetHints":{"allow":["GET"]}}],"collection":[{"href":"https:\/\/atecordoba.org\/index.php?rest_route=\/wp\/v2\/posts"}],"about":[{"href":"https:\/\/atecordoba.org\/index.php?rest_route=\/wp\/v2\/types\/post"}],"author":[{"embeddable":true,"href":"https:\/\/atecordoba.org\/index.php?rest_route=\/wp\/v2\/users\/7"}],"replies":[{"embeddable":true,"href":"https:\/\/atecordoba.org\/index.php?rest_route=%2Fwp%2Fv2%2Fcomments&post=35126"}],"version-history":[{"count":2,"href":"https:\/\/atecordoba.org\/index.php?rest_route=\/wp\/v2\/posts\/35126\/revisions"}],"predecessor-version":[{"id":35149,"href":"https:\/\/atecordoba.org\/index.php?rest_route=\/wp\/v2\/posts\/35126\/revisions\/35149"}],"wp:featuredmedia":[{"embeddable":true,"href":"https:\/\/atecordoba.org\/index.php?rest_route=\/wp\/v2\/media\/35131"}],"wp:attachment":[{"href":"https:\/\/atecordoba.org\/index.php?rest_route=%2Fwp%2Fv2%2Fmedia&parent=35126"}],"wp:term":[{"taxonomy":"category","embeddable":true,"href":"https:\/\/atecordoba.org\/index.php?rest_route=%2Fwp%2Fv2%2Fcategories&post=35126"},{"taxonomy":"post_tag","embeddable":true,"href":"https:\/\/atecordoba.org\/index.php?rest_route=%2Fwp%2Fv2%2Ftags&post=35126"}],"curies":[{"name":"wp","href":"https:\/\/api.w.org\/{rel}","templated":true}]}}