{"id":3511,"date":"2013-11-05T17:50:54","date_gmt":"2013-11-05T20:50:54","guid":{"rendered":"http:\/\/www.atecordoba.org\/?p=3511"},"modified":"2013-11-05T17:50:54","modified_gmt":"2013-11-05T20:50:54","slug":"unc-nuevo-delegado-normalizador-en-planeamiento-fisico","status":"publish","type":"post","link":"https:\/\/atecordoba.org\/?p=3511","title":{"rendered":"UNC: Nuevo delegado normalizador en Planeamiento F\u00edsico"},"content":{"rendered":"<p><em>El compa\u00f1ero Miguel Diaz Pereyra result\u00f3 designado como nuevo delegado normalizador de ATE en la Subsecretar\u00eda de Planeamiento F\u00edsico de la Universidad Nacional de C\u00f3rdoba. De acuerdo a lo que establece nuestro estatuto el mandato se extender\u00e1 por 90 d\u00edas. Durante ese per\u00edodo se deber\u00e1 organizar el sector a los fines de realizar la elecci\u00f3n de delegados.<\/em><\/p>\n<p>&nbsp;<\/p>\n","protected":false},"excerpt":{"rendered":"<p>El compa\u00f1ero Miguel Diaz Pereyra result\u00f3 designado como nuevo delegado normalizador de ATE en la Subsecretar\u00eda de Planeamiento F\u00edsico de la Universidad Nacional de C\u00f3rdoba. De acuerdo a lo que establece nuestro estatuto el mandato se extender\u00e1 por 90 d\u00edas. Durante ese per\u00edodo se deber\u00e1 organizar el sector a los fines de realizar la elecci\u00f3n [&hellip;]<\/p>\n","protected":false},"author":1,"featured_media":19220,"comment_status":"open","ping_status":"open","sticky":false,"template":"","format":"standard","meta":{"_exactmetrics_skip_tracking":false,"_exactmetrics_sitenote_active":false,"_exactmetrics_sitenote_note":"","_exactmetrics_sitenote_category":0,"jnews-multi-image_gallery":[],"jnews_single_post":[],"jnews_primary_category":[],"jnews_social_meta":[],"jnews_review":[],"enable_review":"","type":"","name":"","summary":"","brand":"","sku":"","good":[],"bad":[],"score_override":"","override_value":"","rating":[],"price":[],"jnews_override_counter":[],"jnews_post_split":[],"footnotes":""},"categories":[18,89],"tags":[],"class_list":["post-3511","post","type-post","status-publish","format-standard","has-post-thumbnail","hentry","category-nacionales","category-unc"],"jetpack_featured_media_url":"https:\/\/atecordoba.org\/wp-content\/uploads\/2020\/05\/logo-nuevochico-e1561581322808.png","_links":{"self":[{"href":"https:\/\/atecordoba.org\/index.php?rest_route=\/wp\/v2\/posts\/3511","targetHints":{"allow":["GET"]}}],"collection":[{"href":"https:\/\/atecordoba.org\/index.php?rest_route=\/wp\/v2\/posts"}],"about":[{"href":"https:\/\/atecordoba.org\/index.php?rest_route=\/wp\/v2\/types\/post"}],"author":[{"embeddable":true,"href":"https:\/\/atecordoba.org\/index.php?rest_route=\/wp\/v2\/users\/1"}],"replies":[{"embeddable":true,"href":"https:\/\/atecordoba.org\/index.php?rest_route=%2Fwp%2Fv2%2Fcomments&post=3511"}],"version-history":[{"count":0,"href":"https:\/\/atecordoba.org\/index.php?rest_route=\/wp\/v2\/posts\/3511\/revisions"}],"wp:featuredmedia":[{"embeddable":true,"href":"https:\/\/atecordoba.org\/index.php?rest_route=\/wp\/v2\/media\/19220"}],"wp:attachment":[{"href":"https:\/\/atecordoba.org\/index.php?rest_route=%2Fwp%2Fv2%2Fmedia&parent=3511"}],"wp:term":[{"taxonomy":"category","embeddable":true,"href":"https:\/\/atecordoba.org\/index.php?rest_route=%2Fwp%2Fv2%2Fcategories&post=3511"},{"taxonomy":"post_tag","embeddable":true,"href":"https:\/\/atecordoba.org\/index.php?rest_route=%2Fwp%2Fv2%2Ftags&post=3511"}],"curies":[{"name":"wp","href":"https:\/\/api.w.org\/{rel}","templated":true}]}}