{"id":35103,"date":"2022-12-15T14:11:53","date_gmt":"2022-12-15T17:11:53","guid":{"rendered":"https:\/\/atecordoba.org\/?p=35103"},"modified":"2022-12-16T12:29:30","modified_gmt":"2022-12-16T15:29:30","slug":"ministerio-de-salud-de-la-nacion-se-realizo-hoy-la-protesta-frente-a-vectores-por-las-condiciones-inhabitables-del-edificio","status":"publish","type":"post","link":"https:\/\/atecordoba.org\/?p=35103","title":{"rendered":"Vectores: protesta por las condiciones inhabitables del edificio oficial"},"content":{"rendered":"\n<div class=\"wp-block-image\"><figure class=\"aligncenter size-large is-resized\"><img loading=\"lazy\" decoding=\"async\" src=\"https:\/\/atecordoba.org\/wp-content\/uploads\/2022\/12\/IMG-20221215-WA0109-1024x576.jpg\" alt=\"\" class=\"wp-image-35104\" width=\"768\" height=\"432\" srcset=\"https:\/\/atecordoba.org\/wp-content\/uploads\/2022\/12\/IMG-20221215-WA0109-1024x576.jpg 1024w, https:\/\/atecordoba.org\/wp-content\/uploads\/2022\/12\/IMG-20221215-WA0109-300x169.jpg 300w, https:\/\/atecordoba.org\/wp-content\/uploads\/2022\/12\/IMG-20221215-WA0109-768x432.jpg 768w, https:\/\/atecordoba.org\/wp-content\/uploads\/2022\/12\/IMG-20221215-WA0109-1536x864.jpg 1536w, https:\/\/atecordoba.org\/wp-content\/uploads\/2022\/12\/IMG-20221215-WA0109-750x422.jpg 750w, https:\/\/atecordoba.org\/wp-content\/uploads\/2022\/12\/IMG-20221215-WA0109-1140x641.jpg 1140w, https:\/\/atecordoba.org\/wp-content\/uploads\/2022\/12\/IMG-20221215-WA0109.jpg 1599w\" sizes=\"auto, (max-width: 768px) 100vw, 768px\" \/><\/figure><\/div>\n\n\n\n<p>Las y los trabajadores de la Direcci\u00f3n Nacional de Control de Enfermedades Transmitidas por Vectores, del Ministerio de Salud de la Naci\u00f3n, realizaron hoy una protesta frente a la sede del organismo, 9 de julio 356, en reclamo del arreglo inmediato del edificio que se haya en condiciones lamentables, inhabitable e inutilizable, seg\u00fan describen las y los delegados del sector. <\/p>\n\n\n\n<p>Esta situaci\u00f3n ha llevado a que a pesar de que termin\u00f3 el aislamiento de la pandemia, las y los trabajadores contin\u00faan realizando trabajo remoto y no pueden retomar la presencialidad. <\/p>\n\n\n\n<figure class=\"wp-block-gallery has-nested-images columns-default is-cropped wp-block-gallery-1 is-layout-flex wp-block-gallery-is-layout-flex\">\n<figure class=\"wp-block-image size-large\"><img loading=\"lazy\" decoding=\"async\" width=\"1024\" height=\"576\" data-id=\"35108\" src=\"https:\/\/atecordoba.org\/wp-content\/uploads\/2022\/12\/IMG-20221215-WA0114-1-1024x576.jpg\" alt=\"\" class=\"wp-image-35108\" srcset=\"https:\/\/atecordoba.org\/wp-content\/uploads\/2022\/12\/IMG-20221215-WA0114-1-1024x576.jpg 1024w, https:\/\/atecordoba.org\/wp-content\/uploads\/2022\/12\/IMG-20221215-WA0114-1-300x169.jpg 300w, https:\/\/atecordoba.org\/wp-content\/uploads\/2022\/12\/IMG-20221215-WA0114-1-768x432.jpg 768w, https:\/\/atecordoba.org\/wp-content\/uploads\/2022\/12\/IMG-20221215-WA0114-1-1536x864.jpg 1536w, https:\/\/atecordoba.org\/wp-content\/uploads\/2022\/12\/IMG-20221215-WA0114-1-750x422.jpg 750w, https:\/\/atecordoba.org\/wp-content\/uploads\/2022\/12\/IMG-20221215-WA0114-1-1140x641.jpg 1140w, https:\/\/atecordoba.org\/wp-content\/uploads\/2022\/12\/IMG-20221215-WA0114-1.jpg 1599w\" sizes=\"auto, (max-width: 1024px) 100vw, 1024px\" \/><\/figure>\n\n\n\n<figure class=\"wp-block-image size-large\"><img loading=\"lazy\" decoding=\"async\" width=\"1024\" height=\"576\" data-id=\"35109\" src=\"https:\/\/atecordoba.org\/wp-content\/uploads\/2022\/12\/IMG-20221215-WA0096-1-1024x576.jpg\" alt=\"\" class=\"wp-image-35109\" srcset=\"https:\/\/atecordoba.org\/wp-content\/uploads\/2022\/12\/IMG-20221215-WA0096-1-1024x576.jpg 1024w, https:\/\/atecordoba.org\/wp-content\/uploads\/2022\/12\/IMG-20221215-WA0096-1-300x169.jpg 300w, https:\/\/atecordoba.org\/wp-content\/uploads\/2022\/12\/IMG-20221215-WA0096-1-768x432.jpg 768w, https:\/\/atecordoba.org\/wp-content\/uploads\/2022\/12\/IMG-20221215-WA0096-1-1536x864.jpg 1536w, https:\/\/atecordoba.org\/wp-content\/uploads\/2022\/12\/IMG-20221215-WA0096-1-750x422.jpg 750w, https:\/\/atecordoba.org\/wp-content\/uploads\/2022\/12\/IMG-20221215-WA0096-1-1140x641.jpg 1140w, https:\/\/atecordoba.org\/wp-content\/uploads\/2022\/12\/IMG-20221215-WA0096-1.jpg 1599w\" sizes=\"auto, (max-width: 1024px) 100vw, 1024px\" \/><\/figure>\n\n\n\n<figure class=\"wp-block-image size-large\"><img loading=\"lazy\" decoding=\"async\" width=\"1024\" height=\"576\" data-id=\"35110\" src=\"https:\/\/atecordoba.org\/wp-content\/uploads\/2022\/12\/IMG-20221215-WA0101-1-1024x576.jpg\" alt=\"\" class=\"wp-image-35110\" srcset=\"https:\/\/atecordoba.org\/wp-content\/uploads\/2022\/12\/IMG-20221215-WA0101-1-1024x576.jpg 1024w, https:\/\/atecordoba.org\/wp-content\/uploads\/2022\/12\/IMG-20221215-WA0101-1-300x169.jpg 300w, https:\/\/atecordoba.org\/wp-content\/uploads\/2022\/12\/IMG-20221215-WA0101-1-768x432.jpg 768w, https:\/\/atecordoba.org\/wp-content\/uploads\/2022\/12\/IMG-20221215-WA0101-1-1536x864.jpg 1536w, https:\/\/atecordoba.org\/wp-content\/uploads\/2022\/12\/IMG-20221215-WA0101-1-750x422.jpg 750w, https:\/\/atecordoba.org\/wp-content\/uploads\/2022\/12\/IMG-20221215-WA0101-1-1140x641.jpg 1140w, https:\/\/atecordoba.org\/wp-content\/uploads\/2022\/12\/IMG-20221215-WA0101-1.jpg 1599w\" sizes=\"auto, (max-width: 1024px) 100vw, 1024px\" \/><\/figure>\n<\/figure>\n\n\n\n<p>&#8220;Hay que destacar que la condiciones del edificio es absolutamente inadecuada e inhabitable. Necesitamos volver a la presencialidad como se acord\u00f3 desde la secretar\u00eda de Empleo P\u00fablico, pero no podemos por las condiciones edilicias. As\u00ed, terminamos poniendo nuestros equipos personales para el trabajo virtual, que lleg\u00f3 a un l\u00edmite en t\u00e9rminos de sostener desde casa las pol\u00edticas p\u00fablicas&#8221;, dijo la delegada Carolina Florent\u00edn.<\/p>\n\n\n\n<p><strong>Rol del Estado<\/strong><\/p>\n\n\n\n<p>Mientras se realizaba un &#8216;ruidazo&#8217; en el lugar, alrededor de las 10 horas, el delegado Ricardo Hern\u00e1ndez explic\u00f3 la importancia del organismo y por eso la urgencia de poner en marcha los arreglos que lo vuelvan utilizable para trabajar.  <\/p>\n\n\n\n<p>&#8220;Trabajamos en salud p\u00fablica, en el \u00e1rea de control vectorial. Es decir, combatimos la enfermedad de Chagas y control de mosquitos de dengue, zica y chikungunya&nbsp;. Queremos volver a nuestro lugar de trabajo, este edificio hist\u00f3rico que ese cerr\u00f3 en pandemia y no se pudo volver a abrir por el Estado calamitoso en que se encuentra. Recuperar el edificio es recuperar la dignidad de los trabajadores en cuanto a nuestras condiciones de trabajo&#8221;, apunt\u00f3 Hern\u00e1ndez.<\/p>\n\n\n\n<p>&#8220;Como trabajadores estatales pensamos que uno de nuestros roles es fortalecer el Estado para ponerlo al servicio del pueblo&#8221;, agreg\u00f3.<\/p>\n\n\n\n<p><strong>Territorio<\/strong><\/p>\n\n\n\n<p>En la oportunidad, las y los trabajadores pusieron sobre la mesa la grave situaci\u00f3n que atraviesan los equipos que realizan trabajo de campo, llamado terreno, cuando aplican las fumigaciones. El delegado de ATE Mat\u00edas Pereyra dijo que &#8220;hay falta de insumos, no tenemos m\u00e1scaras, guantes, borcegu\u00eds, hace mucho que no se entrega ropa de trabajo. Hay elementos que tenemos que conseguirlos nosotros mismos como filtros de las m\u00e1scaras para las fumigaciones&#8221;.<\/p>\n\n\n\n<figure class=\"wp-block-gallery has-nested-images columns-default is-cropped wp-block-gallery-2 is-layout-flex wp-block-gallery-is-layout-flex\">\n<figure class=\"wp-block-image size-large\"><img loading=\"lazy\" decoding=\"async\" width=\"1024\" height=\"576\" data-id=\"35113\" src=\"https:\/\/atecordoba.org\/wp-content\/uploads\/2022\/12\/IMG_20221215_112518028-1024x576.jpg\" alt=\"\" class=\"wp-image-35113\" srcset=\"https:\/\/atecordoba.org\/wp-content\/uploads\/2022\/12\/IMG_20221215_112518028-1024x576.jpg 1024w, https:\/\/atecordoba.org\/wp-content\/uploads\/2022\/12\/IMG_20221215_112518028-300x169.jpg 300w, https:\/\/atecordoba.org\/wp-content\/uploads\/2022\/12\/IMG_20221215_112518028-768x432.jpg 768w, https:\/\/atecordoba.org\/wp-content\/uploads\/2022\/12\/IMG_20221215_112518028-1536x864.jpg 1536w, https:\/\/atecordoba.org\/wp-content\/uploads\/2022\/12\/IMG_20221215_112518028-2048x1152.jpg 2048w, https:\/\/atecordoba.org\/wp-content\/uploads\/2022\/12\/IMG_20221215_112518028-750x422.jpg 750w, https:\/\/atecordoba.org\/wp-content\/uploads\/2022\/12\/IMG_20221215_112518028-1140x641.jpg 1140w\" sizes=\"auto, (max-width: 1024px) 100vw, 1024px\" \/><\/figure>\n\n\n\n<figure class=\"wp-block-image size-large\"><img loading=\"lazy\" decoding=\"async\" width=\"1024\" height=\"576\" data-id=\"35111\" src=\"https:\/\/atecordoba.org\/wp-content\/uploads\/2022\/12\/IMG-20221215-WA0113-1024x576.jpg\" alt=\"\" class=\"wp-image-35111\" srcset=\"https:\/\/atecordoba.org\/wp-content\/uploads\/2022\/12\/IMG-20221215-WA0113-1024x576.jpg 1024w, https:\/\/atecordoba.org\/wp-content\/uploads\/2022\/12\/IMG-20221215-WA0113-300x169.jpg 300w, https:\/\/atecordoba.org\/wp-content\/uploads\/2022\/12\/IMG-20221215-WA0113-768x432.jpg 768w, https:\/\/atecordoba.org\/wp-content\/uploads\/2022\/12\/IMG-20221215-WA0113-1536x864.jpg 1536w, https:\/\/atecordoba.org\/wp-content\/uploads\/2022\/12\/IMG-20221215-WA0113-750x422.jpg 750w, https:\/\/atecordoba.org\/wp-content\/uploads\/2022\/12\/IMG-20221215-WA0113-1140x641.jpg 1140w, https:\/\/atecordoba.org\/wp-content\/uploads\/2022\/12\/IMG-20221215-WA0113.jpg 1599w\" sizes=\"auto, (max-width: 1024px) 100vw, 1024px\" \/><\/figure>\n\n\n\n<figure class=\"wp-block-image size-large\"><img loading=\"lazy\" decoding=\"async\" width=\"1024\" height=\"576\" data-id=\"35112\" src=\"https:\/\/atecordoba.org\/wp-content\/uploads\/2022\/12\/IMG-20221215-WA0115-1024x576.jpg\" alt=\"\" class=\"wp-image-35112\" \/><\/figure>\n<\/figure>\n\n\n\n<p><strong>Salarios y precarizaci\u00f3n <\/strong><\/p>\n\n\n\n<p>En ese marco, las y los delegados plantearon que las condiciones contractuales y los bajos salarios dan un contexto lamentable a la penosa situaci\u00f3n edilicia. <\/p>\n\n\n\n<p>&#8220;Queremos salarios dignos, dijo Hern\u00e1ndez, porque los haberes no alcanzan y reclamamos pase a planta permanente. El Estado patr\u00f3n incumple las leyes y la Constituci\u00f3n, cada 31 de diciembre no sabemos si nos van a renovar el contrato o no&#8221;.<\/p>\n\n\n\n<p>Mientras que Florent\u00edn complet\u00f3 se\u00f1alando que &#8220;si a los compa\u00f1eros de Terreno no les alcanza el sueldo para sobrevivir, menos para pagar los filtros de las m\u00e1scaras. El edifico es un cementerio, cinco pisos derruidos que expresan tristemente el lugar que tiene la salud p\u00fablica en nuestro pa\u00eds y en nuestra delegaci\u00f3n puntualmente&#8221;.<\/p>\n\n\n\n<figure class=\"wp-block-gallery has-nested-images columns-default is-cropped wp-block-gallery-3 is-layout-flex wp-block-gallery-is-layout-flex\">\n<figure class=\"wp-block-image size-large\"><a href=\"https:\/\/atecordoba.org\/wp-content\/uploads\/2022\/12\/IMG-20221212-WA0332.jpg\"><img loading=\"lazy\" decoding=\"async\" width=\"1024\" height=\"819\" data-id=\"35114\" src=\"https:\/\/atecordoba.org\/wp-content\/uploads\/2022\/12\/IMG-20221212-WA0332-1024x819.jpg\" alt=\"\" class=\"wp-image-35114\" srcset=\"https:\/\/atecordoba.org\/wp-content\/uploads\/2022\/12\/IMG-20221212-WA0332-1024x819.jpg 1024w, https:\/\/atecordoba.org\/wp-content\/uploads\/2022\/12\/IMG-20221212-WA0332-300x240.jpg 300w, https:\/\/atecordoba.org\/wp-content\/uploads\/2022\/12\/IMG-20221212-WA0332-768x614.jpg 768w, https:\/\/atecordoba.org\/wp-content\/uploads\/2022\/12\/IMG-20221212-WA0332-750x600.jpg 750w, https:\/\/atecordoba.org\/wp-content\/uploads\/2022\/12\/IMG-20221212-WA0332-1140x912.jpg 1140w, https:\/\/atecordoba.org\/wp-content\/uploads\/2022\/12\/IMG-20221212-WA0332.jpg 1280w\" sizes=\"auto, (max-width: 1024px) 100vw, 1024px\" \/><\/a><\/figure>\n\n\n\n<figure class=\"wp-block-image size-large\"><a href=\"https:\/\/atecordoba.org\/wp-content\/uploads\/2022\/12\/IMG-20221212-WA0334.jpg\"><img loading=\"lazy\" decoding=\"async\" width=\"1024\" height=\"819\" data-id=\"35115\" src=\"https:\/\/atecordoba.org\/wp-content\/uploads\/2022\/12\/IMG-20221212-WA0334-1024x819.jpg\" alt=\"\" class=\"wp-image-35115\" srcset=\"https:\/\/atecordoba.org\/wp-content\/uploads\/2022\/12\/IMG-20221212-WA0334-1024x819.jpg 1024w, https:\/\/atecordoba.org\/wp-content\/uploads\/2022\/12\/IMG-20221212-WA0334-300x240.jpg 300w, https:\/\/atecordoba.org\/wp-content\/uploads\/2022\/12\/IMG-20221212-WA0334-768x614.jpg 768w, https:\/\/atecordoba.org\/wp-content\/uploads\/2022\/12\/IMG-20221212-WA0334-750x600.jpg 750w, https:\/\/atecordoba.org\/wp-content\/uploads\/2022\/12\/IMG-20221212-WA0334-1140x912.jpg 1140w, https:\/\/atecordoba.org\/wp-content\/uploads\/2022\/12\/IMG-20221212-WA0334.jpg 1280w\" sizes=\"auto, (max-width: 1024px) 100vw, 1024px\" \/><\/a><\/figure>\n<\/figure>\n","protected":false},"excerpt":{"rendered":"<p>Las y los trabajadores de la Direcci\u00f3n Nacional de Control de Enfermedades Transmitidas por Vectores, del Ministerio de Salud de la Naci\u00f3n, realizaron hoy una protesta frente a la sede del organismo, 9 de julio 356, en reclamo del arreglo inmediato del edificio que se haya en condiciones lamentables, inhabitable e inutilizable, seg\u00fan describen las [&hellip;]<\/p>\n","protected":false},"author":7,"featured_media":35112,"comment_status":"open","ping_status":"open","sticky":false,"template":"","format":"standard","meta":{"_exactmetrics_skip_tracking":false,"_exactmetrics_sitenote_active":false,"_exactmetrics_sitenote_note":"","_exactmetrics_sitenote_category":0,"jnews-multi-image_gallery":[],"jnews_single_post":{"subtitle":"A pesar de que volvi\u00f3 la presencialidad en el Estado tras la pandemia, en la Direcci\u00f3n Nacional de Control de Enfermedades Transmitidas por Vectores siguen realizando trabajo remoto por la falta de condiciones que re\u00fane el edificio para poder utlizarlo","format":"standard","video":"","gallery":"","source_name":"","source_url":"","via_name":"","via_url":"","override_template":"0","override":[{"template":"1","single_blog_custom":"","parallax":"1","fullscreen":"1","layout":"right-sidebar","sidebar":"default-sidebar","second_sidebar":"default-sidebar","sticky_sidebar":"1","share_position":"top","share_float_style":"share-monocrhome","show_share_counter":"1","show_view_counter":"1","show_featured":"1","show_post_meta":"1","show_post_author":"1","show_post_author_image":"1","show_post_date":"1","post_date_format":"default","post_date_format_custom":"Y\/m\/d","show_post_category":"1","show_post_reading_time":"0","post_reading_time_wpm":"300","show_zoom_button":"0","zoom_button_out_step":"2","zoom_button_in_step":"3","show_post_tag":"1","show_prev_next_post":"1","show_popup_post":"1","number_popup_post":"1","show_author_box":"0","show_post_related":"0","show_inline_post_related":"0"}],"override_image_size":"0","image_override":[{"single_post_thumbnail_size":"crop-500","single_post_gallery_size":"crop-500"}],"trending_post":"0","trending_post_position":"meta","trending_post_label":"Trending","sponsored_post":"0","sponsored_post_label":"Sponsored by","sponsored_post_name":"","sponsored_post_url":"","sponsored_post_logo_enable":"0","sponsored_post_logo":"","sponsored_post_desc":"","disable_ad":"0"},"jnews_primary_category":{"id":""},"jnews_social_meta":{"fb_title":"","fb_description":"","fb_image":"","twitter_title":"","twitter_description":"","twitter_image":""},"jnews_review":[],"enable_review":"0","type":"percentage","name":"","summary":"","brand":"","sku":"","good":[{"good_text":""}],"bad":[{"bad_text":""}],"score_override":"","override_value":"","rating":[{"rating_text":"","rating_number":"10"}],"price":[{"shop":"","price":"","link":"","icon":""}],"jnews_override_counter":{"override_view_counter":"0","view_counter_number":"0","override_share_counter":"0","share_counter_number":"0","override_like_counter":"0","like_counter_number":"0","override_dislike_counter":"0","dislike_counter_number":"0"},"jnews_post_split":{"enable_post_split":"0","post_split":[{"template":"1","tag":"h2","numbering":"asc","mode":"normal","first":"0","enable_toc":"0","toc_type":"normal"}]},"footnotes":""},"categories":[18],"tags":[1286,698],"class_list":["post-35103","post","type-post","status-publish","format-standard","has-post-thumbnail","hentry","category-nacionales","tag-direccion-nacional-de-control-de-enfermedades-transmitidas-por-vectores","tag-ministerio-de-salud-de-la-nacion"],"jetpack_featured_media_url":"https:\/\/atecordoba.org\/wp-content\/uploads\/2022\/12\/IMG-20221215-WA0115-e1671124308689.jpg","_links":{"self":[{"href":"https:\/\/atecordoba.org\/index.php?rest_route=\/wp\/v2\/posts\/35103","targetHints":{"allow":["GET"]}}],"collection":[{"href":"https:\/\/atecordoba.org\/index.php?rest_route=\/wp\/v2\/posts"}],"about":[{"href":"https:\/\/atecordoba.org\/index.php?rest_route=\/wp\/v2\/types\/post"}],"author":[{"embeddable":true,"href":"https:\/\/atecordoba.org\/index.php?rest_route=\/wp\/v2\/users\/7"}],"replies":[{"embeddable":true,"href":"https:\/\/atecordoba.org\/index.php?rest_route=%2Fwp%2Fv2%2Fcomments&post=35103"}],"version-history":[{"count":3,"href":"https:\/\/atecordoba.org\/index.php?rest_route=\/wp\/v2\/posts\/35103\/revisions"}],"predecessor-version":[{"id":35147,"href":"https:\/\/atecordoba.org\/index.php?rest_route=\/wp\/v2\/posts\/35103\/revisions\/35147"}],"wp:featuredmedia":[{"embeddable":true,"href":"https:\/\/atecordoba.org\/index.php?rest_route=\/wp\/v2\/media\/35112"}],"wp:attachment":[{"href":"https:\/\/atecordoba.org\/index.php?rest_route=%2Fwp%2Fv2%2Fmedia&parent=35103"}],"wp:term":[{"taxonomy":"category","embeddable":true,"href":"https:\/\/atecordoba.org\/index.php?rest_route=%2Fwp%2Fv2%2Fcategories&post=35103"},{"taxonomy":"post_tag","embeddable":true,"href":"https:\/\/atecordoba.org\/index.php?rest_route=%2Fwp%2Fv2%2Ftags&post=35103"}],"curies":[{"name":"wp","href":"https:\/\/api.w.org\/{rel}","templated":true}]}}