{"id":35089,"date":"2022-12-14T14:10:15","date_gmt":"2022-12-14T17:10:15","guid":{"rendered":"https:\/\/atecordoba.org\/?p=35089"},"modified":"2022-12-14T14:57:26","modified_gmt":"2022-12-14T17:57:26","slug":"historica-eleccion-de-delegados-en-el-hospital-regional-de-laboulaye","status":"publish","type":"post","link":"https:\/\/atecordoba.org\/?p=35089","title":{"rendered":"Hist\u00f3rica elecci\u00f3n de delegados en el Hospital Regional de Laboulaye"},"content":{"rendered":"\n<div class=\"wp-block-image\"><figure class=\"aligncenter size-large is-resized\"><img loading=\"lazy\" decoding=\"async\" src=\"https:\/\/atecordoba.org\/wp-content\/uploads\/2022\/12\/IMG-20221214-WA0170-768x1024.jpg\" alt=\"\" class=\"wp-image-35090\" width=\"576\" height=\"768\" srcset=\"https:\/\/atecordoba.org\/wp-content\/uploads\/2022\/12\/IMG-20221214-WA0170-768x1024.jpg 768w, https:\/\/atecordoba.org\/wp-content\/uploads\/2022\/12\/IMG-20221214-WA0170-225x300.jpg 225w, https:\/\/atecordoba.org\/wp-content\/uploads\/2022\/12\/IMG-20221214-WA0170-750x1000.jpg 750w, https:\/\/atecordoba.org\/wp-content\/uploads\/2022\/12\/IMG-20221214-WA0170.jpg 867w\" sizes=\"auto, (max-width: 576px) 100vw, 576px\" \/><\/figure><\/div>\n\n\n\n<p>Como parte de la expansi\u00f3n territorial y consolidaci\u00f3n de la representaci\u00f3n de ATE C\u00f3rdoba entre las y los estatales provinciales, hoy se realiz\u00f3 la primera elecci\u00f3n de una delegada de nuestro gremio en el Hospital Regional Ram\u00f3n J C\u00e1rcano de Laboulaye, consagrando a la compa\u00f1era Ana Alejandra Espinosa como la representante gremial del centro de salud por los pr\u00f3ximos dos a\u00f1os. <\/p>\n\n\n\n<p>Al mismo tiempo, se trata del primer sector provincial que se incorpora a la Seccional Adelia Mar\u00eda, situaci\u00f3n que muestra el crecimiento de ATE en el sur provincial.<\/p>\n\n\n\n<p>En la oportunidad, fue masiva la participaci\u00f3n de compa\u00f1eras y compa\u00f1eros para elegir a su representaci\u00f3n sindical y estuvo presente el secretario de Formaci\u00f3n del Consejo Directivo Provincial (CDP), C\u00e9sar Theaux, como fiscalizador de la elecci\u00f3n. <\/p>\n\n\n\n<p>Le damos la bienvenida a estas compa\u00f1eros y compa\u00f1eros del equipo de salud del Hospital Regional de Laboulaye a la familia de ATE, refrendando como el resto del territorio provincial la lucha por el salario y las condiciones de trabajo, pase a planta permanente y la incorporaci\u00f3n de personal al plantel de los hospitales provinciales. <\/p>\n\n\n\n<figure class=\"wp-block-gallery has-nested-images columns-default is-cropped wp-block-gallery-1 is-layout-flex wp-block-gallery-is-layout-flex\">\n<figure class=\"wp-block-image size-large\"><a href=\"https:\/\/atecordoba.org\/wp-content\/uploads\/2022\/12\/IMG-20221214-WA0163.jpg\"><img loading=\"lazy\" decoding=\"async\" width=\"768\" height=\"1024\" data-id=\"35091\" src=\"https:\/\/atecordoba.org\/wp-content\/uploads\/2022\/12\/IMG-20221214-WA0163-768x1024.jpg\" alt=\"\" class=\"wp-image-35091\" srcset=\"https:\/\/atecordoba.org\/wp-content\/uploads\/2022\/12\/IMG-20221214-WA0163-768x1024.jpg 768w, https:\/\/atecordoba.org\/wp-content\/uploads\/2022\/12\/IMG-20221214-WA0163-225x300.jpg 225w, https:\/\/atecordoba.org\/wp-content\/uploads\/2022\/12\/IMG-20221214-WA0163-750x1000.jpg 750w, https:\/\/atecordoba.org\/wp-content\/uploads\/2022\/12\/IMG-20221214-WA0163.jpg 867w\" sizes=\"auto, (max-width: 768px) 100vw, 768px\" \/><\/a><\/figure>\n\n\n\n<figure class=\"wp-block-image size-large\"><a href=\"https:\/\/atecordoba.org\/wp-content\/uploads\/2022\/12\/IMG-20221214-WA0157.jpg\"><img loading=\"lazy\" decoding=\"async\" width=\"576\" height=\"1024\" data-id=\"35094\" src=\"https:\/\/atecordoba.org\/wp-content\/uploads\/2022\/12\/IMG-20221214-WA0157-576x1024.jpg\" alt=\"\" class=\"wp-image-35094\" srcset=\"https:\/\/atecordoba.org\/wp-content\/uploads\/2022\/12\/IMG-20221214-WA0157-576x1024.jpg 576w, https:\/\/atecordoba.org\/wp-content\/uploads\/2022\/12\/IMG-20221214-WA0157-169x300.jpg 169w, https:\/\/atecordoba.org\/wp-content\/uploads\/2022\/12\/IMG-20221214-WA0157-768x1365.jpg 768w, https:\/\/atecordoba.org\/wp-content\/uploads\/2022\/12\/IMG-20221214-WA0157-864x1536.jpg 864w, https:\/\/atecordoba.org\/wp-content\/uploads\/2022\/12\/IMG-20221214-WA0157-750x1333.jpg 750w, https:\/\/atecordoba.org\/wp-content\/uploads\/2022\/12\/IMG-20221214-WA0157.jpg 900w\" sizes=\"auto, (max-width: 576px) 100vw, 576px\" \/><\/a><\/figure>\n\n\n\n<figure class=\"wp-block-image size-large\"><a href=\"https:\/\/atecordoba.org\/wp-content\/uploads\/2022\/12\/IMG-20221214-WA0158.jpg\"><img loading=\"lazy\" decoding=\"async\" width=\"768\" height=\"1024\" data-id=\"35096\" src=\"https:\/\/atecordoba.org\/wp-content\/uploads\/2022\/12\/IMG-20221214-WA0158-768x1024.jpg\" alt=\"\" class=\"wp-image-35096\" srcset=\"https:\/\/atecordoba.org\/wp-content\/uploads\/2022\/12\/IMG-20221214-WA0158-768x1024.jpg 768w, https:\/\/atecordoba.org\/wp-content\/uploads\/2022\/12\/IMG-20221214-WA0158-225x300.jpg 225w, https:\/\/atecordoba.org\/wp-content\/uploads\/2022\/12\/IMG-20221214-WA0158-1152x1536.jpg 1152w, https:\/\/atecordoba.org\/wp-content\/uploads\/2022\/12\/IMG-20221214-WA0158-750x1000.jpg 750w, https:\/\/atecordoba.org\/wp-content\/uploads\/2022\/12\/IMG-20221214-WA0158-1140x1520.jpg 1140w, https:\/\/atecordoba.org\/wp-content\/uploads\/2022\/12\/IMG-20221214-WA0158.jpg 1200w\" sizes=\"auto, (max-width: 768px) 100vw, 768px\" \/><\/a><\/figure>\n\n\n\n<figure class=\"wp-block-image size-large\"><a href=\"https:\/\/atecordoba.org\/wp-content\/uploads\/2022\/12\/IMG-20221214-WA0159.jpg\"><img loading=\"lazy\" decoding=\"async\" width=\"768\" height=\"1024\" data-id=\"35092\" src=\"https:\/\/atecordoba.org\/wp-content\/uploads\/2022\/12\/IMG-20221214-WA0159-768x1024.jpg\" alt=\"\" class=\"wp-image-35092\" srcset=\"https:\/\/atecordoba.org\/wp-content\/uploads\/2022\/12\/IMG-20221214-WA0159-768x1024.jpg 768w, https:\/\/atecordoba.org\/wp-content\/uploads\/2022\/12\/IMG-20221214-WA0159-225x300.jpg 225w, https:\/\/atecordoba.org\/wp-content\/uploads\/2022\/12\/IMG-20221214-WA0159-750x1000.jpg 750w, https:\/\/atecordoba.org\/wp-content\/uploads\/2022\/12\/IMG-20221214-WA0159.jpg 867w\" sizes=\"auto, (max-width: 768px) 100vw, 768px\" \/><\/a><\/figure>\n\n\n\n<figure class=\"wp-block-image size-large\"><a href=\"https:\/\/atecordoba.org\/wp-content\/uploads\/2022\/12\/IMG-20221214-WA0160.jpg\"><img loading=\"lazy\" decoding=\"async\" width=\"768\" height=\"1024\" data-id=\"35093\" src=\"https:\/\/atecordoba.org\/wp-content\/uploads\/2022\/12\/IMG-20221214-WA0160-768x1024.jpg\" alt=\"\" class=\"wp-image-35093\" srcset=\"https:\/\/atecordoba.org\/wp-content\/uploads\/2022\/12\/IMG-20221214-WA0160-768x1024.jpg 768w, https:\/\/atecordoba.org\/wp-content\/uploads\/2022\/12\/IMG-20221214-WA0160-225x300.jpg 225w, https:\/\/atecordoba.org\/wp-content\/uploads\/2022\/12\/IMG-20221214-WA0160-750x1000.jpg 750w, https:\/\/atecordoba.org\/wp-content\/uploads\/2022\/12\/IMG-20221214-WA0160.jpg 867w\" sizes=\"auto, (max-width: 768px) 100vw, 768px\" \/><\/a><\/figure>\n\n\n\n<figure class=\"wp-block-image size-large\"><a href=\"https:\/\/atecordoba.org\/wp-content\/uploads\/2022\/12\/IMG-20221214-WA0162.jpg\"><img loading=\"lazy\" decoding=\"async\" width=\"768\" height=\"1024\" data-id=\"35095\" src=\"https:\/\/atecordoba.org\/wp-content\/uploads\/2022\/12\/IMG-20221214-WA0162-768x1024.jpg\" alt=\"\" class=\"wp-image-35095\" srcset=\"https:\/\/atecordoba.org\/wp-content\/uploads\/2022\/12\/IMG-20221214-WA0162-768x1024.jpg 768w, https:\/\/atecordoba.org\/wp-content\/uploads\/2022\/12\/IMG-20221214-WA0162-225x300.jpg 225w, https:\/\/atecordoba.org\/wp-content\/uploads\/2022\/12\/IMG-20221214-WA0162-750x1000.jpg 750w, https:\/\/atecordoba.org\/wp-content\/uploads\/2022\/12\/IMG-20221214-WA0162.jpg 867w\" sizes=\"auto, (max-width: 768px) 100vw, 768px\" \/><\/a><\/figure>\n<\/figure>\n\n\n\n<p> <\/p>\n","protected":false},"excerpt":{"rendered":"<p>Como parte de la expansi\u00f3n territorial y consolidaci\u00f3n de la representaci\u00f3n de ATE C\u00f3rdoba entre las y los estatales provinciales, hoy se realiz\u00f3 la primera elecci\u00f3n de una delegada de nuestro gremio en el Hospital Regional Ram\u00f3n J C\u00e1rcano de Laboulaye, consagrando a la compa\u00f1era Ana Alejandra Espinosa como la representante gremial del centro de [&hellip;]<\/p>\n","protected":false},"author":7,"featured_media":35094,"comment_status":"open","ping_status":"open","sticky":false,"template":"","format":"standard","meta":{"_exactmetrics_skip_tracking":false,"_exactmetrics_sitenote_active":false,"_exactmetrics_sitenote_note":"","_exactmetrics_sitenote_category":0,"jnews-multi-image_gallery":[],"jnews_single_post":{"subtitle":"Se trata del primer sector provincial que se incorpora a ATE Adelia Mar\u00eda.","format":"standard","video":"","gallery":"","source_name":"","source_url":"","via_name":"","via_url":"","override_template":"0","override":[{"template":"1","single_blog_custom":"","parallax":"1","fullscreen":"1","layout":"right-sidebar","sidebar":"default-sidebar","second_sidebar":"default-sidebar","sticky_sidebar":"1","share_position":"top","share_float_style":"share-monocrhome","show_share_counter":"1","show_view_counter":"1","show_featured":"1","show_post_meta":"1","show_post_author":"1","show_post_author_image":"1","show_post_date":"1","post_date_format":"default","post_date_format_custom":"Y\/m\/d","show_post_category":"1","show_post_reading_time":"0","post_reading_time_wpm":"300","show_zoom_button":"0","zoom_button_out_step":"2","zoom_button_in_step":"3","show_post_tag":"1","show_prev_next_post":"1","show_popup_post":"1","number_popup_post":"1","show_author_box":"0","show_post_related":"0","show_inline_post_related":"0"}],"override_image_size":"0","image_override":[{"single_post_thumbnail_size":"crop-500","single_post_gallery_size":"crop-500"}],"trending_post":"0","trending_post_position":"meta","trending_post_label":"Trending","sponsored_post":"0","sponsored_post_label":"Sponsored by","sponsored_post_name":"","sponsored_post_url":"","sponsored_post_logo_enable":"0","sponsored_post_logo":"","sponsored_post_desc":"","disable_ad":"0"},"jnews_primary_category":{"id":""},"jnews_social_meta":{"fb_title":"Provinciales: Hist\u00f3rica elecci\u00f3n de delegados en el Hospital Regional de Laboulaye","fb_description":"","fb_image":"","twitter_title":"","twitter_description":"","twitter_image":""},"jnews_review":[],"enable_review":"0","type":"percentage","name":"","summary":"","brand":"","sku":"","good":[{"good_text":""}],"bad":[{"bad_text":""}],"score_override":"","override_value":"","rating":[{"rating_text":"","rating_number":"10"}],"price":[{"shop":"","price":"","link":"","icon":""}],"jnews_override_counter":{"override_view_counter":"0","view_counter_number":"0","override_share_counter":"0","share_counter_number":"0","override_like_counter":"0","like_counter_number":"0","override_dislike_counter":"0","dislike_counter_number":"0"},"jnews_post_split":{"enable_post_split":"0","post_split":[{"template":"1","tag":"h2","numbering":"asc","mode":"normal","first":"0","enable_toc":"0","toc_type":"normal"}]},"footnotes":""},"categories":[149,8],"tags":[],"class_list":["post-35089","post","type-post","status-publish","format-standard","has-post-thumbnail","hentry","category-adelia-maria","category-provinciales"],"jetpack_featured_media_url":"https:\/\/atecordoba.org\/wp-content\/uploads\/2022\/12\/IMG-20221214-WA0157.jpg","_links":{"self":[{"href":"https:\/\/atecordoba.org\/index.php?rest_route=\/wp\/v2\/posts\/35089","targetHints":{"allow":["GET"]}}],"collection":[{"href":"https:\/\/atecordoba.org\/index.php?rest_route=\/wp\/v2\/posts"}],"about":[{"href":"https:\/\/atecordoba.org\/index.php?rest_route=\/wp\/v2\/types\/post"}],"author":[{"embeddable":true,"href":"https:\/\/atecordoba.org\/index.php?rest_route=\/wp\/v2\/users\/7"}],"replies":[{"embeddable":true,"href":"https:\/\/atecordoba.org\/index.php?rest_route=%2Fwp%2Fv2%2Fcomments&post=35089"}],"version-history":[{"count":2,"href":"https:\/\/atecordoba.org\/index.php?rest_route=\/wp\/v2\/posts\/35089\/revisions"}],"predecessor-version":[{"id":35102,"href":"https:\/\/atecordoba.org\/index.php?rest_route=\/wp\/v2\/posts\/35089\/revisions\/35102"}],"wp:featuredmedia":[{"embeddable":true,"href":"https:\/\/atecordoba.org\/index.php?rest_route=\/wp\/v2\/media\/35094"}],"wp:attachment":[{"href":"https:\/\/atecordoba.org\/index.php?rest_route=%2Fwp%2Fv2%2Fmedia&parent=35089"}],"wp:term":[{"taxonomy":"category","embeddable":true,"href":"https:\/\/atecordoba.org\/index.php?rest_route=%2Fwp%2Fv2%2Fcategories&post=35089"},{"taxonomy":"post_tag","embeddable":true,"href":"https:\/\/atecordoba.org\/index.php?rest_route=%2Fwp%2Fv2%2Ftags&post=35089"}],"curies":[{"name":"wp","href":"https:\/\/api.w.org\/{rel}","templated":true}]}}