{"id":35086,"date":"2022-12-14T11:28:54","date_gmt":"2022-12-14T14:28:54","guid":{"rendered":"https:\/\/atecordoba.org\/?p=35086"},"modified":"2022-12-14T11:28:55","modified_gmt":"2022-12-14T14:28:55","slug":"el-lunes-19-de-diciembre-el-cdp-comienza-la-entrega-de-las-cajas-navidenas","status":"publish","type":"post","link":"https:\/\/atecordoba.org\/?p=35086","title":{"rendered":"El lunes 19 de diciembre el CDP comienza la entrega de las Cajas Navide\u00f1as"},"content":{"rendered":"\n<div class=\"wp-block-image\"><figure class=\"aligncenter size-large is-resized\"><img loading=\"lazy\" decoding=\"async\" src=\"https:\/\/atecordoba.org\/wp-content\/uploads\/2022\/12\/flyer-cajas-navidenas-1024x1024.jpg\" alt=\"\" class=\"wp-image-35087\" width=\"512\" height=\"512\" \/><\/figure><\/div>\n\n\n\n<p>A partir del pr\u00f3ximo lunes, y durante toda la semana, el Consejo Directivo Provincial (CDP) dar\u00e1 inicio a la entrega de las tradicionales Cajas Navide\u00f1as en nuestra sede de Entre R\u00edos 450, C\u00f3rdoba Capital. <\/p>\n\n\n\n<p>Se trata de un beneficio que la Secretar\u00eda de Acci\u00f3n Social realiza todos los a\u00f1os para que las familias de nuestras afiliadas y afiliados se sientan acompa\u00f1adas en estas fiestas de fin de a\u00f1o,  sobre todo en momentos de dificultades econ\u00f3micas como las actuales. <\/p>\n\n\n\n<p>Es una importante inversi\u00f3n que realiza el CDP a partir del aporte de las y los afiliados, que ATE devuelve como parte de los beneficios sociales instituidos en nuestra organizaci\u00f3n. <\/p>\n\n\n\n<p>Para poder retirar el beneficio, las y los compa\u00f1eros deben contar con copia del DNI (impresa o en el celu) y el \u00faltimo recibo de sueldo donde conste descuento de cuota sindical de la persona afiliada o constancias de pago en caso de trabajadoras\/es precarizados\/as.<\/p>\n\n\n\n<p>El horario para retirar las cajas navide\u00f1as es de 10 a 15 horas. <\/p>\n\n\n\n<p>ATE acompa\u00f1a a la familia estatal y les desea \u00a1felices fiestas!<\/p>\n","protected":false},"excerpt":{"rendered":"<p>A partir del pr\u00f3ximo lunes, y durante toda la semana, el Consejo Directivo Provincial (CDP) dar\u00e1 inicio a la entrega de las tradicionales Cajas Navide\u00f1as en nuestra sede de Entre R\u00edos 450, C\u00f3rdoba Capital. Se trata de un beneficio que la Secretar\u00eda de Acci\u00f3n Social realiza todos los a\u00f1os para que las familias de nuestras [&hellip;]<\/p>\n","protected":false},"author":7,"featured_media":35087,"comment_status":"open","ping_status":"open","sticky":false,"template":"","format":"standard","meta":{"_exactmetrics_skip_tracking":false,"_exactmetrics_sitenote_active":false,"_exactmetrics_sitenote_note":"","_exactmetrics_sitenote_category":0,"jnews-multi-image_gallery":[],"jnews_single_post":{"subtitle":"El horario para retirar las cajas navide\u00f1as es de 10 a 15 horas, durante toda la semana que viene. ","format":"standard","video":"","gallery":"","source_name":"","source_url":"","via_name":"","via_url":"","override_template":"0","override":[{"template":"1","single_blog_custom":"","parallax":"1","fullscreen":"1","layout":"right-sidebar","sidebar":"default-sidebar","second_sidebar":"default-sidebar","sticky_sidebar":"1","share_position":"top","share_float_style":"share-monocrhome","show_share_counter":"1","show_view_counter":"1","show_featured":"1","show_post_meta":"1","show_post_author":"1","show_post_author_image":"1","show_post_date":"1","post_date_format":"default","post_date_format_custom":"Y\/m\/d","show_post_category":"1","show_post_reading_time":"0","post_reading_time_wpm":"300","show_zoom_button":"0","zoom_button_out_step":"2","zoom_button_in_step":"3","show_post_tag":"1","show_prev_next_post":"1","show_popup_post":"1","number_popup_post":"1","show_author_box":"0","show_post_related":"0","show_inline_post_related":"0"}],"override_image_size":"0","image_override":[{"single_post_thumbnail_size":"crop-500","single_post_gallery_size":"crop-500"}],"trending_post":"0","trending_post_position":"meta","trending_post_label":"Trending","sponsored_post":"0","sponsored_post_label":"Sponsored by","sponsored_post_name":"","sponsored_post_url":"","sponsored_post_logo_enable":"0","sponsored_post_logo":"","sponsored_post_desc":"","disable_ad":"0"},"jnews_primary_category":{"id":""},"jnews_social_meta":{"fb_title":"","fb_description":"","fb_image":"","twitter_title":"","twitter_description":"","twitter_image":""},"jnews_review":[],"enable_review":"0","type":"percentage","name":"","summary":"","brand":"","sku":"","good":[{"good_text":""}],"bad":[{"bad_text":""}],"score_override":"","override_value":"","rating":[{"rating_text":"","rating_number":"10"}],"price":[{"shop":"","price":"","link":"","icon":""}],"jnews_override_counter":{"override_view_counter":"0","view_counter_number":"0","override_share_counter":"0","share_counter_number":"0","override_like_counter":"0","like_counter_number":"0","override_dislike_counter":"0","dislike_counter_number":"0"},"jnews_post_split":{"enable_post_split":"0","post_split":[{"template":"1","tag":"h2","numbering":"asc","mode":"normal","first":"0","enable_toc":"0","toc_type":"normal"}]},"footnotes":""},"categories":[75],"tags":[],"class_list":["post-35086","post","type-post","status-publish","format-standard","has-post-thumbnail","hentry","category-accion-social"],"jetpack_featured_media_url":"https:\/\/atecordoba.org\/wp-content\/uploads\/2022\/12\/flyer-cajas-navidenas-e1671028118406.jpg","_links":{"self":[{"href":"https:\/\/atecordoba.org\/index.php?rest_route=\/wp\/v2\/posts\/35086","targetHints":{"allow":["GET"]}}],"collection":[{"href":"https:\/\/atecordoba.org\/index.php?rest_route=\/wp\/v2\/posts"}],"about":[{"href":"https:\/\/atecordoba.org\/index.php?rest_route=\/wp\/v2\/types\/post"}],"author":[{"embeddable":true,"href":"https:\/\/atecordoba.org\/index.php?rest_route=\/wp\/v2\/users\/7"}],"replies":[{"embeddable":true,"href":"https:\/\/atecordoba.org\/index.php?rest_route=%2Fwp%2Fv2%2Fcomments&post=35086"}],"version-history":[{"count":1,"href":"https:\/\/atecordoba.org\/index.php?rest_route=\/wp\/v2\/posts\/35086\/revisions"}],"predecessor-version":[{"id":35088,"href":"https:\/\/atecordoba.org\/index.php?rest_route=\/wp\/v2\/posts\/35086\/revisions\/35088"}],"wp:featuredmedia":[{"embeddable":true,"href":"https:\/\/atecordoba.org\/index.php?rest_route=\/wp\/v2\/media\/35087"}],"wp:attachment":[{"href":"https:\/\/atecordoba.org\/index.php?rest_route=%2Fwp%2Fv2%2Fmedia&parent=35086"}],"wp:term":[{"taxonomy":"category","embeddable":true,"href":"https:\/\/atecordoba.org\/index.php?rest_route=%2Fwp%2Fv2%2Fcategories&post=35086"},{"taxonomy":"post_tag","embeddable":true,"href":"https:\/\/atecordoba.org\/index.php?rest_route=%2Fwp%2Fv2%2Ftags&post=35086"}],"curies":[{"name":"wp","href":"https:\/\/api.w.org\/{rel}","templated":true}]}}