{"id":3508,"date":"2013-11-04T16:58:31","date_gmt":"2013-11-04T19:58:31","guid":{"rendered":"http:\/\/www.atecordoba.org\/?p=3508"},"modified":"2013-11-04T16:58:31","modified_gmt":"2013-11-04T19:58:31","slug":"fabricaciones-militares-mas-pasos-hacia-el-cct","status":"publish","type":"post","link":"https:\/\/atecordoba.org\/?p=3508","title":{"rendered":"Fabricaciones Militares: m\u00e1s pasos hacia el CCT"},"content":{"rendered":"<p><em>Delegados de F\u00e1bricas Militares e integrantes de la Secretar\u00eda Gremial del Consejo Directivo Nacional se reunieron en la sede de ATE para analizar una estrategia que les permita a los compa\u00f1eros contar una Carrera en el marco de un Convenio Colectivo de Trabajo.<\/em><\/p>\n<figure id=\"attachment_3509\" aria-describedby=\"caption-attachment-3509\" style=\"width: 630px\" class=\"wp-caption aligncenter\"><a href=\"http:\/\/www.atecordoba.org\/wp-content\/uploads\/2013\/11\/fabricaciones-militares-reunion-x-CCT.jpg\"><img loading=\"lazy\" decoding=\"async\" class=\" wp-image-3509\" alt=\"fabricaciones militares -reunion x CCT\" src=\"http:\/\/www.atecordoba.org\/wp-content\/uploads\/2013\/11\/fabricaciones-militares-reunion-x-CCT.jpg\" width=\"630\" height=\"472\" \/><\/a><figcaption id=\"caption-attachment-3509\" class=\"wp-caption-text\">El secretario General de Rio Tercero, Cristian Colman, y el secretario Gremial del CDP, Jos\u00e9 Gorozo, junto a compa\u00f1eros de Fray Luis Beltran y Azul.<\/figcaption><\/figure>\n<p>Los estatales de las cuatro f\u00e1bricas y la sede central buscan de este modo progresar en su labor mediante la capacitaci\u00f3n que otorga una Carrera: un derecho elemental del que hace muchos a\u00f1os est\u00e1n vedados.<\/p>\n<p>El Convenio Colectivo de Trabajo, adem\u00e1s, les permitir\u00e1 eliminar las diferencias salariales dentro del sector, bajo el rector constitucional de a igual tarea, igual salario. Asimismo, normalizar\u00eda la situaci\u00f3n de precariedad de compa\u00f1eros cuyo 50% del salario, en ciertos casos, permanece en negro.<\/p>\n<p>Durante el encuentro se avanz\u00f3 tambi\u00e9n en la modificaci\u00f3n del estatuto del personal civil cuya \u00faltima modificaci\u00f3n se realiz\u00f3 hacia mediados de los \u201970.<\/p>\n<p>&nbsp;<\/p>\n","protected":false},"excerpt":{"rendered":"<p>Delegados de F\u00e1bricas Militares e integrantes de la Secretar\u00eda Gremial del Consejo Directivo Nacional se reunieron en la sede de ATE para analizar una estrategia que les permita a los compa\u00f1eros contar una Carrera en el marco de un Convenio Colectivo de Trabajo. Los estatales de las cuatro f\u00e1bricas y la sede central buscan de [&hellip;]<\/p>\n","protected":false},"author":1,"featured_media":19220,"comment_status":"open","ping_status":"open","sticky":false,"template":"","format":"standard","meta":{"_exactmetrics_skip_tracking":false,"_exactmetrics_sitenote_active":false,"_exactmetrics_sitenote_note":"","_exactmetrics_sitenote_category":0,"jnews-multi-image_gallery":[],"jnews_single_post":[],"jnews_primary_category":[],"jnews_social_meta":[],"jnews_review":[],"enable_review":"","type":"","name":"","summary":"","brand":"","sku":"","good":[],"bad":[],"score_override":"","override_value":"","rating":[],"price":[],"jnews_override_counter":[],"jnews_post_split":[],"footnotes":""},"categories":[18,13,34,14],"tags":[],"class_list":["post-3508","post","type-post","status-publish","format-standard","has-post-thumbnail","hentry","category-nacionales","category-rio-tercero","category-seccionales","category-villa-maria"],"jetpack_featured_media_url":"https:\/\/atecordoba.org\/wp-content\/uploads\/2020\/05\/logo-nuevochico-e1561581322808.png","_links":{"self":[{"href":"https:\/\/atecordoba.org\/index.php?rest_route=\/wp\/v2\/posts\/3508","targetHints":{"allow":["GET"]}}],"collection":[{"href":"https:\/\/atecordoba.org\/index.php?rest_route=\/wp\/v2\/posts"}],"about":[{"href":"https:\/\/atecordoba.org\/index.php?rest_route=\/wp\/v2\/types\/post"}],"author":[{"embeddable":true,"href":"https:\/\/atecordoba.org\/index.php?rest_route=\/wp\/v2\/users\/1"}],"replies":[{"embeddable":true,"href":"https:\/\/atecordoba.org\/index.php?rest_route=%2Fwp%2Fv2%2Fcomments&post=3508"}],"version-history":[{"count":0,"href":"https:\/\/atecordoba.org\/index.php?rest_route=\/wp\/v2\/posts\/3508\/revisions"}],"wp:featuredmedia":[{"embeddable":true,"href":"https:\/\/atecordoba.org\/index.php?rest_route=\/wp\/v2\/media\/19220"}],"wp:attachment":[{"href":"https:\/\/atecordoba.org\/index.php?rest_route=%2Fwp%2Fv2%2Fmedia&parent=3508"}],"wp:term":[{"taxonomy":"category","embeddable":true,"href":"https:\/\/atecordoba.org\/index.php?rest_route=%2Fwp%2Fv2%2Fcategories&post=3508"},{"taxonomy":"post_tag","embeddable":true,"href":"https:\/\/atecordoba.org\/index.php?rest_route=%2Fwp%2Fv2%2Ftags&post=3508"}],"curies":[{"name":"wp","href":"https:\/\/api.w.org\/{rel}","templated":true}]}}