{"id":35072,"date":"2022-12-13T10:27:20","date_gmt":"2022-12-13T13:27:20","guid":{"rendered":"https:\/\/atecordoba.org\/?p=35072"},"modified":"2022-12-26T13:32:00","modified_gmt":"2022-12-26T16:32:00","slug":"homenaje-en-sampacho-a-la-enfermera-desaparecida-irma-carrica","status":"publish","type":"post","link":"https:\/\/atecordoba.org\/?p=35072","title":{"rendered":"Homenaje en Sampacho a la enfermera desaparecida Irma Laciar de Carrica"},"content":{"rendered":"\n<div class=\"wp-block-image\"><figure class=\"aligncenter size-large is-resized\"><img loading=\"lazy\" decoding=\"async\" src=\"https:\/\/atecordoba.org\/wp-content\/uploads\/2022\/12\/IMG-20221212-WA0233-1024x682.jpg\" alt=\"\" class=\"wp-image-35073\" width=\"768\" height=\"512\" \/><\/figure><\/div>\n\n\n\n<p>En un emotivo homenaje, ATE y la Municipalidad de Sampacho recordaron ayer a la enfermera, docente, militante y dirigente de ATE Irma Laciar de Carrica, puntal de la primera Escuela de Enfermer\u00eda que fund\u00f3 el legendario Ministro de Salud de Per\u00f3n, Ram\u00f3n Carrillo.<\/p>\n\n\n\n<p>Formadora de enfermeras, delegada de ATE en la d\u00e9cada del &#8217;50 del siglo pasado, parte de la CGT de los Argentinos, docente en las c\u00e1tedras de medicina para el trabajo, Irma fue secuestrada y desaparecida por los grupos de tareas de la \u00faltima dictadura eclesi\u00e1stica, c\u00edvico y militar, hace 45 a\u00f1os. <\/p>\n\n\n\n<p>Hab\u00eda nacido en en Sampacho en 1926 y el homenaje fue motivo para rescatar la figura de la gran enfermera argentina, aquella que de la mano de Evita y Carrillo form\u00f3 parte de la fundaci\u00f3n del sistema sanitario nacional. Fue directora de la Escuela de Auxiliares de Enfermer\u00eda del Ministerio de Salud P\u00fablica de la Naci\u00f3n.<\/p>\n\n\n\n<figure class=\"wp-block-gallery has-nested-images columns-default is-cropped wp-block-gallery-1 is-layout-flex wp-block-gallery-is-layout-flex\">\n<figure class=\"wp-block-image size-large\"><img loading=\"lazy\" decoding=\"async\" width=\"1024\" height=\"708\" data-id=\"35074\" src=\"https:\/\/atecordoba.org\/wp-content\/uploads\/2022\/12\/IMG-20221212-WA0234-1024x708.jpg\" alt=\"\" class=\"wp-image-35074\" srcset=\"https:\/\/atecordoba.org\/wp-content\/uploads\/2022\/12\/IMG-20221212-WA0234-1024x708.jpg 1024w, https:\/\/atecordoba.org\/wp-content\/uploads\/2022\/12\/IMG-20221212-WA0234-300x207.jpg 300w, https:\/\/atecordoba.org\/wp-content\/uploads\/2022\/12\/IMG-20221212-WA0234-768x531.jpg 768w, https:\/\/atecordoba.org\/wp-content\/uploads\/2022\/12\/IMG-20221212-WA0234-750x519.jpg 750w, https:\/\/atecordoba.org\/wp-content\/uploads\/2022\/12\/IMG-20221212-WA0234-1140x788.jpg 1140w, https:\/\/atecordoba.org\/wp-content\/uploads\/2022\/12\/IMG-20221212-WA0234.jpg 1280w\" sizes=\"auto, (max-width: 1024px) 100vw, 1024px\" \/><\/figure>\n\n\n\n<figure class=\"wp-block-image size-large\"><img loading=\"lazy\" decoding=\"async\" width=\"724\" height=\"1024\" data-id=\"35075\" src=\"https:\/\/atecordoba.org\/wp-content\/uploads\/2022\/12\/IMG-20221212-WA0230-724x1024.jpg\" alt=\"\" class=\"wp-image-35075\" srcset=\"https:\/\/atecordoba.org\/wp-content\/uploads\/2022\/12\/IMG-20221212-WA0230-724x1024.jpg 724w, https:\/\/atecordoba.org\/wp-content\/uploads\/2022\/12\/IMG-20221212-WA0230-212x300.jpg 212w, https:\/\/atecordoba.org\/wp-content\/uploads\/2022\/12\/IMG-20221212-WA0230-768x1086.jpg 768w, https:\/\/atecordoba.org\/wp-content\/uploads\/2022\/12\/IMG-20221212-WA0230-750x1060.jpg 750w, https:\/\/atecordoba.org\/wp-content\/uploads\/2022\/12\/IMG-20221212-WA0230.jpg 793w\" sizes=\"auto, (max-width: 724px) 100vw, 724px\" \/><\/figure>\n\n\n\n<figure class=\"wp-block-image size-large\"><img loading=\"lazy\" decoding=\"async\" width=\"1024\" height=\"682\" data-id=\"35076\" src=\"https:\/\/atecordoba.org\/wp-content\/uploads\/2022\/12\/IMG-20221212-WA0231-1024x682.jpg\" alt=\"\" class=\"wp-image-35076\" srcset=\"https:\/\/atecordoba.org\/wp-content\/uploads\/2022\/12\/IMG-20221212-WA0231-1024x682.jpg 1024w, https:\/\/atecordoba.org\/wp-content\/uploads\/2022\/12\/IMG-20221212-WA0231-300x200.jpg 300w, https:\/\/atecordoba.org\/wp-content\/uploads\/2022\/12\/IMG-20221212-WA0231-768x512.jpg 768w, https:\/\/atecordoba.org\/wp-content\/uploads\/2022\/12\/IMG-20221212-WA0231-750x500.jpg 750w, https:\/\/atecordoba.org\/wp-content\/uploads\/2022\/12\/IMG-20221212-WA0231-1140x760.jpg 1140w, https:\/\/atecordoba.org\/wp-content\/uploads\/2022\/12\/IMG-20221212-WA0231.jpg 1280w\" sizes=\"auto, (max-width: 1024px) 100vw, 1024px\" \/><\/figure>\n<\/figure>\n\n\n\n<p>En el mismo acto, la localidad del sur provincial consolid\u00f3 el proceso de rescate hist\u00f3rico de la ciudad. Por eso, desde ATE destacamos la presencia en el acto del intendente Franco Su\u00e1rez, acompa\u00f1ando a los dirigentes de nuestro gremio que impulsaron el reconocimiento de Irma, encabezados por el secretario General de ATE C\u00f3rdoba, Federico Giuliani, junto a la secretaria General de ATE R\u00edo Cuarto, Rafaela Alcoba, la seccional de ATE Adelia Mar\u00eda, y el Departamento de DDHH de ATE Seccional R\u00edo Cuarto, dirigida por Walter \u00c1valos.<\/p>\n\n\n\n<p>En el acto se coment\u00f3 que Irma es una figura que expresa la imagen de la la salud p\u00fablica. &#8220;Con ella aplaudimos a todas y todos los trabajadores de la salud y el rol fundamental que cumplen hoy, ya que ella era trabajadora de la salud y el equipo de salud es garante de los derechos al pueblo de la salud p\u00fablica&#8221;, dijo Giuliani.<\/p>\n\n\n\n<p>&#8220;Se entiende por memoria a las formas en que las personas y los pueblos construyen sentido y relacionan el pasado con el presente en el acto de recordar respecto de graves violaciones a los derechos humanos y\/o de las acciones de las v\u00edctimas y sociedad civil en la defensa y promoci\u00f3n de los derechos humanos y valores democr\u00e1ticos en tales contextos&#8221;. <\/p>\n\n\n\n<figure class=\"wp-block-gallery has-nested-images columns-default is-cropped wp-block-gallery-2 is-layout-flex wp-block-gallery-is-layout-flex\">\n<figure class=\"wp-block-image size-large\"><a href=\"https:\/\/atecordoba.org\/wp-content\/uploads\/2022\/12\/IMG-20221212-WA0235.jpg\"><img loading=\"lazy\" decoding=\"async\" width=\"1024\" height=\"682\" data-id=\"35078\" src=\"https:\/\/atecordoba.org\/wp-content\/uploads\/2022\/12\/IMG-20221212-WA0235-1024x682.jpg\" alt=\"\" class=\"wp-image-35078\" srcset=\"https:\/\/atecordoba.org\/wp-content\/uploads\/2022\/12\/IMG-20221212-WA0235-1024x682.jpg 1024w, https:\/\/atecordoba.org\/wp-content\/uploads\/2022\/12\/IMG-20221212-WA0235-300x200.jpg 300w, https:\/\/atecordoba.org\/wp-content\/uploads\/2022\/12\/IMG-20221212-WA0235-768x512.jpg 768w, https:\/\/atecordoba.org\/wp-content\/uploads\/2022\/12\/IMG-20221212-WA0235-750x500.jpg 750w, https:\/\/atecordoba.org\/wp-content\/uploads\/2022\/12\/IMG-20221212-WA0235-1140x760.jpg 1140w, https:\/\/atecordoba.org\/wp-content\/uploads\/2022\/12\/IMG-20221212-WA0235.jpg 1280w\" sizes=\"auto, (max-width: 1024px) 100vw, 1024px\" \/><\/a><\/figure>\n\n\n\n<figure class=\"wp-block-image size-large\"><a href=\"https:\/\/atecordoba.org\/wp-content\/uploads\/2022\/12\/IMG-20221212-WA0233-1.jpg\"><img loading=\"lazy\" decoding=\"async\" width=\"1024\" height=\"682\" data-id=\"35077\" src=\"https:\/\/atecordoba.org\/wp-content\/uploads\/2022\/12\/IMG-20221212-WA0233-1-1024x682.jpg\" alt=\"\" class=\"wp-image-35077\" srcset=\"https:\/\/atecordoba.org\/wp-content\/uploads\/2022\/12\/IMG-20221212-WA0233-1-1024x682.jpg 1024w, https:\/\/atecordoba.org\/wp-content\/uploads\/2022\/12\/IMG-20221212-WA0233-1-300x200.jpg 300w, https:\/\/atecordoba.org\/wp-content\/uploads\/2022\/12\/IMG-20221212-WA0233-1-768x512.jpg 768w, https:\/\/atecordoba.org\/wp-content\/uploads\/2022\/12\/IMG-20221212-WA0233-1-750x500.jpg 750w, https:\/\/atecordoba.org\/wp-content\/uploads\/2022\/12\/IMG-20221212-WA0233-1-1140x760.jpg 1140w, https:\/\/atecordoba.org\/wp-content\/uploads\/2022\/12\/IMG-20221212-WA0233-1.jpg 1280w\" sizes=\"auto, (max-width: 1024px) 100vw, 1024px\" \/><\/a><\/figure>\n<\/figure>\n","protected":false},"excerpt":{"rendered":"<p>En un emotivo homenaje, ATE y la Municipalidad de Sampacho recordaron ayer a la enfermera, docente, militante y dirigente de ATE Irma Laciar de Carrica, puntal de la primera Escuela de Enfermer\u00eda que fund\u00f3 el legendario Ministro de Salud de Per\u00f3n, Ram\u00f3n Carrillo. Formadora de enfermeras, delegada de ATE en la d\u00e9cada del &#8217;50 del [&hellip;]<\/p>\n","protected":false},"author":7,"featured_media":35073,"comment_status":"open","ping_status":"open","sticky":false,"template":"","format":"standard","meta":{"_exactmetrics_skip_tracking":false,"_exactmetrics_sitenote_active":false,"_exactmetrics_sitenote_note":"","_exactmetrics_sitenote_category":0,"jnews-multi-image_gallery":[],"jnews_single_post":{"subtitle":"ATE y la Municipalidad de Sampacho recordaron a la formadora de enfermeras, militante y delegada de ATE, integrante de la CGT de los Argentinos y puntal de la salud p\u00fablica nacional, y que fue secuestrada y desaparecida por la dictadura c\u00edvico-militar-eclesi\u00e1stica que asol\u00f3 nuestro pa\u00eds en el periodo 1976-1983.","format":"standard","video":"","gallery":"","source_name":"","source_url":"","via_name":"","via_url":"","override_template":"0","override":[{"template":"1","single_blog_custom":"","parallax":"1","fullscreen":"1","layout":"right-sidebar","sidebar":"default-sidebar","second_sidebar":"default-sidebar","sticky_sidebar":"1","share_position":"top","share_float_style":"share-monocrhome","show_share_counter":"1","show_view_counter":"1","show_featured":"1","show_post_meta":"1","show_post_author":"1","show_post_author_image":"1","show_post_date":"1","post_date_format":"default","post_date_format_custom":"Y\/m\/d","show_post_category":"1","show_post_reading_time":"0","post_reading_time_wpm":"300","show_zoom_button":"0","zoom_button_out_step":"2","zoom_button_in_step":"3","show_post_tag":"1","show_prev_next_post":"1","show_popup_post":"1","number_popup_post":"1","show_author_box":"0","show_post_related":"0","show_inline_post_related":"0"}],"override_image_size":"0","image_override":[{"single_post_thumbnail_size":"crop-500","single_post_gallery_size":"crop-500"}],"trending_post":"0","trending_post_position":"meta","trending_post_label":"Trending","sponsored_post":"0","sponsored_post_label":"Sponsored by","sponsored_post_name":"","sponsored_post_url":"","sponsored_post_logo_enable":"0","sponsored_post_logo":"","sponsored_post_desc":"","disable_ad":"0"},"jnews_primary_category":{"id":""},"jnews_social_meta":{"fb_title":"","fb_description":"","fb_image":"","twitter_title":"","twitter_description":"","twitter_image":""},"jnews_review":[],"enable_review":"0","type":"percentage","name":"","summary":"","brand":"","sku":"","good":[{"good_text":""}],"bad":[{"bad_text":""}],"score_override":"","override_value":"","rating":[{"rating_text":"","rating_number":"10"}],"price":[{"shop":"","price":"","link":"","icon":""}],"jnews_override_counter":{"override_view_counter":"0","view_counter_number":"0","override_share_counter":"0","share_counter_number":"0","override_like_counter":"0","like_counter_number":"0","override_dislike_counter":"0","dislike_counter_number":"0"},"jnews_post_split":{"enable_post_split":"0","post_split":[{"template":"1","tag":"h2","numbering":"asc","mode":"normal","first":"0","enable_toc":"0","toc_type":"normal"}]},"footnotes":""},"categories":[122],"tags":[],"class_list":["post-35072","post","type-post","status-publish","format-standard","has-post-thumbnail","hentry","category-ddhh"],"jetpack_featured_media_url":"https:\/\/atecordoba.org\/wp-content\/uploads\/2022\/12\/IMG-20221212-WA0233-e1670937791309.jpg","_links":{"self":[{"href":"https:\/\/atecordoba.org\/index.php?rest_route=\/wp\/v2\/posts\/35072","targetHints":{"allow":["GET"]}}],"collection":[{"href":"https:\/\/atecordoba.org\/index.php?rest_route=\/wp\/v2\/posts"}],"about":[{"href":"https:\/\/atecordoba.org\/index.php?rest_route=\/wp\/v2\/types\/post"}],"author":[{"embeddable":true,"href":"https:\/\/atecordoba.org\/index.php?rest_route=\/wp\/v2\/users\/7"}],"replies":[{"embeddable":true,"href":"https:\/\/atecordoba.org\/index.php?rest_route=%2Fwp%2Fv2%2Fcomments&post=35072"}],"version-history":[{"count":3,"href":"https:\/\/atecordoba.org\/index.php?rest_route=\/wp\/v2\/posts\/35072\/revisions"}],"predecessor-version":[{"id":35084,"href":"https:\/\/atecordoba.org\/index.php?rest_route=\/wp\/v2\/posts\/35072\/revisions\/35084"}],"wp:featuredmedia":[{"embeddable":true,"href":"https:\/\/atecordoba.org\/index.php?rest_route=\/wp\/v2\/media\/35073"}],"wp:attachment":[{"href":"https:\/\/atecordoba.org\/index.php?rest_route=%2Fwp%2Fv2%2Fmedia&parent=35072"}],"wp:term":[{"taxonomy":"category","embeddable":true,"href":"https:\/\/atecordoba.org\/index.php?rest_route=%2Fwp%2Fv2%2Fcategories&post=35072"},{"taxonomy":"post_tag","embeddable":true,"href":"https:\/\/atecordoba.org\/index.php?rest_route=%2Fwp%2Fv2%2Ftags&post=35072"}],"curies":[{"name":"wp","href":"https:\/\/api.w.org\/{rel}","templated":true}]}}