{"id":35050,"date":"2022-12-12T11:58:16","date_gmt":"2022-12-12T14:58:16","guid":{"rendered":"https:\/\/atecordoba.org\/?p=35050"},"modified":"2022-12-12T11:59:17","modified_gmt":"2022-12-12T14:59:17","slug":"villa-general-belgrano-acoso-del-intendente-santarelli-a-una-trabajadora-monotributista","status":"publish","type":"post","link":"https:\/\/atecordoba.org\/?p=35050","title":{"rendered":"Villa General Belgrano: acoso del intendente Santarelli a una trabajadora monotributista"},"content":{"rendered":"\n<div class=\"wp-block-image\"><figure class=\"aligncenter size-full is-resized\"><img loading=\"lazy\" decoding=\"async\" src=\"https:\/\/atecordoba.org\/wp-content\/uploads\/2022\/12\/santarelli_VGB.png\" alt=\"\" class=\"wp-image-35051\" width=\"734\" height=\"449\" \/><\/figure><\/div>\n\n\n\n<p>Desde la aparici\u00f3n de ATE como entidad sindical representativa de las y los trabajadores municipales, que se est\u00e1n afiliados progresivamente a nuestra organizaci\u00f3n para lograr una efectiva representaci\u00f3n que defienda y haga efectivos los derechos humanos y laborales en la comuna, el intendente Oscar Santarelli comenz\u00f3 una campa\u00f1a persecutoria contra el grupos de compa\u00f1eros y compa\u00f1eras organizados.<\/p>\n\n\n\n<p>En ese marco, la semana pasada se conoci\u00f3 un intento de despido de una de las compa\u00f1eras que se desempe\u00f1a desde hace cinco a\u00f1os como monotributista en la Municipalidad, en abierto caso de defraudaci\u00f3n laboral y precarizaci\u00f3n de las condiciones de trabajo, por integrarse al colectivo de empleados que se sumaron a ATE. <\/p>\n\n\n\n<p>Frente a ese cuadro, las y los compa\u00f1eros emitieron una carta p\u00fablica denunciando la situaci\u00f3n e instando al intendente Santarelli a dar marcha atr\u00e1s con el acoso a la compa\u00f1era y abrir los canales de di\u00e1logo necesarios para dar cause a los leg\u00edtimos reclamos del sector, que nunca hab\u00edan sido fielmente representados por carecer de un sindicato que los ejerza. <\/p>\n\n\n\n<p>En la misiva, el colectivo de afiliados de ATE en Villa General Belgrano denunci\u00f3 que &#8220;nos encontramos en estado de alerta ante el intento de despido a una de nuestras compa\u00f1eras monotributistas.&nbsp; Tras 5 a\u00f1os de prestar servicios para este municipio, sin darle motivos y sin previo aviso, intentaron que abandone su puesto de trabajo. El hecho se sucede luego de que un n\u00famero de compa\u00f1eros hayamos decidido ser representados gremialmente a trav\u00e9s de la afiliaci\u00f3n a ATE&#8221;.&nbsp;&nbsp;<\/p>\n\n\n\n<p>En la denuncia p\u00fablica, las y los municipales de Villa General Belgrano sostienen que &#8220;no es inocente que esta decisi\u00f3n la hayan tomado luego de organizarnos como colectivo de trabajadorxs para reclamar el aumento de nuestro valor hora y los recursos necesarios para desempe\u00f1ar nuestras tareas. Reconocemos en este acto una intenci\u00f3n expl\u00edcita de amedrentamiento, que atenta contra nuestro derecho de libre asociaci\u00f3n y agremiacion o ejercicio de una actividad sindical&#8221;.<\/p>\n\n\n\n<p>Por eso, las y los afiliados de ATE reafirman su convicci\u00f3n &#8220;que la lucha es colectiva y que pelear por nuestros derechos es defender tambi\u00e9n las pol\u00edticas p\u00fablicas de calidad que est\u00e9n a la altura de las necesidades y urgencias de nuestro pueblo. Por eso exigimos la reincorporaci\u00f3n inmediata de la compa\u00f1era y le brindamos todo nuestro apoyo y solidaridad&#8221;.<\/p>\n\n\n\n<ul class=\"wp-block-list\"><li>Si se meten con unx, se meten con todxs.<\/li><li>No daremos ni un paso atr\u00e1s!<\/li><li>Responderemos con m\u00e1s organizaci\u00f3n y compa\u00f1erismo.<\/li><li>Porque la Villa que queremos es muy distinta a la que esta gesti\u00f3n quiere mostrar.<\/li><\/ul>\n\n\n\n<p>En tal sentido concluyen apelando al Ejecutivo municipal para &#8220;poder establecer canales de di\u00e1logo, lo cual venimos solicitando desde hace varios meses a trav\u00e9s de notas formales, que no han tenido respuesta. Es nuestra intenci\u00f3n generar espacios donde poder discutir y mostrar las condiciones en que se desarrolla la pol\u00edtica p\u00fablica en materia de ni\u00f1ez y educaci\u00f3n para les ni\u00f1es y familias de nuestra localidad&#8221;.&nbsp;&nbsp;<\/p>\n","protected":false},"excerpt":{"rendered":"<p>Desde la aparici\u00f3n de ATE como entidad sindical representativa de las y los trabajadores municipales, que se est\u00e1n afiliados progresivamente a nuestra organizaci\u00f3n para lograr una efectiva representaci\u00f3n que defienda y haga efectivos los derechos humanos y laborales en la comuna, el intendente Oscar Santarelli comenz\u00f3 una campa\u00f1a persecutoria contra el grupos de compa\u00f1eros y [&hellip;]<\/p>\n","protected":false},"author":7,"featured_media":35051,"comment_status":"open","ping_status":"open","sticky":false,"template":"","format":"standard","meta":{"_exactmetrics_skip_tracking":false,"_exactmetrics_sitenote_active":false,"_exactmetrics_sitenote_note":"","_exactmetrics_sitenote_category":0,"jnews-multi-image_gallery":[],"jnews_single_post":{"subtitle":"Las y los trabajadores se declararon en estado de alerta desde que, la semana pasada, se conoci\u00f3 un intento de despido de una de las compa\u00f1eras que se desempe\u00f1a desde hace cinco a\u00f1os como monotributista en la Municipalidad, en abierto caso de defraudaci\u00f3n laboral y precarizaci\u00f3n de las condiciones de trabajo, por integrarse al colectivo de empleados que se sumaron a ATE. ","format":"standard","video":"","gallery":"","source_name":"","source_url":"","via_name":"","via_url":"","override_template":"0","override":[{"template":"1","single_blog_custom":"","parallax":"1","fullscreen":"1","layout":"right-sidebar","sidebar":"default-sidebar","second_sidebar":"default-sidebar","sticky_sidebar":"1","share_position":"top","share_float_style":"share-monocrhome","show_share_counter":"1","show_view_counter":"1","show_featured":"1","show_post_meta":"1","show_post_author":"1","show_post_author_image":"1","show_post_date":"1","post_date_format":"default","post_date_format_custom":"Y\/m\/d","show_post_category":"1","show_post_reading_time":"0","post_reading_time_wpm":"300","show_zoom_button":"0","zoom_button_out_step":"2","zoom_button_in_step":"3","show_post_tag":"1","show_prev_next_post":"1","show_popup_post":"1","number_popup_post":"1","show_author_box":"0","show_post_related":"0","show_inline_post_related":"0"}],"override_image_size":"0","image_override":[{"single_post_thumbnail_size":"crop-500","single_post_gallery_size":"crop-500"}],"trending_post":"0","trending_post_position":"meta","trending_post_label":"Trending","sponsored_post":"0","sponsored_post_label":"Sponsored by","sponsored_post_name":"","sponsored_post_url":"","sponsored_post_logo_enable":"0","sponsored_post_logo":"","sponsored_post_desc":"","disable_ad":"0"},"jnews_primary_category":{"id":""},"jnews_social_meta":{"fb_title":"","fb_description":"","fb_image":"","twitter_title":"","twitter_description":"","twitter_image":""},"jnews_review":[],"enable_review":"0","type":"percentage","name":"","summary":"","brand":"","sku":"","good":[{"good_text":""}],"bad":[{"bad_text":""}],"score_override":"","override_value":"","rating":[{"rating_text":"","rating_number":"10"}],"price":[{"shop":"","price":"","link":"","icon":""}],"jnews_override_counter":{"override_view_counter":"0","view_counter_number":"0","override_share_counter":"0","share_counter_number":"0","override_like_counter":"0","like_counter_number":"0","override_dislike_counter":"0","dislike_counter_number":"0"},"jnews_post_split":{"enable_post_split":"0","post_split":[{"template":"1","tag":"h2","numbering":"asc","mode":"normal","first":"0","enable_toc":"0","toc_type":"normal"}]},"footnotes":""},"categories":[20],"tags":[],"class_list":["post-35050","post","type-post","status-publish","format-standard","has-post-thumbnail","hentry","category-municipales"],"jetpack_featured_media_url":"https:\/\/atecordoba.org\/wp-content\/uploads\/2022\/12\/santarelli_VGB-e1670857090562.png","_links":{"self":[{"href":"https:\/\/atecordoba.org\/index.php?rest_route=\/wp\/v2\/posts\/35050","targetHints":{"allow":["GET"]}}],"collection":[{"href":"https:\/\/atecordoba.org\/index.php?rest_route=\/wp\/v2\/posts"}],"about":[{"href":"https:\/\/atecordoba.org\/index.php?rest_route=\/wp\/v2\/types\/post"}],"author":[{"embeddable":true,"href":"https:\/\/atecordoba.org\/index.php?rest_route=\/wp\/v2\/users\/7"}],"replies":[{"embeddable":true,"href":"https:\/\/atecordoba.org\/index.php?rest_route=%2Fwp%2Fv2%2Fcomments&post=35050"}],"version-history":[{"count":2,"href":"https:\/\/atecordoba.org\/index.php?rest_route=\/wp\/v2\/posts\/35050\/revisions"}],"predecessor-version":[{"id":35053,"href":"https:\/\/atecordoba.org\/index.php?rest_route=\/wp\/v2\/posts\/35050\/revisions\/35053"}],"wp:featuredmedia":[{"embeddable":true,"href":"https:\/\/atecordoba.org\/index.php?rest_route=\/wp\/v2\/media\/35051"}],"wp:attachment":[{"href":"https:\/\/atecordoba.org\/index.php?rest_route=%2Fwp%2Fv2%2Fmedia&parent=35050"}],"wp:term":[{"taxonomy":"category","embeddable":true,"href":"https:\/\/atecordoba.org\/index.php?rest_route=%2Fwp%2Fv2%2Fcategories&post=35050"},{"taxonomy":"post_tag","embeddable":true,"href":"https:\/\/atecordoba.org\/index.php?rest_route=%2Fwp%2Fv2%2Ftags&post=35050"}],"curies":[{"name":"wp","href":"https:\/\/api.w.org\/{rel}","templated":true}]}}