{"id":35027,"date":"2022-12-06T13:15:25","date_gmt":"2022-12-06T16:15:25","guid":{"rendered":"https:\/\/atecordoba.org\/?p=35027"},"modified":"2022-12-06T13:16:07","modified_gmt":"2022-12-06T16:16:07","slug":"eligen-delegados-en-rio-primero","status":"publish","type":"post","link":"https:\/\/atecordoba.org\/?p=35027","title":{"rendered":"Eligen delegados en R\u00edo Primero"},"content":{"rendered":"\n<div class=\"wp-block-image\"><figure class=\"aligncenter size-full is-resized\"><img loading=\"lazy\" decoding=\"async\" src=\"https:\/\/atecordoba.org\/wp-content\/uploads\/2022\/12\/urna.jpg\" alt=\"\" class=\"wp-image-35028\" width=\"720\" height=\"405\" \/><\/figure><\/div>\n\n\n\n<p>Se llev\u00f3 a cabo ayer la elecci\u00f3n de delegados y delegadas de ATE en la Municipalidad de R\u00edo Primero.<\/p>\n\n\n\n<p>Se pudo ver el \u00e9xito de la respuesta de las y los compa\u00f1eros a la convocatoria, con alto nivel de participaci\u00f3n que sigue fortaleciendo el territorio con delegados y delegadas de nuestra organizaci\u00f3n.<\/p>\n\n\n\n<p>En este caso las y los municipales de esa localidad eligieron a Jos\u00e9 Baigorria y Pamela Guit\u00e9rrez para que los representen. Javier Bracamonte, del Equipo del Departamento de Municipales de ATE C\u00f3rdoba, fue quien garantiz\u00f3 que se lleve adelante el acto eleccionario.<\/p>\n\n\n\n<figure class=\"wp-block-gallery has-nested-images columns-default is-cropped wp-block-gallery-1 is-layout-flex wp-block-gallery-is-layout-flex\">\n<figure class=\"wp-block-image size-large\"><img loading=\"lazy\" decoding=\"async\" width=\"169\" height=\"300\" data-id=\"35029\" src=\"https:\/\/atecordoba.org\/wp-content\/uploads\/2022\/12\/urna2.jpg\" alt=\"\" class=\"wp-image-35029\" \/><\/figure>\n\n\n\n<figure class=\"wp-block-image size-large\"><img loading=\"lazy\" decoding=\"async\" width=\"169\" height=\"300\" data-id=\"35031\" src=\"https:\/\/atecordoba.org\/wp-content\/uploads\/2022\/12\/urna4.jpg\" alt=\"\" class=\"wp-image-35031\" \/><\/figure>\n\n\n\n<figure class=\"wp-block-image size-large\"><img loading=\"lazy\" decoding=\"async\" width=\"169\" height=\"300\" data-id=\"35030\" src=\"https:\/\/atecordoba.org\/wp-content\/uploads\/2022\/12\/urna3.jpg\" alt=\"\" class=\"wp-image-35030\" \/><\/figure>\n<\/figure>\n","protected":false},"excerpt":{"rendered":"<p>Se llev\u00f3 a cabo ayer la elecci\u00f3n de delegados y delegadas de ATE en la Municipalidad de R\u00edo Primero. Se pudo ver el \u00e9xito de la respuesta de las y los compa\u00f1eros a la convocatoria, con alto nivel de participaci\u00f3n que sigue fortaleciendo el territorio con delegados y delegadas de nuestra organizaci\u00f3n. En este caso [&hellip;]<\/p>\n","protected":false},"author":7,"featured_media":35028,"comment_status":"open","ping_status":"open","sticky":false,"template":"","format":"standard","meta":{"_exactmetrics_skip_tracking":false,"_exactmetrics_sitenote_active":false,"_exactmetrics_sitenote_note":"","_exactmetrics_sitenote_category":0,"jnews-multi-image_gallery":[],"jnews_single_post":{"subtitle":"Se pudo ver el \u00e9xito de la respuesta de las y los compa\u00f1eros a la convocatoria, con alto nivel de participaci\u00f3n que sigue fortaleciendo el territorio con delegados y delegadas de nuestra organizaci\u00f3n.","format":"standard","video":"","gallery":"","source_name":"","source_url":"","via_name":"","via_url":"","override_template":"0","override":[{"template":"1","single_blog_custom":"","parallax":"1","fullscreen":"1","layout":"right-sidebar","sidebar":"default-sidebar","second_sidebar":"default-sidebar","sticky_sidebar":"1","share_position":"top","share_float_style":"share-monocrhome","show_share_counter":"1","show_view_counter":"1","show_featured":"1","show_post_meta":"1","show_post_author":"1","show_post_author_image":"1","show_post_date":"1","post_date_format":"default","post_date_format_custom":"Y\/m\/d","show_post_category":"1","show_post_reading_time":"0","post_reading_time_wpm":"300","show_zoom_button":"0","zoom_button_out_step":"2","zoom_button_in_step":"3","show_post_tag":"1","show_prev_next_post":"1","show_popup_post":"1","number_popup_post":"1","show_author_box":"0","show_post_related":"0","show_inline_post_related":"0"}],"override_image_size":"0","image_override":[{"single_post_thumbnail_size":"crop-500","single_post_gallery_size":"crop-500"}],"trending_post":"0","trending_post_position":"meta","trending_post_label":"Trending","sponsored_post":"0","sponsored_post_label":"Sponsored by","sponsored_post_name":"","sponsored_post_url":"","sponsored_post_logo_enable":"0","sponsored_post_logo":"","sponsored_post_desc":"","disable_ad":"0"},"jnews_primary_category":{"id":""},"jnews_social_meta":{"fb_title":"","fb_description":"","fb_image":"","twitter_title":"","twitter_description":"","twitter_image":""},"jnews_review":[],"enable_review":"0","type":"percentage","name":"","summary":"","brand":"","sku":"","good":[{"good_text":""}],"bad":[{"bad_text":""}],"score_override":"","override_value":"","rating":[{"rating_text":"","rating_number":"10"}],"price":[{"shop":"","price":"","link":"","icon":""}],"jnews_override_counter":{"override_view_counter":"0","view_counter_number":"0","override_share_counter":"0","share_counter_number":"0","override_like_counter":"0","like_counter_number":"0","override_dislike_counter":"0","dislike_counter_number":"0"},"jnews_post_split":{"enable_post_split":"0","post_split":[{"template":"1","tag":"h2","numbering":"asc","mode":"normal","first":"0","enable_toc":"0","toc_type":"normal"}]},"footnotes":""},"categories":[20],"tags":[],"class_list":["post-35027","post","type-post","status-publish","format-standard","has-post-thumbnail","hentry","category-municipales"],"jetpack_featured_media_url":"https:\/\/atecordoba.org\/wp-content\/uploads\/2022\/12\/urna-e1670343360257.jpg","_links":{"self":[{"href":"https:\/\/atecordoba.org\/index.php?rest_route=\/wp\/v2\/posts\/35027","targetHints":{"allow":["GET"]}}],"collection":[{"href":"https:\/\/atecordoba.org\/index.php?rest_route=\/wp\/v2\/posts"}],"about":[{"href":"https:\/\/atecordoba.org\/index.php?rest_route=\/wp\/v2\/types\/post"}],"author":[{"embeddable":true,"href":"https:\/\/atecordoba.org\/index.php?rest_route=\/wp\/v2\/users\/7"}],"replies":[{"embeddable":true,"href":"https:\/\/atecordoba.org\/index.php?rest_route=%2Fwp%2Fv2%2Fcomments&post=35027"}],"version-history":[{"count":1,"href":"https:\/\/atecordoba.org\/index.php?rest_route=\/wp\/v2\/posts\/35027\/revisions"}],"predecessor-version":[{"id":35032,"href":"https:\/\/atecordoba.org\/index.php?rest_route=\/wp\/v2\/posts\/35027\/revisions\/35032"}],"wp:featuredmedia":[{"embeddable":true,"href":"https:\/\/atecordoba.org\/index.php?rest_route=\/wp\/v2\/media\/35028"}],"wp:attachment":[{"href":"https:\/\/atecordoba.org\/index.php?rest_route=%2Fwp%2Fv2%2Fmedia&parent=35027"}],"wp:term":[{"taxonomy":"category","embeddable":true,"href":"https:\/\/atecordoba.org\/index.php?rest_route=%2Fwp%2Fv2%2Fcategories&post=35027"},{"taxonomy":"post_tag","embeddable":true,"href":"https:\/\/atecordoba.org\/index.php?rest_route=%2Fwp%2Fv2%2Ftags&post=35027"}],"curies":[{"name":"wp","href":"https:\/\/api.w.org\/{rel}","templated":true}]}}