{"id":35019,"date":"2022-12-06T09:52:19","date_gmt":"2022-12-06T12:52:19","guid":{"rendered":"https:\/\/atecordoba.org\/?p=35019"},"modified":"2022-12-06T09:52:20","modified_gmt":"2022-12-06T12:52:20","slug":"nuevo-incremento-salarial-en-la-localidad-de-alejandro-roca","status":"publish","type":"post","link":"https:\/\/atecordoba.org\/?p=35019","title":{"rendered":"Nuevo incremento salarial en la localidad de Alejandro Roca"},"content":{"rendered":"\n<div class=\"wp-block-image\"><figure class=\"alignleft size-full\"><img loading=\"lazy\" decoding=\"async\" width=\"300\" height=\"168\" src=\"https:\/\/atecordoba.org\/wp-content\/uploads\/2022\/12\/alejandoroca.jpeg\" alt=\"\" class=\"wp-image-35020\" \/><\/figure><\/div>\n\n\n\n<p>Ariel Paez representante de ATE en la Municipalidad de Alejandro Roca inform\u00f3 que se acord\u00f3 un incremento del 20%, que alcanza un 75% en lo que va del a\u00f1o.<\/p>\n\n\n\n<p>El delegado local agreg\u00f3 que a\u00fan falta discutir el incremento de los meses de noviembre y diciembre que se establecer\u00e1 en funci\u00f3n de la pauta inflacionaria.<\/p>\n\n\n\n<p>Adem\u00e1s, las y los trabajadores municipales percibir\u00e1n un bono de $12000, que ser\u00e1 abonado antes de las fiestas.\u00a0<\/p>\n","protected":false},"excerpt":{"rendered":"<p>Ariel Paez representante de ATE en la Municipalidad de Alejandro Roca inform\u00f3 que se acord\u00f3 un incremento del 20%, que alcanza un 75% en lo que va del a\u00f1o. El delegado local agreg\u00f3 que a\u00fan falta discutir el incremento de los meses de noviembre y diciembre que se establecer\u00e1 en funci\u00f3n de la pauta inflacionaria. [&hellip;]<\/p>\n","protected":false},"author":7,"featured_media":35020,"comment_status":"open","ping_status":"open","sticky":false,"template":"","format":"standard","meta":{"_exactmetrics_skip_tracking":false,"_exactmetrics_sitenote_active":false,"_exactmetrics_sitenote_note":"","_exactmetrics_sitenote_category":0,"jnews-multi-image_gallery":[],"jnews_single_post":{"subtitle":"Adem\u00e1s, las y los municipales de la localidad recibir\u00e1n un bono navide\u00f1o de 12 mil pesos.","format":"standard","video":"","gallery":"","source_name":"","source_url":"","via_name":"","via_url":"","override_template":"0","override":[{"template":"1","single_blog_custom":"","parallax":"1","fullscreen":"1","layout":"right-sidebar","sidebar":"default-sidebar","second_sidebar":"default-sidebar","sticky_sidebar":"1","share_position":"top","share_float_style":"share-monocrhome","show_share_counter":"1","show_view_counter":"1","show_featured":"1","show_post_meta":"1","show_post_author":"1","show_post_author_image":"1","show_post_date":"1","post_date_format":"default","post_date_format_custom":"Y\/m\/d","show_post_category":"1","show_post_reading_time":"0","post_reading_time_wpm":"300","show_zoom_button":"0","zoom_button_out_step":"2","zoom_button_in_step":"3","show_post_tag":"1","show_prev_next_post":"1","show_popup_post":"1","number_popup_post":"1","show_author_box":"0","show_post_related":"0","show_inline_post_related":"0"}],"override_image_size":"0","image_override":[{"single_post_thumbnail_size":"crop-500","single_post_gallery_size":"crop-500"}],"trending_post":"0","trending_post_position":"meta","trending_post_label":"Trending","sponsored_post":"0","sponsored_post_label":"Sponsored by","sponsored_post_name":"","sponsored_post_url":"","sponsored_post_logo_enable":"0","sponsored_post_logo":"","sponsored_post_desc":"","disable_ad":"0"},"jnews_primary_category":{"id":""},"jnews_social_meta":{"fb_title":"","fb_description":"","fb_image":"","twitter_title":"","twitter_description":"","twitter_image":""},"jnews_review":[],"enable_review":"0","type":"percentage","name":"","summary":"","brand":"","sku":"","good":[{"good_text":""}],"bad":[{"bad_text":""}],"score_override":"","override_value":"","rating":[{"rating_text":"","rating_number":"10"}],"price":[{"shop":"","price":"","link":"","icon":""}],"jnews_override_counter":{"override_view_counter":"0","view_counter_number":"0","override_share_counter":"0","share_counter_number":"0","override_like_counter":"0","like_counter_number":"0","override_dislike_counter":"0","dislike_counter_number":"0"},"jnews_post_split":{"enable_post_split":"0","post_split":[{"template":"1","tag":"h2","numbering":"asc","mode":"normal","first":"0","enable_toc":"0","toc_type":"normal"}]},"footnotes":""},"categories":[12],"tags":[],"class_list":["post-35019","post","type-post","status-publish","format-standard","has-post-thumbnail","hentry","category-rio-cuarto"],"jetpack_featured_media_url":"https:\/\/atecordoba.org\/wp-content\/uploads\/2022\/12\/alejandoroca.jpeg","_links":{"self":[{"href":"https:\/\/atecordoba.org\/index.php?rest_route=\/wp\/v2\/posts\/35019","targetHints":{"allow":["GET"]}}],"collection":[{"href":"https:\/\/atecordoba.org\/index.php?rest_route=\/wp\/v2\/posts"}],"about":[{"href":"https:\/\/atecordoba.org\/index.php?rest_route=\/wp\/v2\/types\/post"}],"author":[{"embeddable":true,"href":"https:\/\/atecordoba.org\/index.php?rest_route=\/wp\/v2\/users\/7"}],"replies":[{"embeddable":true,"href":"https:\/\/atecordoba.org\/index.php?rest_route=%2Fwp%2Fv2%2Fcomments&post=35019"}],"version-history":[{"count":1,"href":"https:\/\/atecordoba.org\/index.php?rest_route=\/wp\/v2\/posts\/35019\/revisions"}],"predecessor-version":[{"id":35021,"href":"https:\/\/atecordoba.org\/index.php?rest_route=\/wp\/v2\/posts\/35019\/revisions\/35021"}],"wp:featuredmedia":[{"embeddable":true,"href":"https:\/\/atecordoba.org\/index.php?rest_route=\/wp\/v2\/media\/35020"}],"wp:attachment":[{"href":"https:\/\/atecordoba.org\/index.php?rest_route=%2Fwp%2Fv2%2Fmedia&parent=35019"}],"wp:term":[{"taxonomy":"category","embeddable":true,"href":"https:\/\/atecordoba.org\/index.php?rest_route=%2Fwp%2Fv2%2Fcategories&post=35019"},{"taxonomy":"post_tag","embeddable":true,"href":"https:\/\/atecordoba.org\/index.php?rest_route=%2Fwp%2Fv2%2Ftags&post=35019"}],"curies":[{"name":"wp","href":"https:\/\/api.w.org\/{rel}","templated":true}]}}