{"id":35007,"date":"2022-12-02T15:28:57","date_gmt":"2022-12-02T18:28:57","guid":{"rendered":"https:\/\/atecordoba.org\/?p=35007"},"modified":"2022-12-05T10:45:23","modified_gmt":"2022-12-05T13:45:23","slug":"ate-cerro-paritarias-municipales-en-tres-localidades-del-sur-provincial","status":"publish","type":"post","link":"https:\/\/atecordoba.org\/?p=35007","title":{"rendered":"ATE cerr\u00f3 paritarias municipales en tres localidades del sur provincial"},"content":{"rendered":"\n<div class=\"wp-block-image\"><figure class=\"aligncenter size-large is-resized\"><img loading=\"lazy\" decoding=\"async\" src=\"https:\/\/atecordoba.org\/wp-content\/uploads\/2022\/12\/IMG-20221201-WA0224-1024x768.jpg\" alt=\"\" class=\"wp-image-35008\" width=\"768\" height=\"576\" srcset=\"https:\/\/atecordoba.org\/wp-content\/uploads\/2022\/12\/IMG-20221201-WA0224-1024x768.jpg 1024w, https:\/\/atecordoba.org\/wp-content\/uploads\/2022\/12\/IMG-20221201-WA0224-300x225.jpg 300w, https:\/\/atecordoba.org\/wp-content\/uploads\/2022\/12\/IMG-20221201-WA0224-768x576.jpg 768w, https:\/\/atecordoba.org\/wp-content\/uploads\/2022\/12\/IMG-20221201-WA0224-1536x1152.jpg 1536w, https:\/\/atecordoba.org\/wp-content\/uploads\/2022\/12\/IMG-20221201-WA0224-750x563.jpg 750w, https:\/\/atecordoba.org\/wp-content\/uploads\/2022\/12\/IMG-20221201-WA0224-1140x855.jpg 1140w, https:\/\/atecordoba.org\/wp-content\/uploads\/2022\/12\/IMG-20221201-WA0224.jpg 1600w\" sizes=\"auto, (max-width: 768px) 100vw, 768px\" \/><figcaption>Audiencia en Adelia Mar\u00eda. <\/figcaption><\/figure><\/div>\n\n\n\n<p>La seccional ATE Adelia Mar\u00eda cerr\u00f3 paritarias municipales de las localidades de Ital\u00f3 , Del Campillo y Adel\u00eda Mar\u00eda. <\/p>\n\n\n\n<p>En el caso de Ital\u00f3 se acord\u00f3 un aumento salarial de 10% no remunerativo en noviembre, que pasa al b\u00e1sico en enero. Ese mes se suma otro 10% no remunerativo, que se suma la b\u00e1sico en febrero. Adem\u00e1s, se pagar\u00e1 un bono navide\u00f1o de 15 mil pesos. Estuvo presente en representaci\u00f3n de ATE la delegada municipal Vilma Suarez. En tanto el Ejecutivo estuvo representado por Emanuel Sosa Scalzeri<\/p>\n\n\n\n<p>Por su parte, en la localidad de Del Campillo se acordaron 20 recategorizaciones y dos pase a planta permanente, un bono de 20 mil pesos a pagar a fin de a\u00f1o y un aumento del 15% a partir de enero. Participaron de la audiencia la Intendenta Ana Mar\u00eda Zanotto y la secretaria de Gobierno Carla Villanova, en tanto por ATE estuvo presente la delegada Beba Jaime.<\/p>\n\n\n\n<p>Por \u00faltimo, en la ciudad de Adelia Mar\u00eda se realiz\u00f3 un audiencia con el intendente Jorge Marino y el secretario de Gobierno Flavio Biotti, mientras por ATE Diego Villegas y las delegadas Agustina Ira\u00f1eta y Carlos Montero. En la oportunidad se acord\u00f3 el pago de un bono navide\u00f1o de 10 mil pesos y recategorizaci\u00f3n del personal. <\/p>\n\n\n\n<p>Vale se\u00f1alar que tanto en Ital\u00f3 como en Adelia Mar\u00eda ATE present\u00f3 el proyecto de carrera administrativa para el personal de salud municipal.<\/p>\n\n\n\n<figure class=\"wp-block-gallery has-nested-images columns-default is-cropped wp-block-gallery-1 is-layout-flex wp-block-gallery-is-layout-flex\">\n<figure class=\"wp-block-image size-large\"><img loading=\"lazy\" decoding=\"async\" width=\"512\" height=\"1024\" data-id=\"35010\" src=\"https:\/\/atecordoba.org\/wp-content\/uploads\/2022\/12\/IMG-20221201-WA0295-512x1024.jpg\" alt=\"\" class=\"wp-image-35010\" srcset=\"https:\/\/atecordoba.org\/wp-content\/uploads\/2022\/12\/IMG-20221201-WA0295-512x1024.jpg 512w, https:\/\/atecordoba.org\/wp-content\/uploads\/2022\/12\/IMG-20221201-WA0295-150x300.jpg 150w, https:\/\/atecordoba.org\/wp-content\/uploads\/2022\/12\/IMG-20221201-WA0295.jpg 640w\" sizes=\"auto, (max-width: 512px) 100vw, 512px\" \/><\/figure>\n\n\n\n<figure class=\"wp-block-image size-large\"><img loading=\"lazy\" decoding=\"async\" width=\"768\" height=\"1024\" data-id=\"35011\" src=\"https:\/\/atecordoba.org\/wp-content\/uploads\/2022\/12\/IMG-20221201-WA0223-768x1024.jpg\" alt=\"\" class=\"wp-image-35011\" srcset=\"https:\/\/atecordoba.org\/wp-content\/uploads\/2022\/12\/IMG-20221201-WA0223-768x1024.jpg 768w, https:\/\/atecordoba.org\/wp-content\/uploads\/2022\/12\/IMG-20221201-WA0223-225x300.jpg 225w, https:\/\/atecordoba.org\/wp-content\/uploads\/2022\/12\/IMG-20221201-WA0223-1152x1536.jpg 1152w, https:\/\/atecordoba.org\/wp-content\/uploads\/2022\/12\/IMG-20221201-WA0223-750x1000.jpg 750w, https:\/\/atecordoba.org\/wp-content\/uploads\/2022\/12\/IMG-20221201-WA0223-1140x1520.jpg 1140w, https:\/\/atecordoba.org\/wp-content\/uploads\/2022\/12\/IMG-20221201-WA0223.jpg 1200w\" sizes=\"auto, (max-width: 768px) 100vw, 768px\" \/><\/figure>\n\n\n\n<figure class=\"wp-block-image size-large\"><img loading=\"lazy\" decoding=\"async\" width=\"576\" height=\"1024\" data-id=\"35009\" src=\"https:\/\/atecordoba.org\/wp-content\/uploads\/2022\/12\/IMG-20221201-WA0269-576x1024.jpg\" alt=\"\" class=\"wp-image-35009\" srcset=\"https:\/\/atecordoba.org\/wp-content\/uploads\/2022\/12\/IMG-20221201-WA0269-576x1024.jpg 576w, https:\/\/atecordoba.org\/wp-content\/uploads\/2022\/12\/IMG-20221201-WA0269-169x300.jpg 169w, https:\/\/atecordoba.org\/wp-content\/uploads\/2022\/12\/IMG-20221201-WA0269-768x1366.jpg 768w, https:\/\/atecordoba.org\/wp-content\/uploads\/2022\/12\/IMG-20221201-WA0269-864x1536.jpg 864w, https:\/\/atecordoba.org\/wp-content\/uploads\/2022\/12\/IMG-20221201-WA0269-750x1334.jpg 750w, https:\/\/atecordoba.org\/wp-content\/uploads\/2022\/12\/IMG-20221201-WA0269.jpg 899w\" sizes=\"auto, (max-width: 576px) 100vw, 576px\" \/><\/figure>\n<\/figure>\n","protected":false},"excerpt":{"rendered":"<p>La seccional ATE Adelia Mar\u00eda cerr\u00f3 paritarias municipales de las localidades de Ital\u00f3 , Del Campillo y Adel\u00eda Mar\u00eda. En el caso de Ital\u00f3 se acord\u00f3 un aumento salarial de 10% no remunerativo en noviembre, que pasa al b\u00e1sico en enero. Ese mes se suma otro 10% no remunerativo, que se suma la b\u00e1sico en [&hellip;]<\/p>\n","protected":false},"author":7,"featured_media":35012,"comment_status":"open","ping_status":"open","sticky":false,"template":"","format":"standard","meta":{"_exactmetrics_skip_tracking":false,"_exactmetrics_sitenote_active":false,"_exactmetrics_sitenote_note":"","_exactmetrics_sitenote_category":0,"jnews-multi-image_gallery":[],"jnews_single_post":{"subtitle":"Se acordaron bonos navide\u00f1os y recomposiciones salariales. Adem\u00e1s, ATE entreg\u00f3 proyectos de carrera administrativa en Adelia Mar\u00eda e Ital\u00f3","format":"standard","video":"","gallery":"","source_name":"","source_url":"","via_name":"","via_url":"","override_template":"0","override":[{"template":"1","single_blog_custom":"","parallax":"1","fullscreen":"1","layout":"right-sidebar","sidebar":"default-sidebar","second_sidebar":"default-sidebar","sticky_sidebar":"1","share_position":"top","share_float_style":"share-monocrhome","show_share_counter":"1","show_view_counter":"1","show_featured":"1","show_post_meta":"1","show_post_author":"1","show_post_author_image":"1","show_post_date":"1","post_date_format":"default","post_date_format_custom":"Y\/m\/d","show_post_category":"1","show_post_reading_time":"0","post_reading_time_wpm":"300","show_zoom_button":"0","zoom_button_out_step":"2","zoom_button_in_step":"3","show_post_tag":"1","show_prev_next_post":"1","show_popup_post":"1","number_popup_post":"1","show_author_box":"0","show_post_related":"0","show_inline_post_related":"0"}],"override_image_size":"0","image_override":[{"single_post_thumbnail_size":"crop-500","single_post_gallery_size":"crop-500"}],"trending_post":"0","trending_post_position":"meta","trending_post_label":"Trending","sponsored_post":"0","sponsored_post_label":"Sponsored by","sponsored_post_name":"","sponsored_post_url":"","sponsored_post_logo_enable":"0","sponsored_post_logo":"","sponsored_post_desc":"","disable_ad":"0"},"jnews_primary_category":{"id":""},"jnews_social_meta":{"fb_title":"","fb_description":"","fb_image":"","twitter_title":"","twitter_description":"","twitter_image":""},"jnews_review":[],"enable_review":"0","type":"percentage","name":"","summary":"","brand":"","sku":"","good":[{"good_text":""}],"bad":[{"bad_text":""}],"score_override":"","override_value":"","rating":[{"rating_text":"","rating_number":"10"}],"price":[{"shop":"","price":"","link":"","icon":""}],"jnews_override_counter":{"override_view_counter":"0","view_counter_number":"0","override_share_counter":"0","share_counter_number":"0","override_like_counter":"0","like_counter_number":"0","override_dislike_counter":"0","dislike_counter_number":"0"},"jnews_post_split":{"enable_post_split":"0","post_split":[{"template":"1","tag":"h2","numbering":"asc","mode":"normal","first":"0","enable_toc":"0","toc_type":"normal"}]},"footnotes":""},"categories":[149,20],"tags":[],"class_list":["post-35007","post","type-post","status-publish","format-standard","has-post-thumbnail","hentry","category-adelia-maria","category-municipales"],"jetpack_featured_media_url":"https:\/\/atecordoba.org\/wp-content\/uploads\/2022\/12\/adeliamaria-e1670005731130.jpg","_links":{"self":[{"href":"https:\/\/atecordoba.org\/index.php?rest_route=\/wp\/v2\/posts\/35007","targetHints":{"allow":["GET"]}}],"collection":[{"href":"https:\/\/atecordoba.org\/index.php?rest_route=\/wp\/v2\/posts"}],"about":[{"href":"https:\/\/atecordoba.org\/index.php?rest_route=\/wp\/v2\/types\/post"}],"author":[{"embeddable":true,"href":"https:\/\/atecordoba.org\/index.php?rest_route=\/wp\/v2\/users\/7"}],"replies":[{"embeddable":true,"href":"https:\/\/atecordoba.org\/index.php?rest_route=%2Fwp%2Fv2%2Fcomments&post=35007"}],"version-history":[{"count":4,"href":"https:\/\/atecordoba.org\/index.php?rest_route=\/wp\/v2\/posts\/35007\/revisions"}],"predecessor-version":[{"id":35018,"href":"https:\/\/atecordoba.org\/index.php?rest_route=\/wp\/v2\/posts\/35007\/revisions\/35018"}],"wp:featuredmedia":[{"embeddable":true,"href":"https:\/\/atecordoba.org\/index.php?rest_route=\/wp\/v2\/media\/35012"}],"wp:attachment":[{"href":"https:\/\/atecordoba.org\/index.php?rest_route=%2Fwp%2Fv2%2Fmedia&parent=35007"}],"wp:term":[{"taxonomy":"category","embeddable":true,"href":"https:\/\/atecordoba.org\/index.php?rest_route=%2Fwp%2Fv2%2Fcategories&post=35007"},{"taxonomy":"post_tag","embeddable":true,"href":"https:\/\/atecordoba.org\/index.php?rest_route=%2Fwp%2Fv2%2Ftags&post=35007"}],"curies":[{"name":"wp","href":"https:\/\/api.w.org\/{rel}","templated":true}]}}