{"id":3500,"date":"2013-11-01T18:38:55","date_gmt":"2013-11-01T21:38:55","guid":{"rendered":"http:\/\/www.atecordoba.org\/?p=3500"},"modified":"2013-11-01T18:38:55","modified_gmt":"2013-11-01T21:38:55","slug":"colapso-de-la-salud-caida-de-techos-e-inundacion-en-el-hospital-cordoba","status":"publish","type":"post","link":"https:\/\/atecordoba.org\/?p=3500","title":{"rendered":"Colapso de la salud: ca\u00edda de techos e inundaci\u00f3n en el Hospital C\u00f3rdoba"},"content":{"rendered":"<p><em>Siete cirug\u00edas programadas debieron suspenderse hoy debido a la inundaci\u00f3n que se produjo en distintas \u00e1reas del Quir\u00f3fano Central. Esta situaci\u00f3n se produjo a consecuencia de las lluvias que cayeron en la ciudad, pero tienen larga data y fueron denunciadas por ATE en su momento. El hospital fue objeto de una importante inversi\u00f3n en infraestructura pero obras mal realizadas ponen en riesgo la salud de los pacientes. El Instituto del Quemado tambi\u00e9n sufri\u00f3 inconvenientes.\u00a0<\/em><\/p>\n<figure id=\"attachment_3502\" aria-describedby=\"caption-attachment-3502\" style=\"width: 553px\" class=\"wp-caption aligncenter\"><a href=\"http:\/\/www.atecordoba.org\/wp-content\/uploads\/2013\/11\/pasillo-de-ingreso-quirofanos-de-cirugia-5.jpg\"><img loading=\"lazy\" decoding=\"async\" class=\" wp-image-3502\" alt=\"pasillo de ingreso quirofanos de cirugia 5\" src=\"http:\/\/www.atecordoba.org\/wp-content\/uploads\/2013\/11\/pasillo-de-ingreso-quirofanos-de-cirugia-5.jpg\" width=\"553\" height=\"737\" \/><\/a><figcaption id=\"caption-attachment-3502\" class=\"wp-caption-text\">Aguas servidas en el Quir\u00f3fano Central del Hospital Cordoba<\/figcaption><\/figure>\n<p>Seg\u00fan pudieron constatar esta ma\u00f1ana compa\u00f1eros de ATE, el Hospital C\u00f3rdoba sufri\u00f3 varias ca\u00eddas de cielos rasos en distintos sectores del Quir\u00f3fano Central, durante el turno noche:<\/p>\n<ul>\n<li>Se cayeron los cielos rasos del pasillo central de circulaci\u00f3n externa, inundando completamente el \u00e1rea, que qued\u00f3 intransitable.<\/li>\n<li>En el pasillo principal del \u00e1rea restringida, tambi\u00e9n se cay\u00f3 el cielo raso, derram\u00e1ndose agua servida de tinte verde marron, que inund\u00f3 el \u00e1rea, aparentemente se trata de escrementos de paloma.<\/li>\n<li>De la misma forma, en la sala de material est\u00e9ril, donde se realiza el deposito de cajas y ropa, se filtr\u00f3 agua de los techos, contaminando el material.<\/li>\n<li>En la sala N\u00b0 3, que tiene por objeto intervenciones de tipo cardiovascular y de trasplante, se filtr\u00f3 agua de desag\u00fce\u00a0por las paredes \u00a0que contamin\u00f3 el sector.<\/li>\n<li>En el pasillo frente a dicha sala 3 se cay\u00f3 el cielo raso por la ca\u00edda de agua, aparentemente del sistema de aire acondicionado, que tambi\u00e9n contamin\u00f3 el sector.<\/li>\n<li>Adem\u00e1s, la sala N\u00b02 se encuentra inhabilitada hace 15 d\u00edas por rotura de ca\u00f1o de desag\u00fce de la Central de Esterilizaci\u00f3n, que ocasion\u00f3 rotura del cielo raso y contaminaci\u00f3n, situaci\u00f3n que se produjo durante una intervenci\u00f3n quir\u00fargica.<\/li>\n<\/ul>\n<p>Esta situaci\u00f3n es de extrema gravedad al no estar garantizada la bioseguridad que ya oblig\u00f3 hoy a la suspensi\u00f3n de siete cirug\u00edas programadas, m\u00e1s las urgencias que pudieran presentarse. En consecuencia\u00a0se expone a los trabajadores a situaciones de riesgo profesional, \u00e9tico, moral y legal, al mismo tiempo que se compromete la vida de los pacientes.<\/p>\n<h2>Instituto del Quemado<\/h2>\n<p>En dicha instituci\u00f3n la sala N\u00b04 de Terapia Intensiva sufri\u00f3 una \u00a0ca\u00edda de agua desde el \u00a0cielo raso que moj\u00f3 tablero donde est\u00e1n todos los artefactos conectados como el respirador, ox\u00edgeno, aspiraci\u00f3n central, entre otros, en momentos que se encontraba un paciente intubado.<\/p>\n<p><a href=\"http:\/\/www.atecordoba.org\/wp-content\/uploads\/2013\/11\/pasillo-de-ingreso-quirofanos-de-cirugia-4-e1383341704498.jpg\"><img loading=\"lazy\" decoding=\"async\" class=\"size-full wp-image-3503 alignleft\" alt=\"pasillo de ingreso quirofanos de cirugia 4\" src=\"http:\/\/www.atecordoba.org\/wp-content\/uploads\/2013\/11\/pasillo-de-ingreso-quirofanos-de-cirugia-4-e1383341704498.jpg\" width=\"400\" height=\"300\" \/><\/a><\/p>\n<p><a href=\"http:\/\/www.atecordoba.org\/wp-content\/uploads\/2013\/11\/pasillo-de-ingreso-quirofanos-de-cirugia-2-e1383341856822.jpg\"><img loading=\"lazy\" decoding=\"async\" class=\"aligncenter size-full wp-image-3506\" alt=\"pasillo de ingreso quirofanos de cirugia 2\" src=\"http:\/\/www.atecordoba.org\/wp-content\/uploads\/2013\/11\/pasillo-de-ingreso-quirofanos-de-cirugia-2-e1383341856822.jpg\" width=\"300\" height=\"400\" \/><\/a> <a href=\"http:\/\/www.atecordoba.org\/wp-content\/uploads\/2013\/11\/pasillo-de-ingreso-quirofanos-de-cirugia-3-e1383341826100.jpg\"><img loading=\"lazy\" decoding=\"async\" class=\"aligncenter size-full wp-image-3505\" alt=\"pasillo de ingreso quirofanos de cirugia 3\" src=\"http:\/\/www.atecordoba.org\/wp-content\/uploads\/2013\/11\/pasillo-de-ingreso-quirofanos-de-cirugia-3-e1383341826100.jpg\" width=\"300\" height=\"400\" \/><\/a> <a href=\"http:\/\/www.atecordoba.org\/wp-content\/uploads\/2013\/11\/pasillo-de-ingreso-quirofanos-de-cirugia-1.jpg\"><img loading=\"lazy\" decoding=\"async\" class=\"aligncenter size-full wp-image-3504\" alt=\"pasillo de ingreso quirofanos de cirugia 1\" src=\"http:\/\/www.atecordoba.org\/wp-content\/uploads\/2013\/11\/pasillo-de-ingreso-quirofanos-de-cirugia-1-e1383341800645.jpg\" width=\"300\" height=\"400\" \/><\/a><\/p>\n","protected":false},"excerpt":{"rendered":"<p>Siete cirug\u00edas programadas debieron suspenderse hoy debido a la inundaci\u00f3n que se produjo en distintas \u00e1reas del Quir\u00f3fano Central. Esta situaci\u00f3n se produjo a consecuencia de las lluvias que cayeron en la ciudad, pero tienen larga data y fueron denunciadas por ATE en su momento. El hospital fue objeto de una importante inversi\u00f3n en infraestructura [&hellip;]<\/p>\n","protected":false},"author":1,"featured_media":19220,"comment_status":"open","ping_status":"open","sticky":false,"template":"","format":"standard","meta":{"_exactmetrics_skip_tracking":false,"_exactmetrics_sitenote_active":false,"_exactmetrics_sitenote_note":"","_exactmetrics_sitenote_category":0,"jnews-multi-image_gallery":[],"jnews_single_post":[],"jnews_primary_category":[],"jnews_social_meta":[],"jnews_review":[],"enable_review":"","type":"","name":"","summary":"","brand":"","sku":"","good":[],"bad":[],"score_override":"","override_value":"","rating":[],"price":[],"jnews_override_counter":[],"jnews_post_split":[],"footnotes":""},"categories":[53,7,8],"tags":[],"class_list":["post-3500","post","type-post","status-publish","format-standard","has-post-thumbnail","hentry","category-comunicados-de-prensa","category-hospitales","category-provinciales"],"jetpack_featured_media_url":"https:\/\/atecordoba.org\/wp-content\/uploads\/2020\/05\/logo-nuevochico-e1561581322808.png","_links":{"self":[{"href":"https:\/\/atecordoba.org\/index.php?rest_route=\/wp\/v2\/posts\/3500","targetHints":{"allow":["GET"]}}],"collection":[{"href":"https:\/\/atecordoba.org\/index.php?rest_route=\/wp\/v2\/posts"}],"about":[{"href":"https:\/\/atecordoba.org\/index.php?rest_route=\/wp\/v2\/types\/post"}],"author":[{"embeddable":true,"href":"https:\/\/atecordoba.org\/index.php?rest_route=\/wp\/v2\/users\/1"}],"replies":[{"embeddable":true,"href":"https:\/\/atecordoba.org\/index.php?rest_route=%2Fwp%2Fv2%2Fcomments&post=3500"}],"version-history":[{"count":0,"href":"https:\/\/atecordoba.org\/index.php?rest_route=\/wp\/v2\/posts\/3500\/revisions"}],"wp:featuredmedia":[{"embeddable":true,"href":"https:\/\/atecordoba.org\/index.php?rest_route=\/wp\/v2\/media\/19220"}],"wp:attachment":[{"href":"https:\/\/atecordoba.org\/index.php?rest_route=%2Fwp%2Fv2%2Fmedia&parent=3500"}],"wp:term":[{"taxonomy":"category","embeddable":true,"href":"https:\/\/atecordoba.org\/index.php?rest_route=%2Fwp%2Fv2%2Fcategories&post=3500"},{"taxonomy":"post_tag","embeddable":true,"href":"https:\/\/atecordoba.org\/index.php?rest_route=%2Fwp%2Fv2%2Ftags&post=3500"}],"curies":[{"name":"wp","href":"https:\/\/api.w.org\/{rel}","templated":true}]}}