{"id":3497,"date":"2013-10-30T16:09:12","date_gmt":"2013-10-30T19:09:12","guid":{"rendered":"http:\/\/www.atecordoba.org\/?p=3497"},"modified":"2013-10-30T16:09:12","modified_gmt":"2013-10-30T19:09:12","slug":"manana-nueva-jornada-de-protesta-en-los-hospitales-publicos","status":"publish","type":"post","link":"https:\/\/atecordoba.org\/?p=3497","title":{"rendered":"Ma\u00f1ana, nueva jornada de protesta en los hospitales p\u00fablicos"},"content":{"rendered":"<p><em>El plenario de delegados de ATE -sector salud- resolvi\u00f3\u00a0ayer\u00a0realizar una jornada de protesta ma\u00f1ana jueves\u00a031 de octubre, con abandono de tareas a las 9 horas y concentraci\u00f3n en el Polo Sanitario, a las 10.\u00a0<\/em><\/p>\n<p style=\"text-align: center;\"><img loading=\"lazy\" decoding=\"async\" class=\"ngg-singlepic ngg-center aligncenter\" alt=\"100_6928\" src=\"http:\/\/www.atecordoba.org\/wp-content\/gallery\/paro-hospitales-17-10-2013\/100_6928.jpg\" width=\"615\" height=\"461\" \/><\/p>\n<p>La medida se lleva a cabo en continuidad del plan de lucha que los trabajadores del sistema hospitalario desarrollan desde septiembre pasado, en reclamo de una recomposici\u00f3n salarial que equipare el salario inicial con la canasta familiar, el pase a planta permanente de contratados y monotributos, la reparaci\u00f3n y mantenimiento de la aparatolog\u00eda fuera de uso e insumos y medicamentos para atender a los pacientes.<\/p>\n<p>De esta forma, los trabajadores desmienten en la pr\u00e1ctica, las acusaciones del gobernador De la Sota, que pretendi\u00f3 deslegitimar los justos reclamos, ubic\u00e1ndolos dentro de la l\u00f3gica electoral o adjudic\u00e1ndolos a determinados partidos pol\u00edticos que participaron de la pugna eleccionaria del\u00a0domingo pasado.<\/p>\n<p>Muy lejos de ello, y en la perspectiva del debate que se viene en la Legislatura por el Presupuesto de 2014, donde la inversi\u00f3n estatal en el sistema sanitario debe obtener los fondos necesarios para su funcionamiento, los hospitales de C\u00f3rdoba seguir\u00e1n movilizados en defensa del salario y las condiciones de trabajo, para recuperar el sistema de salud p\u00fablico que el pueblo de C\u00f3rdoba se merece.<\/p>\n","protected":false},"excerpt":{"rendered":"<p>El plenario de delegados de ATE -sector salud- resolvi\u00f3\u00a0ayer\u00a0realizar una jornada de protesta ma\u00f1ana jueves\u00a031 de octubre, con abandono de tareas a las 9 horas y concentraci\u00f3n en el Polo Sanitario, a las 10.\u00a0 La medida se lleva a cabo en continuidad del plan de lucha que los trabajadores del sistema hospitalario desarrollan desde septiembre [&hellip;]<\/p>\n","protected":false},"author":1,"featured_media":19220,"comment_status":"open","ping_status":"open","sticky":false,"template":"","format":"standard","meta":{"_exactmetrics_skip_tracking":false,"_exactmetrics_sitenote_active":false,"_exactmetrics_sitenote_note":"","_exactmetrics_sitenote_category":0,"jnews-multi-image_gallery":[],"jnews_single_post":[],"jnews_primary_category":[],"jnews_social_meta":[],"jnews_review":[],"enable_review":"","type":"","name":"","summary":"","brand":"","sku":"","good":[],"bad":[],"score_override":"","override_value":"","rating":[],"price":[],"jnews_override_counter":[],"jnews_post_split":[],"footnotes":""},"categories":[53,7,8],"tags":[],"class_list":["post-3497","post","type-post","status-publish","format-standard","has-post-thumbnail","hentry","category-comunicados-de-prensa","category-hospitales","category-provinciales"],"jetpack_featured_media_url":"https:\/\/atecordoba.org\/wp-content\/uploads\/2020\/05\/logo-nuevochico-e1561581322808.png","_links":{"self":[{"href":"https:\/\/atecordoba.org\/index.php?rest_route=\/wp\/v2\/posts\/3497","targetHints":{"allow":["GET"]}}],"collection":[{"href":"https:\/\/atecordoba.org\/index.php?rest_route=\/wp\/v2\/posts"}],"about":[{"href":"https:\/\/atecordoba.org\/index.php?rest_route=\/wp\/v2\/types\/post"}],"author":[{"embeddable":true,"href":"https:\/\/atecordoba.org\/index.php?rest_route=\/wp\/v2\/users\/1"}],"replies":[{"embeddable":true,"href":"https:\/\/atecordoba.org\/index.php?rest_route=%2Fwp%2Fv2%2Fcomments&post=3497"}],"version-history":[{"count":0,"href":"https:\/\/atecordoba.org\/index.php?rest_route=\/wp\/v2\/posts\/3497\/revisions"}],"wp:featuredmedia":[{"embeddable":true,"href":"https:\/\/atecordoba.org\/index.php?rest_route=\/wp\/v2\/media\/19220"}],"wp:attachment":[{"href":"https:\/\/atecordoba.org\/index.php?rest_route=%2Fwp%2Fv2%2Fmedia&parent=3497"}],"wp:term":[{"taxonomy":"category","embeddable":true,"href":"https:\/\/atecordoba.org\/index.php?rest_route=%2Fwp%2Fv2%2Fcategories&post=3497"},{"taxonomy":"post_tag","embeddable":true,"href":"https:\/\/atecordoba.org\/index.php?rest_route=%2Fwp%2Fv2%2Ftags&post=3497"}],"curies":[{"name":"wp","href":"https:\/\/api.w.org\/{rel}","templated":true}]}}