{"id":34967,"date":"2022-12-02T10:00:32","date_gmt":"2022-12-02T13:00:32","guid":{"rendered":"https:\/\/atecordoba.org\/?p=34967"},"modified":"2022-12-02T10:03:23","modified_gmt":"2022-12-02T13:03:23","slug":"protocolo-contra-la-violencia-de-genero-ate-cambio-estamos-en-otro-proceso-politico-y-ya-no-se-grita-ni-se-insulta-a-las-companeras","status":"publish","type":"post","link":"https:\/\/atecordoba.org\/?p=34967","title":{"rendered":"Protocolo contra la violencia de g\u00e9nero: &#8220;ATE cambi\u00f3, estamos en otro proceso pol\u00edtico y ya no se grita ni se insulta a las compa\u00f1eras&#8221;"},"content":{"rendered":"\n<div class=\"wp-block-image\"><figure class=\"alignleft size-large is-resized\"><img loading=\"lazy\" decoding=\"async\" src=\"https:\/\/atecordoba.org\/wp-content\/uploads\/2022\/12\/20221201_142352-2-768x1024.jpg\" alt=\"\" class=\"wp-image-34970\" width=\"576\" height=\"768\" srcset=\"https:\/\/atecordoba.org\/wp-content\/uploads\/2022\/12\/20221201_142352-2-768x1024.jpg 768w, https:\/\/atecordoba.org\/wp-content\/uploads\/2022\/12\/20221201_142352-2-225x300.jpg 225w, https:\/\/atecordoba.org\/wp-content\/uploads\/2022\/12\/20221201_142352-2-1152x1536.jpg 1152w, https:\/\/atecordoba.org\/wp-content\/uploads\/2022\/12\/20221201_142352-2-1536x2048.jpg 1536w, https:\/\/atecordoba.org\/wp-content\/uploads\/2022\/12\/20221201_142352-2-750x1000.jpg 750w, https:\/\/atecordoba.org\/wp-content\/uploads\/2022\/12\/20221201_142352-2-1140x1520.jpg 1140w, https:\/\/atecordoba.org\/wp-content\/uploads\/2022\/12\/20221201_142352-2-scaled.jpg 1920w\" sizes=\"auto, (max-width: 576px) 100vw, 576px\" \/><figcaption>La riocuartense Gabriela Alcoba.<\/figcaption><\/figure><\/div>\n\n\n\n<p>A partir de la aprobaci\u00f3n en el Consejo Directivo Nacional (CDN) del Protocolo Nacional contra las Violencias de G\u00e9nero, que se realiz\u00f3 el pasado 25 de noviembre, ATE tiene una nueva herramienta para propiciar ambientes de trabajo y militancia libres de violencia dentro de nuestra organizaci\u00f3n.<\/p>\n\n\n\n<p>Desde el Consejo Directivo Provincial de ATE C\u00f3rdoba, que realiz\u00f3 importantes aportes para dotar de elementos al Protocolo, la directora del Departamento de G\u00e9neros y Diversidades Gabriela Alcoba, dio una mirada  sobre el proceso de elaboraci\u00f3n del instrumento y su modo de aplicaci\u00f3n, tanto en el \u00e1mbito de acci\u00f3n interna de dirigentes y afiliados como para el personal.<\/p>\n\n\n\n<p>&#8220;El protocolo se viene trabajando desde la pandemia, tomando como base el que est\u00e1 en vigencia en la CTA y otro que ya hay en la seccional de ATE Rosario. Se pens\u00f3 en implementar un protocolo nacional porque en algunas provincias hay mucha resistencia a su aprobaci\u00f3n. La discusi\u00f3n en la Mesa Federal de G\u00e9nero fue que necesit\u00e1bamos una herramienta que nos sirva para todo el pa\u00eds&#8221;, explic\u00f3 Aloba.<\/p>\n\n\n\n<p>La dirigente dijo que en el caso de C\u00f3rdoba se viene trabajando una versi\u00f3n local aunque todav\u00eda no est\u00e1 terminada. &#8220;Pero nos sirvi\u00f3 para hacer aportes que est\u00e1n dentro del protocolo nacional&#8221;, agrega Alcoba.<\/p>\n\n\n\n<p><strong>Gran avance<\/strong><\/p>\n\n\n\n<p>La directora del Departamento considera que la nueva herramienta &#8220;es fundamental para nuestra instituci\u00f3n, es un hecho pol\u00edtico importante. Ya venimos de la modificaci\u00f3n del Estatuto, lo que nos da una ampliaci\u00f3n de derechos&#8221;.<\/p>\n\n\n\n<p>Se\u00f1ala que este protocolo tiene un sentido preventivo, basado en la Ley Micaela Sindical y el convenio de la OIT. <\/p>\n\n\n\n<p>&#8220;Vamos a trabajar para prevenir, sabiendo que nuestro sindicato tiene particularidades, con una estructura que en ocasiones deriva en verticalista y muchas veces con rasgos machistas. Todo se mueve en la direcci\u00f3n de tener ambientes de trabajo y de militancia libres de violencia para las mujeres y diversidades&#8221;, asegur\u00f3. Y remarc\u00f3 que el protocolo abarca y protege tambi\u00e9n a las y los empleados del gremio.<\/p>\n\n\n\n<p><strong>Cambio de \u00e9poca<\/strong><\/p>\n\n\n\n<p>Alcoba sostiene que este gran paso expresa un cambio de \u00e9poca donde el feminismo aporta una mirada distinta y una manera de hacer las cosas que est\u00e1 contemplado en el proyecto pol\u00edtico de construcci\u00f3n de la organizaci\u00f3n sindical para las y los estatales, en base a formas de comportamiento que dejan atr\u00e1s viejas conductas, perimidas en los tiempos que corren. <\/p>\n\n\n\n<p>&#8220;Sin ir m\u00e1s lejos, en nuestro CDP hemos tenido que escuchar que en ATE se grita, se discute fuerte, cuando en realidad algunas compa\u00f1eras ven\u00edamos planteando que queremos reuniones libres de violencia. Queremos participar sin que un compa\u00f1ero te insulte o te grite, algo que estaba normalizado en la estructura del sindicato. Ahora estamos en otro proceso&#8221;, resume.<\/p>\n\n\n\n<p><strong>Mec\u00e1nica<\/strong><\/p>\n\n\n\n<p>La dirigente explica que la nueva herramienta apunta a prevenir situaciones para no llegar a hechos de violencia dentro de ATE. <\/p>\n\n\n\n<p>Respecto a c\u00f3mo se aplica, dice que &#8220;se va a evacuar todo a trav\u00e9s de un mail institucional para que las denuncias no anden circulando, que todos las vean y sean realmente confidenciales. Se establece el funcionamiento de un comit\u00e9 nacional y despu\u00e9s cada provincia podr\u00e1 tener su propio comit\u00e9. Nosotros tenemos departamento y lo que hay que tener es un comit\u00e9, donde se eval\u00fae la denuncia y se eleve institucionalmente para determinar si corresponde o no hacer un dictamen para trasladarlo a la Secretar\u00eda General&#8221;.<\/p>\n\n\n\n<p>&#8220;La herramienta est\u00e1 y ahora debemos trabajar para plasmarla en la pr\u00e1ctica&#8221;, celebra Alcoba.<\/p>\n","protected":false},"excerpt":{"rendered":"<p>A partir de la aprobaci\u00f3n en el Consejo Directivo Nacional (CDN) del Protocolo Nacional contra las Violencias de G\u00e9nero, que se realiz\u00f3 el pasado 25 de noviembre, ATE tiene una nueva herramienta para propiciar ambientes de trabajo y militancia libres de violencia dentro de nuestra organizaci\u00f3n. Desde el Consejo Directivo Provincial de ATE C\u00f3rdoba, que [&hellip;]<\/p>\n","protected":false},"author":7,"featured_media":34974,"comment_status":"open","ping_status":"open","sticky":false,"template":"","format":"standard","meta":{"_exactmetrics_skip_tracking":false,"_exactmetrics_sitenote_active":false,"_exactmetrics_sitenote_note":"","_exactmetrics_sitenote_category":0,"jnews-multi-image_gallery":[],"jnews_single_post":{"subtitle":"La directora del Departamento de G\u00e9neros y Diversidades, Gabriela Alcoba, dio detalles y una perspectiva desde C\u00f3rdoba sobre el Protocolo aprobado la semana pasada.","format":"standard","video":"","gallery":"","source_name":"","source_url":"","via_name":"","via_url":"","override_template":"0","override":[{"template":"1","single_blog_custom":"","parallax":"1","fullscreen":"1","layout":"right-sidebar","sidebar":"default-sidebar","second_sidebar":"default-sidebar","sticky_sidebar":"1","share_position":"top","share_float_style":"share-monocrhome","show_share_counter":"1","show_view_counter":"1","show_featured":"1","show_post_meta":"1","show_post_author":"1","show_post_author_image":"1","show_post_date":"1","post_date_format":"default","post_date_format_custom":"Y\/m\/d","show_post_category":"1","show_post_reading_time":"0","post_reading_time_wpm":"300","show_zoom_button":"0","zoom_button_out_step":"2","zoom_button_in_step":"3","show_post_tag":"1","show_prev_next_post":"1","show_popup_post":"1","number_popup_post":"1","show_author_box":"0","show_post_related":"0","show_inline_post_related":"0"}],"override_image_size":"0","image_override":[{"single_post_thumbnail_size":"crop-500","single_post_gallery_size":"crop-500"}],"trending_post":"0","trending_post_position":"meta","trending_post_label":"Trending","sponsored_post":"0","sponsored_post_label":"Sponsored by","sponsored_post_name":"","sponsored_post_url":"","sponsored_post_logo_enable":"0","sponsored_post_logo":"","sponsored_post_desc":"","disable_ad":"0"},"jnews_primary_category":{"id":""},"jnews_social_meta":{"fb_title":"","fb_description":"","fb_image":"","twitter_title":"","twitter_description":"","twitter_image":""},"jnews_review":[],"enable_review":"0","type":"percentage","name":"","summary":"","brand":"","sku":"","good":[{"good_text":""}],"bad":[{"bad_text":""}],"score_override":"","override_value":"","rating":[{"rating_text":"","rating_number":"10"}],"price":[{"shop":"","price":"","link":"","icon":""}],"jnews_override_counter":{"override_view_counter":"0","view_counter_number":"0","override_share_counter":"0","share_counter_number":"0","override_like_counter":"0","like_counter_number":"0","override_dislike_counter":"0","dislike_counter_number":"0"},"jnews_post_split":{"enable_post_split":"0","post_split":[{"template":"1","tag":"h2","numbering":"asc","mode":"normal","first":"0","enable_toc":"0","toc_type":"normal"}]},"footnotes":""},"categories":[341,325],"tags":[],"class_list":["post-34967","post","type-post","status-publish","format-standard","has-post-thumbnail","hentry","category-cdp","category-generos-y-diversidades"],"jetpack_featured_media_url":"https:\/\/atecordoba.org\/wp-content\/uploads\/2022\/12\/alcoba11-scaled-e1669986198852.jpg","_links":{"self":[{"href":"https:\/\/atecordoba.org\/index.php?rest_route=\/wp\/v2\/posts\/34967","targetHints":{"allow":["GET"]}}],"collection":[{"href":"https:\/\/atecordoba.org\/index.php?rest_route=\/wp\/v2\/posts"}],"about":[{"href":"https:\/\/atecordoba.org\/index.php?rest_route=\/wp\/v2\/types\/post"}],"author":[{"embeddable":true,"href":"https:\/\/atecordoba.org\/index.php?rest_route=\/wp\/v2\/users\/7"}],"replies":[{"embeddable":true,"href":"https:\/\/atecordoba.org\/index.php?rest_route=%2Fwp%2Fv2%2Fcomments&post=34967"}],"version-history":[{"count":2,"href":"https:\/\/atecordoba.org\/index.php?rest_route=\/wp\/v2\/posts\/34967\/revisions"}],"predecessor-version":[{"id":34973,"href":"https:\/\/atecordoba.org\/index.php?rest_route=\/wp\/v2\/posts\/34967\/revisions\/34973"}],"wp:featuredmedia":[{"embeddable":true,"href":"https:\/\/atecordoba.org\/index.php?rest_route=\/wp\/v2\/media\/34974"}],"wp:attachment":[{"href":"https:\/\/atecordoba.org\/index.php?rest_route=%2Fwp%2Fv2%2Fmedia&parent=34967"}],"wp:term":[{"taxonomy":"category","embeddable":true,"href":"https:\/\/atecordoba.org\/index.php?rest_route=%2Fwp%2Fv2%2Fcategories&post=34967"},{"taxonomy":"post_tag","embeddable":true,"href":"https:\/\/atecordoba.org\/index.php?rest_route=%2Fwp%2Fv2%2Ftags&post=34967"}],"curies":[{"name":"wp","href":"https:\/\/api.w.org\/{rel}","templated":true}]}}