{"id":34955,"date":"2022-12-01T13:41:40","date_gmt":"2022-12-01T16:41:40","guid":{"rendered":"https:\/\/atecordoba.org\/?p=34955"},"modified":"2022-12-01T13:41:45","modified_gmt":"2022-12-01T16:41:45","slug":"se-cumple-con-alto-acatamiento-el-paro-nacional-en-pami","status":"publish","type":"post","link":"https:\/\/atecordoba.org\/?p=34955","title":{"rendered":"Se cumple con alto acatamiento el paro nacional en PAMI"},"content":{"rendered":"\n<div class=\"wp-block-image\"><figure class=\"aligncenter size-full is-resized\"><img loading=\"lazy\" decoding=\"async\" src=\"https:\/\/atecordoba.org\/wp-content\/uploads\/2022\/12\/WhatsApp-Image-2022-12-01-at-11.47.05.jpeg\" alt=\"\" class=\"wp-image-34956\" width=\"539\" height=\"768\" srcset=\"https:\/\/atecordoba.org\/wp-content\/uploads\/2022\/12\/WhatsApp-Image-2022-12-01-at-11.47.05.jpeg 718w, https:\/\/atecordoba.org\/wp-content\/uploads\/2022\/12\/WhatsApp-Image-2022-12-01-at-11.47.05-210x300.jpeg 210w\" sizes=\"auto, (max-width: 539px) 100vw, 539px\" \/><\/figure><\/div>\n\n\n\n<p>Ante la falta de respuestas a los distintos pedidos realizados, para que acabe el pago de Ganancias, la ATE\u00a0 PAMI lleva adelante hoy un paro nacional de actividades, sin\u00a0 concurrencia a los lugares de trabajo.<\/p>\n\n\n\n<p>En C\u00f3rdoba, la delegada de ATE en la UGL de avenida General Paz, Elisa Ojeda, explic\u00f3 que &#8220;al paro no solo se adhieren los afiliados a ATE sino otros compa\u00f1eros que est\u00e1n totalmente descontentos con el descuento por el impuesto a las ganancias, ya que nuestro gremio propone una soluci\u00f3n: que el instituto devuelva en un 50% lo que nos retiene hasta tanto se resuelva lo de la ley&#8221;.<\/p>\n\n\n\n<p>La dirigente celebr\u00f3 que en C\u00f3rdoba el acatamiento es amplio porque &#8220;a pesar que otros gremios no adhieren si lo hacen los afiliados&#8221;.<\/p>\n\n\n\n<p>Vale se\u00f1alar que, si bien el paro es sin concurrencia a los lugares de trabajo, el PAMI est\u00e1 abierto, aunque con atenci\u00f3n resentida. &#8220;En C\u00f3rdoba, adem\u00e1s, reclamamos una mejora en el sector del edificio y tr\u00e1mites pendientes, a partir de una nota presentada a la directora de la UGL C\u00f3rdoba, Olga Riutort&#8221;, termin\u00f3 la delegada, que espera un amplio acatamiento de la medida de fuerza en todo el pa\u00eds.<\/p>\n\n\n\n<p><\/p>\n","protected":false},"excerpt":{"rendered":"<p>Ante la falta de respuestas a los distintos pedidos realizados, para que acabe el pago de Ganancias, la ATE\u00a0 PAMI lleva adelante hoy un paro nacional de actividades, sin\u00a0 concurrencia a los lugares de trabajo. En C\u00f3rdoba, la delegada de ATE en la UGL de avenida General Paz, Elisa Ojeda, explic\u00f3 que &#8220;al paro no [&hellip;]<\/p>\n","protected":false},"author":7,"featured_media":34958,"comment_status":"open","ping_status":"open","sticky":false,"template":"","format":"standard","meta":{"_exactmetrics_skip_tracking":false,"_exactmetrics_sitenote_active":false,"_exactmetrics_sitenote_note":"","_exactmetrics_sitenote_category":0,"jnews-multi-image_gallery":[],"jnews_single_post":{"subtitle":"ATE plante\u00f3 a la direcci\u00f3n del instituto que las y los trabajadores reciban una devoluci\u00f3n del 50% de la retenci\u00f3n por Ganancias que est\u00e1n sufriendo los salarios. ","format":"standard","video":"","gallery":"","source_name":"","source_url":"","via_name":"","via_url":"","override_template":"0","override":[{"template":"1","single_blog_custom":"","parallax":"1","fullscreen":"1","layout":"right-sidebar","sidebar":"default-sidebar","second_sidebar":"default-sidebar","sticky_sidebar":"1","share_position":"top","share_float_style":"share-monocrhome","show_share_counter":"1","show_view_counter":"1","show_featured":"1","show_post_meta":"1","show_post_author":"1","show_post_author_image":"1","show_post_date":"1","post_date_format":"default","post_date_format_custom":"Y\/m\/d","show_post_category":"1","show_post_reading_time":"0","post_reading_time_wpm":"300","show_zoom_button":"0","zoom_button_out_step":"2","zoom_button_in_step":"3","show_post_tag":"1","show_prev_next_post":"1","show_popup_post":"1","number_popup_post":"1","show_author_box":"0","show_post_related":"0","show_inline_post_related":"0"}],"override_image_size":"0","image_override":[{"single_post_thumbnail_size":"crop-500","single_post_gallery_size":"crop-500"}],"trending_post":"0","trending_post_position":"meta","trending_post_label":"Trending","sponsored_post":"0","sponsored_post_label":"Sponsored by","sponsored_post_name":"","sponsored_post_url":"","sponsored_post_logo_enable":"0","sponsored_post_logo":"","sponsored_post_desc":"","disable_ad":"0"},"jnews_primary_category":{"id":""},"jnews_social_meta":{"fb_title":"Nacionales: se cumple con alto acatamiento el paro nacional en PAMI","fb_description":"","fb_image":"","twitter_title":"","twitter_description":"","twitter_image":""},"jnews_review":[],"enable_review":"0","type":"percentage","name":"","summary":"","brand":"","sku":"","good":[{"good_text":""}],"bad":[{"bad_text":""}],"score_override":"","override_value":"","rating":[{"rating_text":"","rating_number":"10"}],"price":[{"shop":"","price":"","link":"","icon":""}],"jnews_override_counter":{"override_view_counter":"0","view_counter_number":"0","override_share_counter":"0","share_counter_number":"0","override_like_counter":"0","like_counter_number":"0","override_dislike_counter":"0","dislike_counter_number":"0"},"jnews_post_split":{"enable_post_split":"0","post_split":[{"template":"1","tag":"h2","numbering":"asc","mode":"normal","first":"0","enable_toc":"0","toc_type":"normal"}]},"footnotes":""},"categories":[18],"tags":[57,1279],"class_list":["post-34955","post","type-post","status-publish","format-standard","has-post-thumbnail","hentry","category-nacionales","tag-pami","tag-paro-en-pami"],"jetpack_featured_media_url":"https:\/\/atecordoba.org\/wp-content\/uploads\/2022\/12\/PAMIPARO-e1669912891916.jpeg","_links":{"self":[{"href":"https:\/\/atecordoba.org\/index.php?rest_route=\/wp\/v2\/posts\/34955","targetHints":{"allow":["GET"]}}],"collection":[{"href":"https:\/\/atecordoba.org\/index.php?rest_route=\/wp\/v2\/posts"}],"about":[{"href":"https:\/\/atecordoba.org\/index.php?rest_route=\/wp\/v2\/types\/post"}],"author":[{"embeddable":true,"href":"https:\/\/atecordoba.org\/index.php?rest_route=\/wp\/v2\/users\/7"}],"replies":[{"embeddable":true,"href":"https:\/\/atecordoba.org\/index.php?rest_route=%2Fwp%2Fv2%2Fcomments&post=34955"}],"version-history":[{"count":1,"href":"https:\/\/atecordoba.org\/index.php?rest_route=\/wp\/v2\/posts\/34955\/revisions"}],"predecessor-version":[{"id":34959,"href":"https:\/\/atecordoba.org\/index.php?rest_route=\/wp\/v2\/posts\/34955\/revisions\/34959"}],"wp:featuredmedia":[{"embeddable":true,"href":"https:\/\/atecordoba.org\/index.php?rest_route=\/wp\/v2\/media\/34958"}],"wp:attachment":[{"href":"https:\/\/atecordoba.org\/index.php?rest_route=%2Fwp%2Fv2%2Fmedia&parent=34955"}],"wp:term":[{"taxonomy":"category","embeddable":true,"href":"https:\/\/atecordoba.org\/index.php?rest_route=%2Fwp%2Fv2%2Fcategories&post=34955"},{"taxonomy":"post_tag","embeddable":true,"href":"https:\/\/atecordoba.org\/index.php?rest_route=%2Fwp%2Fv2%2Ftags&post=34955"}],"curies":[{"name":"wp","href":"https:\/\/api.w.org\/{rel}","templated":true}]}}