{"id":34940,"date":"2022-11-29T15:06:25","date_gmt":"2022-11-29T18:06:25","guid":{"rendered":"https:\/\/atecordoba.org\/?p=34940"},"modified":"2022-11-29T15:06:52","modified_gmt":"2022-11-29T18:06:52","slug":"avanza-la-paritaria-municipal-en-villa-ciudad-del-parque","status":"publish","type":"post","link":"https:\/\/atecordoba.org\/?p=34940","title":{"rendered":"Avanza la paritaria municipal en Villa Ciudad del Parque"},"content":{"rendered":"\n<p><\/p>\n\n\n\n<div class=\"wp-block-image\"><figure class=\"aligncenter size-large is-resized\"><img loading=\"lazy\" decoding=\"async\" src=\"https:\/\/atecordoba.org\/wp-content\/uploads\/2022\/11\/FB_IMG_1669738457783-1024x768.jpg\" alt=\"\" class=\"wp-image-34941\" width=\"768\" height=\"576\" srcset=\"https:\/\/atecordoba.org\/wp-content\/uploads\/2022\/11\/FB_IMG_1669738457783-1024x768.jpg 1024w, https:\/\/atecordoba.org\/wp-content\/uploads\/2022\/11\/FB_IMG_1669738457783-300x225.jpg 300w, https:\/\/atecordoba.org\/wp-content\/uploads\/2022\/11\/FB_IMG_1669738457783-768x576.jpg 768w, https:\/\/atecordoba.org\/wp-content\/uploads\/2022\/11\/FB_IMG_1669738457783-750x563.jpg 750w, https:\/\/atecordoba.org\/wp-content\/uploads\/2022\/11\/FB_IMG_1669738457783.jpg 1080w\" sizes=\"auto, (max-width: 768px) 100vw, 768px\" \/><\/figure><\/div>\n\n\n\n<p>Hoy se llev\u00f3 a cabo una audiencia entre ATE y el ejecutivo municipal de Villa Ciudad del Parque que cont\u00f3 con la presencia del intendente de la localidad, Pablo Riveros, y una delegaci\u00f3n de nuestro gremio, comandada por el secretario General de ATE C\u00f3rdoba, Federico Giuliani, que estuvo acompa\u00f1ado por las y los delegados de ATE en la comuna. <\/p>\n\n\n\n<p>En la oportunidad, se logr\u00f3 acordar un Bono Navide\u00f1o de $15000, as\u00ed como la regularizaci\u00f3n de licencias y vacaciones. <\/p>\n\n\n\n<div class=\"wp-block-image\"><figure class=\"aligncenter size-large is-resized\"><img loading=\"lazy\" decoding=\"async\" src=\"https:\/\/atecordoba.org\/wp-content\/uploads\/2022\/11\/FB_IMG_1669738745102-1024x768.jpg\" alt=\"\" class=\"wp-image-34942\" width=\"768\" height=\"576\" srcset=\"https:\/\/atecordoba.org\/wp-content\/uploads\/2022\/11\/FB_IMG_1669738745102-1024x768.jpg 1024w, https:\/\/atecordoba.org\/wp-content\/uploads\/2022\/11\/FB_IMG_1669738745102-300x225.jpg 300w, https:\/\/atecordoba.org\/wp-content\/uploads\/2022\/11\/FB_IMG_1669738745102-768x576.jpg 768w, https:\/\/atecordoba.org\/wp-content\/uploads\/2022\/11\/FB_IMG_1669738745102-750x563.jpg 750w, https:\/\/atecordoba.org\/wp-content\/uploads\/2022\/11\/FB_IMG_1669738745102.jpg 1080w\" sizes=\"auto, (max-width: 768px) 100vw, 768px\" \/><\/figure><\/div>\n\n\n\n<p>En tanto, qued\u00f3 pendiente de pronta respuesta sobre propuesta de aumento salarial que ATE plante\u00f3 a Riveros y su equipo de gobierno. <\/p>\n\n\n\n<p>En la oportunidad, ATE plante\u00f3 tambi\u00e9n la necesidad de constituir una mesa de relaciones laborales permanente, donde se canalice el pase a planta permanente del personal precarizado. Por su parte, Riveros garantiz\u00f3 que todos los trabajadores y trabajadoras cobrar\u00e1n el aguinaldo, independientemente de su situaci\u00f3n contractual.<\/p>\n\n\n\n<p>Giuliani se retir\u00f3 conforme de la reuni\u00f3n. &#8220;Vamos caminando&#8221;, concluy\u00f3.<\/p>\n\n\n\n<div class=\"wp-block-image\"><figure class=\"aligncenter size-large is-resized\"><img loading=\"lazy\" decoding=\"async\" src=\"https:\/\/atecordoba.org\/wp-content\/uploads\/2022\/11\/FB_IMG_1669738738991-1024x768.jpg\" alt=\"\" class=\"wp-image-34943\" width=\"768\" height=\"576\" srcset=\"https:\/\/atecordoba.org\/wp-content\/uploads\/2022\/11\/FB_IMG_1669738738991-1024x768.jpg 1024w, https:\/\/atecordoba.org\/wp-content\/uploads\/2022\/11\/FB_IMG_1669738738991-300x225.jpg 300w, https:\/\/atecordoba.org\/wp-content\/uploads\/2022\/11\/FB_IMG_1669738738991-768x576.jpg 768w, https:\/\/atecordoba.org\/wp-content\/uploads\/2022\/11\/FB_IMG_1669738738991-750x563.jpg 750w, https:\/\/atecordoba.org\/wp-content\/uploads\/2022\/11\/FB_IMG_1669738738991.jpg 1080w\" sizes=\"auto, (max-width: 768px) 100vw, 768px\" \/><\/figure><\/div>\n\n\n\n<p><\/p>\n","protected":false},"excerpt":{"rendered":"<p>Hoy se llev\u00f3 a cabo una audiencia entre ATE y el ejecutivo municipal de Villa Ciudad del Parque que cont\u00f3 con la presencia del intendente de la localidad, Pablo Riveros, y una delegaci\u00f3n de nuestro gremio, comandada por el secretario General de ATE C\u00f3rdoba, Federico Giuliani, que estuvo acompa\u00f1ado por las y los delegados de [&hellip;]<\/p>\n","protected":false},"author":7,"featured_media":34944,"comment_status":"open","ping_status":"open","sticky":false,"template":"","format":"standard","meta":{"_exactmetrics_skip_tracking":false,"_exactmetrics_sitenote_active":false,"_exactmetrics_sitenote_note":"","_exactmetrics_sitenote_category":0,"jnews-multi-image_gallery":[],"jnews_single_post":{"subtitle":"Se logr\u00f3 acordar un Bono Navide\u00f1o de $15000, as\u00ed como la regularizaci\u00f3n de licencias y vacaciones, a la espera de una respuesta a la propuesta salarial que plante\u00f3 ATE.","format":"standard","video":"","gallery":"","source_name":"","source_url":"","via_name":"","via_url":"","override_template":"0","override":[{"template":"1","single_blog_custom":"","parallax":"1","fullscreen":"1","layout":"right-sidebar","sidebar":"default-sidebar","second_sidebar":"default-sidebar","sticky_sidebar":"1","share_position":"top","share_float_style":"share-monocrhome","show_share_counter":"1","show_view_counter":"1","show_featured":"1","show_post_meta":"1","show_post_author":"1","show_post_author_image":"1","show_post_date":"1","post_date_format":"default","post_date_format_custom":"Y\/m\/d","show_post_category":"1","show_post_reading_time":"0","post_reading_time_wpm":"300","show_zoom_button":"0","zoom_button_out_step":"2","zoom_button_in_step":"3","show_post_tag":"1","show_prev_next_post":"1","show_popup_post":"1","number_popup_post":"1","show_author_box":"0","show_post_related":"0","show_inline_post_related":"0"}],"override_image_size":"0","image_override":[{"single_post_thumbnail_size":"crop-500","single_post_gallery_size":"crop-500"}],"trending_post":"0","trending_post_position":"meta","trending_post_label":"Trending","sponsored_post":"0","sponsored_post_label":"Sponsored by","sponsored_post_name":"","sponsored_post_url":"","sponsored_post_logo_enable":"0","sponsored_post_logo":"","sponsored_post_desc":"","disable_ad":"0"},"jnews_primary_category":{"id":""},"jnews_social_meta":{"fb_title":"","fb_description":"","fb_image":"","twitter_title":"","twitter_description":"","twitter_image":""},"jnews_review":[],"enable_review":"0","type":"percentage","name":"","summary":"","brand":"","sku":"","good":[{"good_text":""}],"bad":[{"bad_text":""}],"score_override":"","override_value":"","rating":[{"rating_text":"","rating_number":"10"}],"price":[{"shop":"","price":"","link":"","icon":""}],"jnews_override_counter":{"override_view_counter":"0","view_counter_number":"0","override_share_counter":"0","share_counter_number":"0","override_like_counter":"0","like_counter_number":"0","override_dislike_counter":"0","dislike_counter_number":"0"},"jnews_post_split":{"enable_post_split":"0","post_split":[{"template":"1","tag":"h2","numbering":"asc","mode":"normal","first":"0","enable_toc":"0","toc_type":"normal"}]},"footnotes":""},"categories":[341,20],"tags":[],"class_list":["post-34940","post","type-post","status-publish","format-standard","has-post-thumbnail","hentry","category-cdp","category-municipales"],"jetpack_featured_media_url":"https:\/\/atecordoba.org\/wp-content\/uploads\/2022\/11\/parque-e1669745118946.jpg","_links":{"self":[{"href":"https:\/\/atecordoba.org\/index.php?rest_route=\/wp\/v2\/posts\/34940","targetHints":{"allow":["GET"]}}],"collection":[{"href":"https:\/\/atecordoba.org\/index.php?rest_route=\/wp\/v2\/posts"}],"about":[{"href":"https:\/\/atecordoba.org\/index.php?rest_route=\/wp\/v2\/types\/post"}],"author":[{"embeddable":true,"href":"https:\/\/atecordoba.org\/index.php?rest_route=\/wp\/v2\/users\/7"}],"replies":[{"embeddable":true,"href":"https:\/\/atecordoba.org\/index.php?rest_route=%2Fwp%2Fv2%2Fcomments&post=34940"}],"version-history":[{"count":1,"href":"https:\/\/atecordoba.org\/index.php?rest_route=\/wp\/v2\/posts\/34940\/revisions"}],"predecessor-version":[{"id":34945,"href":"https:\/\/atecordoba.org\/index.php?rest_route=\/wp\/v2\/posts\/34940\/revisions\/34945"}],"wp:featuredmedia":[{"embeddable":true,"href":"https:\/\/atecordoba.org\/index.php?rest_route=\/wp\/v2\/media\/34944"}],"wp:attachment":[{"href":"https:\/\/atecordoba.org\/index.php?rest_route=%2Fwp%2Fv2%2Fmedia&parent=34940"}],"wp:term":[{"taxonomy":"category","embeddable":true,"href":"https:\/\/atecordoba.org\/index.php?rest_route=%2Fwp%2Fv2%2Fcategories&post=34940"},{"taxonomy":"post_tag","embeddable":true,"href":"https:\/\/atecordoba.org\/index.php?rest_route=%2Fwp%2Fv2%2Ftags&post=34940"}],"curies":[{"name":"wp","href":"https:\/\/api.w.org\/{rel}","templated":true}]}}