{"id":3494,"date":"2013-10-28T17:49:27","date_gmt":"2013-10-28T20:49:27","guid":{"rendered":"http:\/\/www.atecordoba.org\/?p=3494"},"modified":"2013-10-28T17:49:27","modified_gmt":"2013-10-28T20:49:27","slug":"eligen-de-delegados-de-ate-y-designan-normalizadores","status":"publish","type":"post","link":"https:\/\/atecordoba.org\/?p=3494","title":{"rendered":"Eligen de delegados de ATE y designan normalizadores"},"content":{"rendered":"<p><em>Con el crecimiento de ATE en distintos sectores nacionales y provinciales la semana pasada se realizaron elecciones de delegados en el INTI y este mi\u00e9rcoles ser\u00e1 el turno del hospital Rawson. El hospital Nuevo San Roque ya tiene delegados normalizadores.<\/em><\/p>\n<p style=\"text-align: center;\"><a href=\"http:\/\/www.atecordoba.org\/wp-content\/uploads\/2013\/10\/INTI-e1382991261871.jpg\"><img loading=\"lazy\" decoding=\"async\" class=\"size-full wp-image-3495 aligncenter\" alt=\"INTI\" src=\"http:\/\/www.atecordoba.org\/wp-content\/uploads\/2013\/10\/INTI-e1382991261871.jpg\" width=\"400\" height=\"300\" \/><\/a><\/p>\n<p>En el caso del Instituto Nacional de Tecnolog\u00eda Industrial (INTI), el pasado viernes 25 de octubre los trabajadores del sector eligieron a tres delegados. El 70% del padr\u00f3n habilitado eligi\u00f3 para representarlo a los compa\u00f1eros Julian Jones, Luis Mar\u00eda Arreguy y Flexes V\u00e1zquez.<\/p>\n<p>Por otro lado, el pr\u00f3ximo mi\u00e9rcoles 30 del corriente se realizar\u00e1n elecciones de delegados en el hospital Rawson. Este proceso se realiza en el marco del crecimiento de representaci\u00f3n de ATE en la salud provincial, donde nuestro gremio se encuentra en un plan de lucha desde hace dos meses. En la oportunidad se elegir\u00e1n cinco delegados titulares y tres suplentes entre los ocho postulantes. La elecci\u00f3n es de car\u00e1cter unipersonal y los cinco m\u00e1s votados lograr\u00e1n la titularidad por dos a\u00f1os. Las urnas estar\u00e1n abiertas de 6 de la ma\u00f1ana hasta las 17 horas. La n\u00f3mina de candidatos es: Adriana Carnero, Lis L\u00f3pez Patan\u00e9, Sebasti\u00e1n Moreno, Mar\u00eda Cecilia Ibarra, Jos\u00e9 Ochoa Bolatif, Luis L\u00f3pez, Eduardo Maidana y Cecilia Lenes.<\/p>\n<p>Por \u00faltimo, la asamblea de trabajadores del Polo Sanitario resolvi\u00f3 la semana pasada designar a siete compa\u00f1eros para que act\u00faen como delegados normalizadores en el hospital Nuevo San Roque. Se trata de los compa\u00f1eros Gladys Sangoy, Lucas G\u00f3mez, Marcela Calder\u00f3n, Carolina Medina, Ra\u00fal Vega, Ger\u00f3nimo Moyano y Emilia Fedrizzi, que tendr\u00e1n un mandato de 90 d\u00edas.<\/p>\n<p>En ese mismo sentido, la asamblea resolvi\u00f3 designar otros dos delegados normalizadores en la Casa del Joven, del Ministerio de Salud. Para tal funci\u00f3n fueron elegidos los compa\u00f1eros Jos\u00e9 Pesuto y Claudia C\u00e1ceres.<\/p>\n","protected":false},"excerpt":{"rendered":"<p>Con el crecimiento de ATE en distintos sectores nacionales y provinciales la semana pasada se realizaron elecciones de delegados en el INTI y este mi\u00e9rcoles ser\u00e1 el turno del hospital Rawson. El hospital Nuevo San Roque ya tiene delegados normalizadores. En el caso del Instituto Nacional de Tecnolog\u00eda Industrial (INTI), el pasado viernes 25 de [&hellip;]<\/p>\n","protected":false},"author":1,"featured_media":19220,"comment_status":"open","ping_status":"open","sticky":false,"template":"","format":"standard","meta":{"_exactmetrics_skip_tracking":false,"_exactmetrics_sitenote_active":false,"_exactmetrics_sitenote_note":"","_exactmetrics_sitenote_category":0,"jnews-multi-image_gallery":[],"jnews_single_post":[],"jnews_primary_category":[],"jnews_social_meta":[],"jnews_review":[],"enable_review":"","type":"","name":"","summary":"","brand":"","sku":"","good":[],"bad":[],"score_override":"","override_value":"","rating":[],"price":[],"jnews_override_counter":[],"jnews_post_split":[],"footnotes":""},"categories":[7,18,8],"tags":[],"class_list":["post-3494","post","type-post","status-publish","format-standard","has-post-thumbnail","hentry","category-hospitales","category-nacionales","category-provinciales"],"jetpack_featured_media_url":"https:\/\/atecordoba.org\/wp-content\/uploads\/2020\/05\/logo-nuevochico-e1561581322808.png","_links":{"self":[{"href":"https:\/\/atecordoba.org\/index.php?rest_route=\/wp\/v2\/posts\/3494","targetHints":{"allow":["GET"]}}],"collection":[{"href":"https:\/\/atecordoba.org\/index.php?rest_route=\/wp\/v2\/posts"}],"about":[{"href":"https:\/\/atecordoba.org\/index.php?rest_route=\/wp\/v2\/types\/post"}],"author":[{"embeddable":true,"href":"https:\/\/atecordoba.org\/index.php?rest_route=\/wp\/v2\/users\/1"}],"replies":[{"embeddable":true,"href":"https:\/\/atecordoba.org\/index.php?rest_route=%2Fwp%2Fv2%2Fcomments&post=3494"}],"version-history":[{"count":0,"href":"https:\/\/atecordoba.org\/index.php?rest_route=\/wp\/v2\/posts\/3494\/revisions"}],"wp:featuredmedia":[{"embeddable":true,"href":"https:\/\/atecordoba.org\/index.php?rest_route=\/wp\/v2\/media\/19220"}],"wp:attachment":[{"href":"https:\/\/atecordoba.org\/index.php?rest_route=%2Fwp%2Fv2%2Fmedia&parent=3494"}],"wp:term":[{"taxonomy":"category","embeddable":true,"href":"https:\/\/atecordoba.org\/index.php?rest_route=%2Fwp%2Fv2%2Fcategories&post=3494"},{"taxonomy":"post_tag","embeddable":true,"href":"https:\/\/atecordoba.org\/index.php?rest_route=%2Fwp%2Fv2%2Ftags&post=3494"}],"curies":[{"name":"wp","href":"https:\/\/api.w.org\/{rel}","templated":true}]}}