{"id":34926,"date":"2022-11-29T10:10:37","date_gmt":"2022-11-29T13:10:37","guid":{"rendered":"https:\/\/atecordoba.org\/?p=34926"},"modified":"2022-11-29T10:13:43","modified_gmt":"2022-11-29T13:13:43","slug":"proyecto-de-carrera-administrativa-para-el-personal-de-salud-municipal","status":"publish","type":"post","link":"https:\/\/atecordoba.org\/?p=34926","title":{"rendered":"Proyecto de Carrera Administrativa para el Personal de Salud Municipal"},"content":{"rendered":"\n<div class=\"wp-block-image\"><figure class=\"aligncenter size-full\"><img loading=\"lazy\" decoding=\"async\" width=\"417\" height=\"585\" src=\"https:\/\/atecordoba.org\/wp-content\/uploads\/2022\/11\/314045107_5721325937925763_2453620629942807509_n.jpg\" alt=\"\" class=\"wp-image-34927\" srcset=\"https:\/\/atecordoba.org\/wp-content\/uploads\/2022\/11\/314045107_5721325937925763_2453620629942807509_n.jpg 417w, https:\/\/atecordoba.org\/wp-content\/uploads\/2022\/11\/314045107_5721325937925763_2453620629942807509_n-214x300.jpg 214w, https:\/\/atecordoba.org\/wp-content\/uploads\/2022\/11\/314045107_5721325937925763_2453620629942807509_n-360x504.jpg 360w\" sizes=\"auto, (max-width: 417px) 100vw, 417px\" \/><\/figure><\/div>\n\n\n\n<p>El Consejo Directivo Provincial (CDP) desarroll\u00f3 un nuevo material destinado a trabajadores y trabajadoras municipales, denominado &#8220;Proyecto de Carrera Administrativa para el Personal de Salud Municipal&#8221;<\/p>\n\n\n\n<p>La secretaria de Prensa de ATE C\u00f3rdoba, Julia Giuliani, difundi\u00f3 un mensaje para agradecer a los que aportaron al trabajo colectivo. \u201cCon mucho esfuerzo, pero sobre todo con responsabilidad y compromiso armamos est\u00e1 propuesta de Carrera Administrativa para el Personal de Salud Municipal. Sin lugar a dudas, la primer trinchera y frente de combate contra el Covid fuimos las y los trabajadores municipales; pero sobre todo quienes est\u00e1n en Salud&#8221;, apunt\u00f3 Giuliani.<\/p>\n\n\n\n<p>La dirigente consider\u00f3 que &#8220;este aporte es para mejorar sus condiciones salariales, contractuales y laborales. Vamos a presentarlo en todos los municipios de la provincia de C\u00f3rdoba en los que ATE est\u00e1 presente. Quiero darle un gracias inmenso a la querida Patricia Gotelli por sus aportes&#8221;. <\/p>\n\n\n\n<p>Y concluy\u00f3 afirmando que &#8220;este Consejo Directivo Provincial de ATE C\u00f3rdoba, del cual soy parte, no es pan y circo, sabemos porque nos ocupamos y preocupamos por mejorar la situaci\u00f3n de las y los municipales\u201d.<\/p>\n\n\n\n<figure class=\"wp-block-gallery has-nested-images columns-default is-cropped wp-block-gallery-1 is-layout-flex wp-block-gallery-is-layout-flex\">\n<figure class=\"wp-block-image size-large\"><img loading=\"lazy\" decoding=\"async\" width=\"205\" height=\"300\" data-id=\"34928\" src=\"https:\/\/atecordoba.org\/wp-content\/uploads\/2022\/11\/313923564_5721325861259104_6302595523729706125_n-205x300-1.jpg\" alt=\"\" class=\"wp-image-34928\" \/><\/figure>\n\n\n\n<figure class=\"wp-block-image size-large\"><img loading=\"lazy\" decoding=\"async\" width=\"213\" height=\"300\" data-id=\"34929\" src=\"https:\/\/atecordoba.org\/wp-content\/uploads\/2022\/11\/314194119_5721325764592447_1816426533808396901_n-213x300-1.jpg\" alt=\"\" class=\"wp-image-34929\" \/><\/figure>\n<\/figure>\n","protected":false},"excerpt":{"rendered":"<p>El Consejo Directivo Provincial (CDP) desarroll\u00f3 un nuevo material destinado a trabajadores y trabajadoras municipales, denominado &#8220;Proyecto de Carrera Administrativa para el Personal de Salud Municipal&#8221; La secretaria de Prensa de ATE C\u00f3rdoba, Julia Giuliani, difundi\u00f3 un mensaje para agradecer a los que aportaron al trabajo colectivo. \u201cCon mucho esfuerzo, pero sobre todo con responsabilidad [&hellip;]<\/p>\n","protected":false},"author":7,"featured_media":34930,"comment_status":"open","ping_status":"open","sticky":false,"template":"","format":"standard","meta":{"_exactmetrics_skip_tracking":false,"_exactmetrics_sitenote_active":false,"_exactmetrics_sitenote_note":"","_exactmetrics_sitenote_category":0,"jnews-multi-image_gallery":[],"jnews_single_post":{"subtitle":"La secretaria de Prensa Julia Giuliani afirm\u00f3 que \"este aporte es para mejorar las condiciones salariales, contractuales y laborales de las y los municipales. Vamos a presentarlo en todos los municipios de la provincia de C\u00f3rdoba en los que ATE est\u00e1 presente\"","format":"standard","video":"","gallery":"","source_name":"","source_url":"","via_name":"","via_url":"","override_template":"0","override":[{"template":"1","single_blog_custom":"","parallax":"1","fullscreen":"1","layout":"right-sidebar","sidebar":"default-sidebar","second_sidebar":"default-sidebar","sticky_sidebar":"1","share_position":"top","share_float_style":"share-monocrhome","show_share_counter":"1","show_view_counter":"1","show_featured":"1","show_post_meta":"1","show_post_author":"1","show_post_author_image":"1","show_post_date":"1","post_date_format":"default","post_date_format_custom":"Y\/m\/d","show_post_category":"1","show_post_reading_time":"0","post_reading_time_wpm":"300","show_zoom_button":"0","zoom_button_out_step":"2","zoom_button_in_step":"3","show_post_tag":"1","show_prev_next_post":"1","show_popup_post":"1","number_popup_post":"1","show_author_box":"0","show_post_related":"0","show_inline_post_related":"0"}],"override_image_size":"0","image_override":[{"single_post_thumbnail_size":"crop-500","single_post_gallery_size":"crop-500"}],"trending_post":"0","trending_post_position":"meta","trending_post_label":"Trending","sponsored_post":"0","sponsored_post_label":"Sponsored by","sponsored_post_name":"","sponsored_post_url":"","sponsored_post_logo_enable":"0","sponsored_post_logo":"","sponsored_post_desc":"","disable_ad":"0"},"jnews_primary_category":{"id":""},"jnews_social_meta":{"fb_title":"","fb_description":"","fb_image":"","twitter_title":"","twitter_description":"","twitter_image":""},"jnews_review":[],"enable_review":"0","type":"percentage","name":"","summary":"","brand":"","sku":"","good":[{"good_text":""}],"bad":[{"bad_text":""}],"score_override":"","override_value":"","rating":[{"rating_text":"","rating_number":"10"}],"price":[{"shop":"","price":"","link":"","icon":""}],"jnews_override_counter":{"override_view_counter":"0","view_counter_number":"0","override_share_counter":"0","share_counter_number":"0","override_like_counter":"0","like_counter_number":"0","override_dislike_counter":"0","dislike_counter_number":"0"},"jnews_post_split":{"enable_post_split":"0","post_split":[{"template":"1","tag":"h2","numbering":"asc","mode":"normal","first":"0","enable_toc":"0","toc_type":"normal"}]},"footnotes":""},"categories":[341,20],"tags":[],"class_list":["post-34926","post","type-post","status-publish","format-standard","has-post-thumbnail","hentry","category-cdp","category-municipales"],"jetpack_featured_media_url":"https:\/\/atecordoba.org\/wp-content\/uploads\/2022\/11\/portada.jpg","_links":{"self":[{"href":"https:\/\/atecordoba.org\/index.php?rest_route=\/wp\/v2\/posts\/34926","targetHints":{"allow":["GET"]}}],"collection":[{"href":"https:\/\/atecordoba.org\/index.php?rest_route=\/wp\/v2\/posts"}],"about":[{"href":"https:\/\/atecordoba.org\/index.php?rest_route=\/wp\/v2\/types\/post"}],"author":[{"embeddable":true,"href":"https:\/\/atecordoba.org\/index.php?rest_route=\/wp\/v2\/users\/7"}],"replies":[{"embeddable":true,"href":"https:\/\/atecordoba.org\/index.php?rest_route=%2Fwp%2Fv2%2Fcomments&post=34926"}],"version-history":[{"count":1,"href":"https:\/\/atecordoba.org\/index.php?rest_route=\/wp\/v2\/posts\/34926\/revisions"}],"predecessor-version":[{"id":34931,"href":"https:\/\/atecordoba.org\/index.php?rest_route=\/wp\/v2\/posts\/34926\/revisions\/34931"}],"wp:featuredmedia":[{"embeddable":true,"href":"https:\/\/atecordoba.org\/index.php?rest_route=\/wp\/v2\/media\/34930"}],"wp:attachment":[{"href":"https:\/\/atecordoba.org\/index.php?rest_route=%2Fwp%2Fv2%2Fmedia&parent=34926"}],"wp:term":[{"taxonomy":"category","embeddable":true,"href":"https:\/\/atecordoba.org\/index.php?rest_route=%2Fwp%2Fv2%2Fcategories&post=34926"},{"taxonomy":"post_tag","embeddable":true,"href":"https:\/\/atecordoba.org\/index.php?rest_route=%2Fwp%2Fv2%2Ftags&post=34926"}],"curies":[{"name":"wp","href":"https:\/\/api.w.org\/{rel}","templated":true}]}}