{"id":34891,"date":"2022-11-28T11:26:43","date_gmt":"2022-11-28T14:26:43","guid":{"rendered":"https:\/\/atecordoba.org\/?p=34891"},"modified":"2022-11-28T12:35:18","modified_gmt":"2022-11-28T15:35:18","slug":"fuerte-actividad-de-ate-san-justo-en-el-area-municipal","status":"publish","type":"post","link":"https:\/\/atecordoba.org\/?p=34891","title":{"rendered":"Fuerte actividad de ATE San Justo en el \u00e1rea municipal"},"content":{"rendered":"\n<div class=\"wp-block-image\"><figure class=\"aligncenter size-large is-resized\"><img loading=\"lazy\" decoding=\"async\" src=\"https:\/\/atecordoba.org\/wp-content\/uploads\/2022\/11\/transito-1024x461.jpg\" alt=\"\" class=\"wp-image-34892\" width=\"768\" height=\"346\" \/><\/figure><\/div>\n\n\n\n<p>La semana pasada, el Secretario General de ATE San Justo, Dar\u00edo Paredes, junto a la Secretaria Adjunta, Florencia Lucero, mantuvieron una reuni\u00f3n con el Departamento Ejecutivo de la Municipalidad de Tr\u00e1nsito, localidad distante 108 kil\u00f3metros de la ciudad de San Francisco.<\/p>\n\n\n\n<p>En la ocasi\u00f3n, los dirigentes sindicales solicitaron el pase a planta y a contrato de personal para el a\u00f1o 2023.<\/p>\n\n\n\n<p>Por otro lado, Paredes y Lucero felicitaron e hicieron entrega de un presente a la compa\u00f1era Alejandra Del Valle Boccardi, por sus 30 a\u00f1os de servicio en la Municipalidad de esa localidad.<\/p>\n\n\n\n<p>Tambi\u00e9n participaron el secretario Gremial de la seccional, Cristian Gudi\u00f1o y su par de Prensa y Comunicaci\u00f3n, Mateo Carrizo.<\/p>\n\n\n\n<p><strong>Arroyito<\/strong><\/p>\n\n\n\n<figure class=\"wp-block-gallery aligncenter has-nested-images columns-default is-cropped wp-block-gallery-1 is-layout-flex wp-block-gallery-is-layout-flex\">\n<figure class=\"wp-block-image size-full\"><a href=\"https:\/\/atecordoba.org\/wp-content\/uploads\/2022\/11\/arroyito1.png\"><img loading=\"lazy\" decoding=\"async\" width=\"461\" height=\"468\" data-id=\"34898\" src=\"https:\/\/atecordoba.org\/wp-content\/uploads\/2022\/11\/arroyito1.png\" alt=\"\" class=\"wp-image-34898\" srcset=\"https:\/\/atecordoba.org\/wp-content\/uploads\/2022\/11\/arroyito1.png 461w, https:\/\/atecordoba.org\/wp-content\/uploads\/2022\/11\/arroyito1-296x300.png 296w, https:\/\/atecordoba.org\/wp-content\/uploads\/2022\/11\/arroyito1-75x75.png 75w\" sizes=\"auto, (max-width: 461px) 100vw, 461px\" \/><\/a><\/figure>\n\n\n\n<figure class=\"wp-block-image size-full\"><a href=\"https:\/\/atecordoba.org\/wp-content\/uploads\/2022\/11\/arroyito2.png\"><img loading=\"lazy\" decoding=\"async\" width=\"598\" height=\"586\" data-id=\"34899\" src=\"https:\/\/atecordoba.org\/wp-content\/uploads\/2022\/11\/arroyito2.png\" alt=\"\" class=\"wp-image-34899\" srcset=\"https:\/\/atecordoba.org\/wp-content\/uploads\/2022\/11\/arroyito2.png 598w, https:\/\/atecordoba.org\/wp-content\/uploads\/2022\/11\/arroyito2-300x294.png 300w\" sizes=\"auto, (max-width: 598px) 100vw, 598px\" \/><\/a><\/figure>\n<\/figure>\n\n\n\n<p>En cuanto a la localida de Arroyito, ATE mantuvo all\u00ed una audiencia con el secretario de Coordinaci\u00f3n General Javier Novara. La secretaria Adjunta de la seccional, Florencia Locero, present\u00f3 la documentaci\u00f3n correspondiente a los fines de poner en marcha la representaci\u00f3n de nuestra organizaci\u00f3n entre las y los municipales de la localidad.<\/p>\n\n\n\n<p><strong>Santiago Temple<\/strong><\/p>\n\n\n\n<figure class=\"wp-block-gallery has-nested-images columns-default is-cropped wp-block-gallery-2 is-layout-flex wp-block-gallery-is-layout-flex\">\n<figure class=\"wp-block-image size-full\"><img loading=\"lazy\" decoding=\"async\" width=\"460\" height=\"311\" data-id=\"34901\" src=\"https:\/\/atecordoba.org\/wp-content\/uploads\/2022\/11\/temple1.png\" alt=\"\" class=\"wp-image-34901\" srcset=\"https:\/\/atecordoba.org\/wp-content\/uploads\/2022\/11\/temple1.png 460w, https:\/\/atecordoba.org\/wp-content\/uploads\/2022\/11\/temple1-300x203.png 300w\" sizes=\"auto, (max-width: 460px) 100vw, 460px\" \/><\/figure>\n\n\n\n<figure class=\"wp-block-image size-full\"><img loading=\"lazy\" decoding=\"async\" width=\"462\" height=\"332\" data-id=\"34902\" src=\"https:\/\/atecordoba.org\/wp-content\/uploads\/2022\/11\/temple2.png\" alt=\"\" class=\"wp-image-34902\" srcset=\"https:\/\/atecordoba.org\/wp-content\/uploads\/2022\/11\/temple2.png 462w, https:\/\/atecordoba.org\/wp-content\/uploads\/2022\/11\/temple2-300x216.png 300w, https:\/\/atecordoba.org\/wp-content\/uploads\/2022\/11\/temple2-120x86.png 120w\" sizes=\"auto, (max-width: 462px) 100vw, 462px\" \/><\/figure>\n<\/figure>\n\n\n\n<p>Por \u00faltimo,&nbsp; en la ma\u00f1ana de viernes el secretario general de la seccional, Dar\u00edo Paredes, junto a su adjunta, Florencia Lucero, y el cuerpo de delegados de la localidad de Santiago Temple fueron recibidos por el ejecutivo municipal para acordar el aumento del a\u00f1o, pase a planta y pase a contrato.<\/p>\n\n\n\n<p>&#8220;Se termin\u00f3 acordando un 90 % de aumento remunerativo hasta enero, con mesa de revisi\u00f3n en febrero&#8221;, resumi\u00f3 Paredes.<\/p>\n","protected":false},"excerpt":{"rendered":"<p>La semana pasada, el Secretario General de ATE San Justo, Dar\u00edo Paredes, junto a la Secretaria Adjunta, Florencia Lucero, mantuvieron una reuni\u00f3n con el Departamento Ejecutivo de la Municipalidad de Tr\u00e1nsito, localidad distante 108 kil\u00f3metros de la ciudad de San Francisco. En la ocasi\u00f3n, los dirigentes sindicales solicitaron el pase a planta y a contrato [&hellip;]<\/p>\n","protected":false},"author":7,"featured_media":34892,"comment_status":"open","ping_status":"open","sticky":false,"template":"","format":"standard","meta":{"_exactmetrics_skip_tracking":false,"_exactmetrics_sitenote_active":false,"_exactmetrics_sitenote_note":"","_exactmetrics_sitenote_category":0,"jnews-multi-image_gallery":[],"jnews_single_post":{"subtitle":"Tr\u00e1nsito, Arroyito y Santiago Temple fueron las intendencias donde la seccional del este provincial despleg\u00f3 intensa presencia gremial la semana pasada.","format":"standard","video":"","gallery":"","source_name":"","source_url":"","via_name":"","via_url":"","override_template":"0","override":[{"template":"1","single_blog_custom":"","parallax":"1","fullscreen":"1","layout":"right-sidebar","sidebar":"default-sidebar","second_sidebar":"default-sidebar","sticky_sidebar":"1","share_position":"top","share_float_style":"share-monocrhome","show_share_counter":"1","show_view_counter":"1","show_featured":"1","show_post_meta":"1","show_post_author":"1","show_post_author_image":"1","show_post_date":"1","post_date_format":"default","post_date_format_custom":"Y\/m\/d","show_post_category":"1","show_post_reading_time":"0","post_reading_time_wpm":"300","show_zoom_button":"0","zoom_button_out_step":"2","zoom_button_in_step":"3","show_post_tag":"1","show_prev_next_post":"1","show_popup_post":"1","number_popup_post":"1","show_author_box":"0","show_post_related":"0","show_inline_post_related":"0"}],"override_image_size":"0","image_override":[{"single_post_thumbnail_size":"crop-500","single_post_gallery_size":"crop-500"}],"trending_post":"0","trending_post_position":"meta","trending_post_label":"Trending","sponsored_post":"0","sponsored_post_label":"Sponsored by","sponsored_post_name":"","sponsored_post_url":"","sponsored_post_logo_enable":"0","sponsored_post_logo":"","sponsored_post_desc":"","disable_ad":"0"},"jnews_primary_category":{"id":""},"jnews_social_meta":{"fb_title":"","fb_description":"","fb_image":"","twitter_title":"","twitter_description":"","twitter_image":""},"jnews_review":[],"enable_review":"0","type":"percentage","name":"","summary":"","brand":"","sku":"","good":[{"good_text":""}],"bad":[{"bad_text":""}],"score_override":"","override_value":"","rating":[{"rating_text":"","rating_number":"10"}],"price":[{"shop":"","price":"","link":"","icon":""}],"jnews_override_counter":{"override_view_counter":"0","view_counter_number":"0","override_share_counter":"0","share_counter_number":"0","override_like_counter":"0","like_counter_number":"0","override_dislike_counter":"0","dislike_counter_number":"0"},"jnews_post_split":{"enable_post_split":"0","post_split":[{"template":"1","tag":"h2","numbering":"asc","mode":"normal","first":"0","enable_toc":"0","toc_type":"normal"}]},"footnotes":""},"categories":[20,148],"tags":[],"class_list":["post-34891","post","type-post","status-publish","format-standard","has-post-thumbnail","hentry","category-municipales","category-san-justo"],"jetpack_featured_media_url":"https:\/\/atecordoba.org\/wp-content\/uploads\/2022\/11\/transito-e1669645567612.jpg","_links":{"self":[{"href":"https:\/\/atecordoba.org\/index.php?rest_route=\/wp\/v2\/posts\/34891","targetHints":{"allow":["GET"]}}],"collection":[{"href":"https:\/\/atecordoba.org\/index.php?rest_route=\/wp\/v2\/posts"}],"about":[{"href":"https:\/\/atecordoba.org\/index.php?rest_route=\/wp\/v2\/types\/post"}],"author":[{"embeddable":true,"href":"https:\/\/atecordoba.org\/index.php?rest_route=\/wp\/v2\/users\/7"}],"replies":[{"embeddable":true,"href":"https:\/\/atecordoba.org\/index.php?rest_route=%2Fwp%2Fv2%2Fcomments&post=34891"}],"version-history":[{"count":4,"href":"https:\/\/atecordoba.org\/index.php?rest_route=\/wp\/v2\/posts\/34891\/revisions"}],"predecessor-version":[{"id":34907,"href":"https:\/\/atecordoba.org\/index.php?rest_route=\/wp\/v2\/posts\/34891\/revisions\/34907"}],"wp:featuredmedia":[{"embeddable":true,"href":"https:\/\/atecordoba.org\/index.php?rest_route=\/wp\/v2\/media\/34892"}],"wp:attachment":[{"href":"https:\/\/atecordoba.org\/index.php?rest_route=%2Fwp%2Fv2%2Fmedia&parent=34891"}],"wp:term":[{"taxonomy":"category","embeddable":true,"href":"https:\/\/atecordoba.org\/index.php?rest_route=%2Fwp%2Fv2%2Fcategories&post=34891"},{"taxonomy":"post_tag","embeddable":true,"href":"https:\/\/atecordoba.org\/index.php?rest_route=%2Fwp%2Fv2%2Ftags&post=34891"}],"curies":[{"name":"wp","href":"https:\/\/api.w.org\/{rel}","templated":true}]}}