{"id":34869,"date":"2022-11-24T14:38:07","date_gmt":"2022-11-24T17:38:07","guid":{"rendered":"https:\/\/atecordoba.org\/?p=34869"},"modified":"2022-11-24T15:34:04","modified_gmt":"2022-11-24T18:34:04","slug":"ex-presas-politicas-presentan-su-libro-web-en-santa-maria-de-punilla","status":"publish","type":"post","link":"https:\/\/atecordoba.org\/?p=34869","title":{"rendered":"Ex Presas Pol\u00edticas presentan su libro-web en Santa Mar\u00eda de Punilla"},"content":{"rendered":"\n<div class=\"wp-block-image\"><figure class=\"alignleft size-full\"><img decoding=\"async\" src=\"https:\/\/atecordoba.org\/wp-content\/uploads\/2022\/11\/flyernosotras.jpg\" alt=\"\" class=\"wp-image-34870\" \/><\/figure><\/div>\n\n\n\n<p>El Colectivo de Ex Presas Pol\u00edticas de Villa Devoto presentar\u00e1 este s\u00e1bado, en la localidad de Santa Mar\u00eda de Punilla, el libro-web &#8220;Nosotras en Libertad&#8221;. Se trata de una obra coral donde participaron 200 compa\u00f1eras que sufrieron la c\u00e1rcel, la persecuci\u00f3n, las vejaciones que se llevaron a cabo durante al dictadura genocida c\u00edvico-militar, trabajo que <a href=\"https:\/\/atecordoba.org\/?p=31096\">ya fue presentado este a\u00f1o en la sede de ATE<\/a> en marzo pasado con gran aceptaci\u00f3n entre las y los compa\u00f1eros. <\/p>\n\n\n\n<p>Los relatos parten desde que las ex presas recuperan la libertad, tras un periodo de encarcelamiento entre 1974-1983, aunque algunas ex presas debieron continuar detenidas hasta bien entrada la democracia, como resultado de la &#8216;teor\u00eda de los dos demonios&#8217; que sosten\u00eda el gobierno radical de entonces. <\/p>\n\n\n\n<p>El libro es gratuito, de libre acceso, y fue financiado enteramente por las propias protagonistas de la obra. &#8220;La idea es que sea accesible al p\u00fablico, especialmente a las nuevas generaciones. Por eso fue importante optar tanto por la gratuidad como por el formato interactivo. Contiene textos, audios, videos, fotos \u00a0que relatan como fue la vida de estas mujeres un vez alcanzada la libertad. Ya sea en el pa\u00eds o afuera&#8221;, describi\u00f3 Norma San Nicol\u00e1s, parte del grupo de autoras. La presentaci\u00f3n estar\u00e1 a cargo de Adriana Corsaletti, Alicia Varillas, Letizia Raggiotti y Estela Escobar.<\/p>\n\n\n\n<p>El material fue realizado durante la pandemia, por lo que muchas de las compa\u00f1eras aprendieron a usar herramientas inform\u00e1ticas como zoom, meet o videollamadas como forma de vencer las obst\u00e1culos impuestos por la pandemia, ante la imposibilidad de encontrarse. Este libro estuvo precedido por otro titulado &#8220;Nosotras, presas pol\u00edticas&#8221;, donde se relata la experiencia carcelaria y est\u00e1 realizado en base a cartas poemas, an\u00e1lisis de situaci\u00f3n, etc.<\/p>\n\n\n\n<p>Las y los interesados en disfrutar el libro-web deben ingresar <a href=\"https:\/\/nosotrasenlibertad.com\/libroweb\/\">aqu\u00ed<\/a>. <\/p>\n\n\n\n<p><strong>Lo importante de transmitir<\/strong><\/p>\n\n\n\n<div class=\"wp-block-image\"><figure class=\"alignright size-large is-resized\"><img loading=\"lazy\" decoding=\"async\" src=\"https:\/\/atecordoba.org\/wp-content\/uploads\/2022\/11\/IMG_20220329_234105_980-1024x768.webp\" alt=\"\" class=\"wp-image-34871\" width=\"512\" height=\"384\" srcset=\"https:\/\/atecordoba.org\/wp-content\/uploads\/2022\/11\/IMG_20220329_234105_980-1024x768.webp 1024w, https:\/\/atecordoba.org\/wp-content\/uploads\/2022\/11\/IMG_20220329_234105_980-300x225.webp 300w, https:\/\/atecordoba.org\/wp-content\/uploads\/2022\/11\/IMG_20220329_234105_980-768x576.webp 768w, https:\/\/atecordoba.org\/wp-content\/uploads\/2022\/11\/IMG_20220329_234105_980-750x563.webp 750w, https:\/\/atecordoba.org\/wp-content\/uploads\/2022\/11\/IMG_20220329_234105_980.webp 1080w\" sizes=\"auto, (max-width: 512px) 100vw, 512px\" \/><figcaption>Imagen de la presentaci\u00f3n realizada en ATE durante los actos por el mes de la memoria.<\/figcaption><\/figure><\/div>\n\n\n\n<p>&#8220;Esta vez cre\u00edmos importante transmitir a las nuevas generaciones una determinaci\u00f3n y una metodolog\u00eda que nos sirvi\u00f3 para resistir en la c\u00e1rcel las pol\u00edticas de aniquilamiento que implementaba la dictadura. Si algo caracteriz\u00f3 a las presas pol\u00edticas fue la constante b\u00fasqueda de unidad,&nbsp;dejando de lado las diferencias de edad, culturales, sociales y de procedencia pol\u00edtica&#8221;, remarca San Nicol\u00e1s.<\/p>\n\n\n\n<p>&#8220;El mensaje que se pretende dar consiste en que es posible alcanzar cualquier objetivo que nos propongamos&nbsp;si estamos unidas y somos solidarias entre nosotras las que estamos de un mismo lado, las que pertenecemos al campo nacional y popular, dejando de lado diferencias circunstanciales y enfocando en un objetivo com\u00fan. La realizaci\u00f3n del libro es una muestra de ello&#8221;, sostiene Norma.<\/p>\n\n\n\n<p>Y concluye: &#8220;el prop\u00f3sito es dejar un legado a las nuevas generaciones e impedir que se corte el hilo de la historia que une un pasado com\u00fan de lucha y resistencia con las luchas del presente.&nbsp; Iremos a Santa Mar\u00eda este s\u00e1bado a presentar el libro, pero tambi\u00e9n a recordar la lucha de los compa\u00f1eros del Hospital Santa Mar\u00eda y reivindicar la lucha de los agentes de salud hoy tan maltratados en C\u00f3rdoba y en otra lugares del pa\u00eds&#8221;.<\/p>\n\n\n\n<p>La convocatoria es, entonces, este s\u00e1bado 26 de noviembre, a las 20 horas, en el Espacio Cultural Takay NIna, Ferm\u00edn Rodr\u00edguez 1665 Santa Mar\u00eda de Punilla.<\/p>\n\n\n\n<p>Contactos, por Facebook en @takaynina, por Instagram en @takay_nina o por whatsapp a trav\u00e9s del 3541542429.<\/p>\n","protected":false},"excerpt":{"rendered":"<p>El Colectivo de Ex Presas Pol\u00edticas de Villa Devoto presentar\u00e1 este s\u00e1bado, en la localidad de Santa Mar\u00eda de Punilla, el libro-web &#8220;Nosotras en Libertad&#8221;. Se trata de una obra coral donde participaron 200 compa\u00f1eras que sufrieron la c\u00e1rcel, la persecuci\u00f3n, las vejaciones que se llevaron a cabo durante al dictadura genocida c\u00edvico-militar, trabajo que [&hellip;]<\/p>\n","protected":false},"author":7,"featured_media":34870,"comment_status":"open","ping_status":"open","sticky":false,"template":"","format":"standard","meta":{"_exactmetrics_skip_tracking":false,"_exactmetrics_sitenote_active":false,"_exactmetrics_sitenote_note":"","_exactmetrics_sitenote_category":0,"jnews-multi-image_gallery":[],"jnews_single_post":{"subtitle":"El libro es gratuito, de libre acceso, y fue financiado enteramente por las propias protagonistas de la obra. \"La idea es que sea accesible al p\u00fablico, especialmente a las nuevas generaciones. Por eso fue importante optar tanto por la gratuidad como por el formato interactivo\", explica Norma San Nicol\u00e1s, integrante del colectivo de ex presas.","format":"standard","video":"","gallery":"","source_name":"","source_url":"","via_name":"","via_url":"","override_template":"0","override":[{"template":"1","single_blog_custom":"","parallax":"1","fullscreen":"1","layout":"right-sidebar","sidebar":"default-sidebar","second_sidebar":"default-sidebar","sticky_sidebar":"1","share_position":"top","share_float_style":"share-monocrhome","show_share_counter":"1","show_view_counter":"1","show_featured":"1","show_post_meta":"1","show_post_author":"1","show_post_author_image":"1","show_post_date":"1","post_date_format":"default","post_date_format_custom":"Y\/m\/d","show_post_category":"1","show_post_reading_time":"0","post_reading_time_wpm":"300","show_zoom_button":"0","zoom_button_out_step":"2","zoom_button_in_step":"3","show_post_tag":"1","show_prev_next_post":"1","show_popup_post":"1","number_popup_post":"1","show_author_box":"0","show_post_related":"0","show_inline_post_related":"0"}],"override_image_size":"0","image_override":[{"single_post_thumbnail_size":"crop-500","single_post_gallery_size":"crop-500"}],"trending_post":"0","trending_post_position":"meta","trending_post_label":"Trending","sponsored_post":"0","sponsored_post_label":"Sponsored by","sponsored_post_name":"","sponsored_post_url":"","sponsored_post_logo_enable":"0","sponsored_post_logo":"","sponsored_post_desc":"","disable_ad":"0"},"jnews_primary_category":{"id":""},"jnews_social_meta":{"fb_title":"","fb_description":"","fb_image":"","twitter_title":"","twitter_description":"","twitter_image":""},"jnews_review":[],"enable_review":"0","type":"percentage","name":"","summary":"","brand":"","sku":"","good":[{"good_text":""}],"bad":[{"bad_text":""}],"score_override":"","override_value":"","rating":[{"rating_text":"","rating_number":"10"}],"price":[{"shop":"","price":"","link":"","icon":""}],"jnews_override_counter":{"override_view_counter":"0","view_counter_number":"0","override_share_counter":"0","share_counter_number":"0","override_like_counter":"0","like_counter_number":"0","override_dislike_counter":"0","dislike_counter_number":"0"},"jnews_post_split":{"enable_post_split":"0","post_split":[{"template":"1","tag":"h2","numbering":"asc","mode":"normal","first":"0","enable_toc":"0","toc_type":"normal"}]},"footnotes":""},"categories":[341,122,325],"tags":[],"class_list":["post-34869","post","type-post","status-publish","format-standard","has-post-thumbnail","hentry","category-cdp","category-ddhh","category-generos-y-diversidades"],"jetpack_featured_media_url":"https:\/\/atecordoba.org\/wp-content\/uploads\/2022\/11\/flyernosotras-e1669311400500.jpg","_links":{"self":[{"href":"https:\/\/atecordoba.org\/index.php?rest_route=\/wp\/v2\/posts\/34869","targetHints":{"allow":["GET"]}}],"collection":[{"href":"https:\/\/atecordoba.org\/index.php?rest_route=\/wp\/v2\/posts"}],"about":[{"href":"https:\/\/atecordoba.org\/index.php?rest_route=\/wp\/v2\/types\/post"}],"author":[{"embeddable":true,"href":"https:\/\/atecordoba.org\/index.php?rest_route=\/wp\/v2\/users\/7"}],"replies":[{"embeddable":true,"href":"https:\/\/atecordoba.org\/index.php?rest_route=%2Fwp%2Fv2%2Fcomments&post=34869"}],"version-history":[{"count":6,"href":"https:\/\/atecordoba.org\/index.php?rest_route=\/wp\/v2\/posts\/34869\/revisions"}],"predecessor-version":[{"id":34881,"href":"https:\/\/atecordoba.org\/index.php?rest_route=\/wp\/v2\/posts\/34869\/revisions\/34881"}],"wp:featuredmedia":[{"embeddable":true,"href":"https:\/\/atecordoba.org\/index.php?rest_route=\/wp\/v2\/media\/34870"}],"wp:attachment":[{"href":"https:\/\/atecordoba.org\/index.php?rest_route=%2Fwp%2Fv2%2Fmedia&parent=34869"}],"wp:term":[{"taxonomy":"category","embeddable":true,"href":"https:\/\/atecordoba.org\/index.php?rest_route=%2Fwp%2Fv2%2Fcategories&post=34869"},{"taxonomy":"post_tag","embeddable":true,"href":"https:\/\/atecordoba.org\/index.php?rest_route=%2Fwp%2Fv2%2Ftags&post=34869"}],"curies":[{"name":"wp","href":"https:\/\/api.w.org\/{rel}","templated":true}]}}