{"id":34837,"date":"2022-11-23T12:47:04","date_gmt":"2022-11-23T15:47:04","guid":{"rendered":"https:\/\/atecordoba.org\/?p=34837"},"modified":"2022-11-24T11:16:08","modified_gmt":"2022-11-24T14:16:08","slug":"pami-ate-logro-la-recategorizacion-de-dos-afiliadas-en-la-ugl-cordoba","status":"publish","type":"post","link":"https:\/\/atecordoba.org\/?p=34837","title":{"rendered":"PAMI:  ATE logr\u00f3 la recategorizaci\u00f3n de dos afiliadas en la UGL C\u00f3rdoba"},"content":{"rendered":"\n<div class=\"wp-block-image\"><figure class=\"aligncenter size-large is-resized\"><img loading=\"lazy\" decoding=\"async\" src=\"https:\/\/atecordoba.org\/wp-content\/uploads\/2022\/11\/pamifachada-1024x473.jpg\" alt=\"\" class=\"wp-image-34838\" width=\"768\" height=\"355\" \/><\/figure><\/div>\n\n\n\n<p>Hoy se conoci\u00f3 el resultado de una gesti\u00f3n llevada adelante por la Coordinaci\u00f3n Nacional de ATE PAMI, que logr\u00f3 la recategorizaci\u00f3n de dos trabajadoras de la Unidades de Gesti\u00f3n Local (UGL) C\u00f3rdoba del organismo.<\/p>\n\n\n\n<p>Se trata de un reclamo largamente realizado por nuestro gremio frente a una patronal que hac\u00eda o\u00eddos sordos al derecho de estas compa\u00f1eras, despu\u00e9s de mucho tiempo de realizar tareas por encima de su categor\u00eda sin el reconocimiento correspondiente. <\/p>\n\n\n\n<p>La delegada de ATE en el sector, Elisa Ojeda celebr\u00f3 este avance en las condiciones de trabajo y se\u00f1al\u00f3 que &#8220;hay otros casos pendientes y los tr\u00e1mites est\u00e1n saliendo de a poco&#8221;. <\/p>\n\n\n\n<p>De esta forma, ATE rubrica su pol\u00edtica de mejorar constantemente las condiciones de trabajo de las y los estatales. <\/p>\n\n\n\n<p><strong>Reconocimiento de funci\u00f3n<\/strong><\/p>\n\n\n\n<p>Adem\u00e1s, gracias a la gesti\u00f3n ATE PAMI C\u00d3RDOBA se consigui\u00f3 el reconocimiento de funci\u00f3n para la profesional afiliada. Silvana Cornelis.<\/p>\n","protected":false},"excerpt":{"rendered":"<p>Hoy se conoci\u00f3 el resultado de una gesti\u00f3n llevada adelante por la Coordinaci\u00f3n Nacional de ATE PAMI, que logr\u00f3 la recategorizaci\u00f3n de dos trabajadoras de la Unidades de Gesti\u00f3n Local (UGL) C\u00f3rdoba del organismo. Se trata de un reclamo largamente realizado por nuestro gremio frente a una patronal que hac\u00eda o\u00eddos sordos al derecho de [&hellip;]<\/p>\n","protected":false},"author":7,"featured_media":34838,"comment_status":"open","ping_status":"open","sticky":false,"template":"","format":"standard","meta":{"_exactmetrics_skip_tracking":false,"_exactmetrics_sitenote_active":false,"_exactmetrics_sitenote_note":"","_exactmetrics_sitenote_category":0,"jnews-multi-image_gallery":[],"jnews_single_post":{"subtitle":"a delegada de ATE en el sector, Elisa Ojeda celebr\u00f3 este avance en las condiciones de trabajo y se\u00f1al\u00f3 que \"hay otros casos pendientes y los tr\u00e1mites est\u00e1n saliendo de a poco\". ","format":"standard","video":"","gallery":"","source_name":"","source_url":"","via_name":"","via_url":"","override_template":"0","override":[{"template":"1","single_blog_custom":"","parallax":"1","fullscreen":"1","layout":"right-sidebar","sidebar":"default-sidebar","second_sidebar":"default-sidebar","sticky_sidebar":"1","share_position":"top","share_float_style":"share-monocrhome","show_share_counter":"1","show_view_counter":"1","show_featured":"1","show_post_meta":"1","show_post_author":"1","show_post_author_image":"1","show_post_date":"1","post_date_format":"default","post_date_format_custom":"Y\/m\/d","show_post_category":"1","show_post_reading_time":"0","post_reading_time_wpm":"300","show_zoom_button":"0","zoom_button_out_step":"2","zoom_button_in_step":"3","show_post_tag":"1","show_prev_next_post":"1","show_popup_post":"1","number_popup_post":"1","show_author_box":"0","show_post_related":"0","show_inline_post_related":"0"}],"override_image_size":"0","image_override":[{"single_post_thumbnail_size":"crop-500","single_post_gallery_size":"crop-500"}],"trending_post":"0","trending_post_position":"meta","trending_post_label":"Trending","sponsored_post":"0","sponsored_post_label":"Sponsored by","sponsored_post_name":"","sponsored_post_url":"","sponsored_post_logo_enable":"0","sponsored_post_logo":"","sponsored_post_desc":"","disable_ad":"0"},"jnews_primary_category":{"id":""},"jnews_social_meta":{"fb_title":"","fb_description":"","fb_image":"","twitter_title":"","twitter_description":"","twitter_image":""},"jnews_review":[],"enable_review":"0","type":"percentage","name":"","summary":"","brand":"","sku":"","good":[{"good_text":""}],"bad":[{"bad_text":""}],"score_override":"","override_value":"","rating":[{"rating_text":"","rating_number":"10"}],"price":[{"shop":"","price":"","link":"","icon":""}],"jnews_override_counter":{"override_view_counter":"0","view_counter_number":"0","override_share_counter":"0","share_counter_number":"0","override_like_counter":"0","like_counter_number":"0","override_dislike_counter":"0","dislike_counter_number":"0"},"jnews_post_split":{"enable_post_split":"0","post_split":[{"template":"1","tag":"h2","numbering":"asc","mode":"normal","first":"0","enable_toc":"0","toc_type":"normal"}]},"footnotes":""},"categories":[18],"tags":[57],"class_list":["post-34837","post","type-post","status-publish","format-standard","has-post-thumbnail","hentry","category-nacionales","tag-pami"],"jetpack_featured_media_url":"https:\/\/atecordoba.org\/wp-content\/uploads\/2022\/11\/pamifachada-e1669218419445.jpg","_links":{"self":[{"href":"https:\/\/atecordoba.org\/index.php?rest_route=\/wp\/v2\/posts\/34837","targetHints":{"allow":["GET"]}}],"collection":[{"href":"https:\/\/atecordoba.org\/index.php?rest_route=\/wp\/v2\/posts"}],"about":[{"href":"https:\/\/atecordoba.org\/index.php?rest_route=\/wp\/v2\/types\/post"}],"author":[{"embeddable":true,"href":"https:\/\/atecordoba.org\/index.php?rest_route=\/wp\/v2\/users\/7"}],"replies":[{"embeddable":true,"href":"https:\/\/atecordoba.org\/index.php?rest_route=%2Fwp%2Fv2%2Fcomments&post=34837"}],"version-history":[{"count":3,"href":"https:\/\/atecordoba.org\/index.php?rest_route=\/wp\/v2\/posts\/34837\/revisions"}],"predecessor-version":[{"id":34868,"href":"https:\/\/atecordoba.org\/index.php?rest_route=\/wp\/v2\/posts\/34837\/revisions\/34868"}],"wp:featuredmedia":[{"embeddable":true,"href":"https:\/\/atecordoba.org\/index.php?rest_route=\/wp\/v2\/media\/34838"}],"wp:attachment":[{"href":"https:\/\/atecordoba.org\/index.php?rest_route=%2Fwp%2Fv2%2Fmedia&parent=34837"}],"wp:term":[{"taxonomy":"category","embeddable":true,"href":"https:\/\/atecordoba.org\/index.php?rest_route=%2Fwp%2Fv2%2Fcategories&post=34837"},{"taxonomy":"post_tag","embeddable":true,"href":"https:\/\/atecordoba.org\/index.php?rest_route=%2Fwp%2Fv2%2Ftags&post=34837"}],"curies":[{"name":"wp","href":"https:\/\/api.w.org\/{rel}","templated":true}]}}