{"id":3482,"date":"2013-10-24T15:27:28","date_gmt":"2013-10-24T18:27:28","guid":{"rendered":"http:\/\/www.atecordoba.org\/?p=3482"},"modified":"2013-10-24T15:27:28","modified_gmt":"2013-10-24T18:27:28","slug":"formacion-4o-modulo-de-la-historia-del-movimiento-obrero","status":"publish","type":"post","link":"https:\/\/atecordoba.org\/?p=3482","title":{"rendered":"Formaci\u00f3n: 4\u00ba M\u00f3dulo de la Historia del Movimiento Obrero"},"content":{"rendered":"<div>\n<p style=\"text-align: left;\" align=\"center\"><em>Continuando con el\u00a0 seminario de Historia del Movimiento Obrero organizado por el Consejo Directivo Provincial a trav\u00e9s de la\u00a0<b>Secretar\u00eda de Formaci\u00f3n de ATE,\u00a0<\/b>el d\u00eda s\u00e1bado 26 de octubre se dictar\u00e1 el \u00faltimo m\u00f3dulo de esta serie de encuentros cuyo objetivo es indagar en la historia del movimiento obrero. En esta oportunidad se abordar\u00e1\u00a0<b>La Historia de las luchas obreras en C\u00f3rdoba.<\/b><\/em><\/p>\n<p style=\"text-align: center;\" align=\"right\"><a href=\"http:\/\/www.atecordoba.org\/wp-content\/uploads\/2013\/10\/Afiche-Movimiento-Obrero-4-M\u00f3dulo-Para-enviar-por-mail.jpg\"><img loading=\"lazy\" decoding=\"async\" class=\"aligncenter  wp-image-3483\" alt=\"Afiche Movimiento Obrero 4 M\u00f3dulo (Para enviar por mail)\" src=\"http:\/\/www.atecordoba.org\/wp-content\/uploads\/2013\/10\/Afiche-Movimiento-Obrero-4-M\u00f3dulo-Para-enviar-por-mail.jpg\" width=\"379\" height=\"536\" \/><\/a><\/p>\n<p align=\"right\">Luchar, fracasar, volver a luchar, fracasar,<\/p>\n<p align=\"right\">volver a luchar hasta el triunfo final:<\/p>\n<p align=\"right\">\u00c9sta es la historia de la clase obrera\u201d<\/p>\n<p style=\"text-align: right;\" align=\"right\">(SITRAC-SITRAM)<\/p>\n<p style=\"text-align: left;\" align=\"center\">En este pr\u00f3ximo encuentro continuaremos con el abordaje de la historia de las luchas obreras en la provincia de C\u00f3rdoba, con los docentes Mariana Mastr\u00e1ngelo y Pablo Pozzi.<\/p>\n<p style=\"text-align: left;\"><b>La cita es el s\u00e1bado 26 de octubre desde las 9 hs hasta las 13hs, en el local de nuestro gremio Paran\u00e1 140<\/b><\/p>\n<p style=\"text-align: left;\" align=\"center\">\n<p style=\"text-align: left;\" align=\"right\">Informes e inscripciones:<\/p>\n<p style=\"text-align: left;\" align=\"right\">Cintia Conesta 155640618\u00a0<a href=\"mailto:cinconesta@hotmail.com\" target=\"_blank\" rel=\"noopener noreferrer\">cinconesta@hotmail.com<\/a><\/p>\n<p>Gustavo Peyroti 153871664\u00a0<a href=\"mailto:gpeyroti@atecordoba.org.ar\" target=\"_blank\" rel=\"noopener noreferrer\">gpeyroti@atecordoba.org.ar<\/a><\/div>\n<p>&nbsp;<\/p>\n","protected":false},"excerpt":{"rendered":"<p>Continuando con el\u00a0 seminario de Historia del Movimiento Obrero organizado por el Consejo Directivo Provincial a trav\u00e9s de la\u00a0Secretar\u00eda de Formaci\u00f3n de ATE,\u00a0el d\u00eda s\u00e1bado 26 de octubre se dictar\u00e1 el \u00faltimo m\u00f3dulo de esta serie de encuentros cuyo objetivo es indagar en la historia del movimiento obrero. En esta oportunidad se abordar\u00e1\u00a0La Historia de [&hellip;]<\/p>\n","protected":false},"author":1,"featured_media":19220,"comment_status":"open","ping_status":"open","sticky":false,"template":"","format":"standard","meta":{"_exactmetrics_skip_tracking":false,"_exactmetrics_sitenote_active":false,"_exactmetrics_sitenote_note":"","_exactmetrics_sitenote_category":0,"jnews-multi-image_gallery":[],"jnews_single_post":[],"jnews_primary_category":[],"jnews_social_meta":[],"jnews_review":[],"enable_review":"","type":"","name":"","summary":"","brand":"","sku":"","good":[],"bad":[],"score_override":"","override_value":"","rating":[],"price":[],"jnews_override_counter":[],"jnews_post_split":[],"footnotes":""},"categories":[88],"tags":[],"class_list":["post-3482","post","type-post","status-publish","format-standard","has-post-thumbnail","hentry","category-formacion"],"jetpack_featured_media_url":"https:\/\/atecordoba.org\/wp-content\/uploads\/2020\/05\/logo-nuevochico-e1561581322808.png","_links":{"self":[{"href":"https:\/\/atecordoba.org\/index.php?rest_route=\/wp\/v2\/posts\/3482","targetHints":{"allow":["GET"]}}],"collection":[{"href":"https:\/\/atecordoba.org\/index.php?rest_route=\/wp\/v2\/posts"}],"about":[{"href":"https:\/\/atecordoba.org\/index.php?rest_route=\/wp\/v2\/types\/post"}],"author":[{"embeddable":true,"href":"https:\/\/atecordoba.org\/index.php?rest_route=\/wp\/v2\/users\/1"}],"replies":[{"embeddable":true,"href":"https:\/\/atecordoba.org\/index.php?rest_route=%2Fwp%2Fv2%2Fcomments&post=3482"}],"version-history":[{"count":0,"href":"https:\/\/atecordoba.org\/index.php?rest_route=\/wp\/v2\/posts\/3482\/revisions"}],"wp:featuredmedia":[{"embeddable":true,"href":"https:\/\/atecordoba.org\/index.php?rest_route=\/wp\/v2\/media\/19220"}],"wp:attachment":[{"href":"https:\/\/atecordoba.org\/index.php?rest_route=%2Fwp%2Fv2%2Fmedia&parent=3482"}],"wp:term":[{"taxonomy":"category","embeddable":true,"href":"https:\/\/atecordoba.org\/index.php?rest_route=%2Fwp%2Fv2%2Fcategories&post=3482"},{"taxonomy":"post_tag","embeddable":true,"href":"https:\/\/atecordoba.org\/index.php?rest_route=%2Fwp%2Fv2%2Ftags&post=3482"}],"curies":[{"name":"wp","href":"https:\/\/api.w.org\/{rel}","templated":true}]}}