{"id":34812,"date":"2022-11-22T13:00:39","date_gmt":"2022-11-22T16:00:39","guid":{"rendered":"https:\/\/atecordoba.org\/?p=34812"},"modified":"2022-11-22T13:15:55","modified_gmt":"2022-11-22T16:15:55","slug":"ate-se-reunio-con-el-ministerio-de-salud-y-pidio-un-salario-inicial-de-140-mil-pesos","status":"publish","type":"post","link":"https:\/\/atecordoba.org\/?p=34812","title":{"rendered":"ATE se reuni\u00f3 con el Ministerio de Salud y pidi\u00f3 un salario inicial de 140 mil pesos"},"content":{"rendered":"\n<div class=\"wp-block-image\"><figure class=\"aligncenter size-large is-resized\"><img loading=\"lazy\" decoding=\"async\" src=\"https:\/\/atecordoba.org\/wp-content\/uploads\/2022\/11\/WhatsApp-Image-2022-11-22-at-08.56.34-1024x768.jpeg\" alt=\"\" class=\"wp-image-34813\" width=\"768\" height=\"576\" srcset=\"https:\/\/atecordoba.org\/wp-content\/uploads\/2022\/11\/WhatsApp-Image-2022-11-22-at-08.56.34-1024x768.jpeg 1024w, https:\/\/atecordoba.org\/wp-content\/uploads\/2022\/11\/WhatsApp-Image-2022-11-22-at-08.56.34-300x225.jpeg 300w, https:\/\/atecordoba.org\/wp-content\/uploads\/2022\/11\/WhatsApp-Image-2022-11-22-at-08.56.34-768x576.jpeg 768w, https:\/\/atecordoba.org\/wp-content\/uploads\/2022\/11\/WhatsApp-Image-2022-11-22-at-08.56.34-1536x1152.jpeg 1536w, https:\/\/atecordoba.org\/wp-content\/uploads\/2022\/11\/WhatsApp-Image-2022-11-22-at-08.56.34-750x563.jpeg 750w, https:\/\/atecordoba.org\/wp-content\/uploads\/2022\/11\/WhatsApp-Image-2022-11-22-at-08.56.34-1140x855.jpeg 1140w, https:\/\/atecordoba.org\/wp-content\/uploads\/2022\/11\/WhatsApp-Image-2022-11-22-at-08.56.34.jpeg 1600w\" sizes=\"auto, (max-width: 768px) 100vw, 768px\" \/><\/figure><\/div>\n\n\n\n<p>El Ministerio de Salud de la provincia llam\u00f3 a ATE C\u00f3rdoba a mantener una audiencia, en un paso hist\u00f3rico para nuestro gremio. La convocatoria se realiz\u00f3 el pasado viernes 18 de noviembre a \u00faltima hora y cont\u00f3 con la presencia del secretario de Salud de la Provincia, Sergio Metrebi\u00e1n, que recibi\u00f3 al secretario General del Consejo Directivo Provincial (CDP), Federico Giuliani y a una delegaci\u00f3n estatal integrada por el secretario de Formaci\u00f3n, C\u00e9sar Theaux, la secretaria General de ATE R\u00edo Cuarto, Rafaela Alcoba, y el secretario General de ATE San Justo, Dar\u00edo Paredes, y el delegado del Hospital San Roque Viejo, Osvaldo Reynaldo.<\/p>\n\n\n\n<p>Durante el encuentro entre el funcionario y los representantes gremiales ATE hizo entrega de un petitorio donde est\u00e1n detallados los reclamos que surgieron de las asambleas realizadas en los hospitales provinciales, encabezados por el rechazo a la pauta salarial que recientemente se acord\u00f3 entre el gobierno y los gremios oficialistas, y se plante\u00f3 la necesidad de establecer un salario b\u00e1sico inicial del 140 mil pesos.<\/p>\n\n\n\n<p>Esta instancia de di\u00e1logo se alcanza despu\u00e9s que el plenario de delegados del 8 de noviembre diera mandato al CDP para realizar un pedido de audiencia con las autoridades de Salud de la Provincia, solicitud que se concret\u00f3 el 11 de noviembre, cinco d\u00edas antes del paro dispuesto por ATE para el 16 de noviembre.<\/p>\n\n\n\n<p>Cabe se\u00f1alar que, a pesar de la demora, se trata de un paso fundamental para canalizar los reclamos de los hospitales, despu\u00e9s que el anterior ministro del \u00e1rea, Diego Cardozo, se negara sistem\u00e1ticamente a recibir a nuestro gremio.<\/p>\n\n\n\n<p>De esta forma, la cartera de Salud reconoce la capacidad institucional&nbsp;y la legitimidad que otorgan las y los trabajadores provinciales a ATE para ejercer la representaci\u00f3n del sector. <\/p>\n\n\n\n<p>Tras la reuni\u00f3n, ATE ratific\u00f3 el paro total de actividades en la provincia para ma\u00f1ana mi\u00e9rcoles 23 de noviembre.<\/p>\n\n\n\n<p><strong>Petitorio<\/strong><\/p>\n\n\n\n<p>En la oportunidad, Giuliani hizo entrega de un petitorio donde se encuentran la serie de puntos que conforman el reclamo de los hospitales, encabezado por el pedido de establecer el salario inicial por encima de los 139737 pesos, monto que fija el INDEC como l\u00edmite para una familia para cubrir la canasta b\u00e1sica total.<\/p>\n\n\n\n<p>Metrebi\u00e1n tambi\u00e9n recibi\u00f3 el pedido formal para que se constituya una Mesa de Negociaci\u00f3n de funcionamiento regular mensual con la inmediata incorporaci\u00f3n de ATE a la Paritaria provincial.<\/p>\n\n\n\n<p>En ese marco, ATE dej\u00f3 clara su postura, expresada en todas las asambleas de los hospitales convocadas a tal efecto, que las sumas no remunerativas deben incorporarse al b\u00e1sico para que tengan impacto en todos los \u00edtems que conforman el salario completo, as\u00ed como en los haberes de los jubilados.<\/p>\n\n\n\n<p>As\u00ed tambi\u00e9n, entre otros puntos, se plante\u00f3 el urgente pase a planta permanente de las y los agentes en condici\u00f3n precarizada como Becarios y monotributistas, tanto de la ley 7233 como 7325.<\/p>\n\n\n\n<p><strong>M\u00e1s puntos de reclamo<\/strong><\/p>\n\n\n\n<p>Federico Giuliani traslad\u00f3 al funcionario de Salud el reclamo para que se realice la contrataci\u00f3n de residentes que son cruelmente explotados, con jornadas laborales insalubres, debido a su condici\u00f3n de m\u00e9dicos y m\u00e9dicas en formaci\u00f3n, con remuneraciones indignas.<\/p>\n\n\n\n<p>Se plante\u00f3 que, en l\u00ednea a lo sucedido en la Capital Federal, los residentes deben modificar sus condiciones de trabajo y salariales.<\/p>\n\n\n\n<p>Asimismo, la delegaci\u00f3n de ATE plante\u00f3 que finalicen las tercerizaciones y privatizaciones de servicios y se retrotraiga la situaci\u00f3n para que sea el Estado quien garantice los servicios, al tiempo que se reclam\u00f3 que las y los agentes que actualmente prestan dichos servicios sean incorporados al plantel de los equipos de salud.<\/p>\n\n\n\n<p>Tambi\u00e9n se puso de relieve la necesidad que las y los jubilados recuperen el 82% m\u00f3vil que establece la constituci\u00f3n y que el Gobierno de la Provincia ha dejado de pagar con las sucesivas modificaciones del r\u00e9gimen previsional, la \u00faltima implementada en plena pandemia.<\/p>\n\n\n\n<p>Por \u00faltimo, se realiz\u00f3 el planteo hist\u00f3rico del sector salud: la unificaci\u00f3n de las leyes 7233 y 7625.<\/p>\n\n\n\n<p><strong>Medidas de fuerza<\/strong><\/p>\n\n\n\n<p>A la salida de la audiencia Theaux dijo que se trat\u00f3 de \u201cuna reuni\u00f3n institucional donde Metrebi\u00e1n se comprometi\u00f3 a darnos fecha de apertura de la Mesa de Di\u00e1logo\u201d para esta semana.<\/p>\n\n\n\n<p>En la reuni\u00f3n se dej\u00f3 constancia que el paro y diversas protestas que se llevaron a cabo la semana pasada, como la programada para ma\u00f1ana 23 de noviembre, fueron garantizadas por ATE. &#8220;Debe quedar claro que las \u00fanicas medidas de fuerza que tienen cobertura de ATE son las que comunica al Ministerio de Trabajo de la naci\u00f3n con la firma del secretario General, Federico Giuliani\u201d, explic\u00f3 Theaux, para encauzar la representaci\u00f3n de las y los trabajadores en conflicto y garantizar que no tengan posteriormente consecuencias administrativas por llevar a cabo las diversas medidas de fuerza.<\/p>\n\n\n\n<p>Cabe se\u00f1alar que solo las organizaciones sindicales con personer\u00eda gremial est\u00e1n en condiciones de convocar a paro.<\/p>\n\n\n\n<p><strong>La notificaci\u00f3n entregada al Ministerio de Salud<\/strong><\/p>\n\n\n<a href=\"https:\/\/atecordoba.org\/wp-content\/uploads\/2022\/11\/Nota-Minist.-Salud.-Barbas.pdf\" class=\"pdfemb-viewer\" style=\"\" data-width=\"max\" data-height=\"max\" data-toolbar=\"bottom\" data-toolbar-fixed=\"off\">Nota-Minist.-Salud.-Barbas<\/a>\n<p class=\"wp-block-pdfemb-pdf-embedder-viewer\"><\/p>\n","protected":false},"excerpt":{"rendered":"<p>El Ministerio de Salud de la provincia llam\u00f3 a ATE C\u00f3rdoba a mantener una audiencia, en un paso hist\u00f3rico para nuestro gremio. La convocatoria se realiz\u00f3 el pasado viernes 18 de noviembre a \u00faltima hora y cont\u00f3 con la presencia del secretario de Salud de la Provincia, Sergio Metrebi\u00e1n, que recibi\u00f3 al secretario General del [&hellip;]<\/p>\n","protected":false},"author":7,"featured_media":34814,"comment_status":"open","ping_status":"open","sticky":false,"template":"","format":"standard","meta":{"_exactmetrics_skip_tracking":false,"_exactmetrics_sitenote_active":false,"_exactmetrics_sitenote_note":"","_exactmetrics_sitenote_category":0,"jnews-multi-image_gallery":[],"jnews_single_post":{"subtitle":"El viernes pasado la conducci\u00f3n encabezada por Federico Giuliani plante\u00f3 la agenda de reclamos de los hospitales provinciales y ratific\u00f3 el paro del 23 de noviembre.","format":"standard","video":"","gallery":"","source_name":"","source_url":"","via_name":"","via_url":"","override_template":"0","override":[{"template":"1","single_blog_custom":"","parallax":"1","fullscreen":"1","layout":"right-sidebar","sidebar":"default-sidebar","second_sidebar":"default-sidebar","sticky_sidebar":"1","share_position":"top","share_float_style":"share-monocrhome","show_share_counter":"1","show_view_counter":"1","show_featured":"1","show_post_meta":"1","show_post_author":"1","show_post_author_image":"1","show_post_date":"1","post_date_format":"default","post_date_format_custom":"Y\/m\/d","show_post_category":"1","show_post_reading_time":"0","post_reading_time_wpm":"300","show_zoom_button":"0","zoom_button_out_step":"2","zoom_button_in_step":"3","show_post_tag":"1","show_prev_next_post":"1","show_popup_post":"1","number_popup_post":"1","show_author_box":"0","show_post_related":"0","show_inline_post_related":"0"}],"override_image_size":"0","image_override":[{"single_post_thumbnail_size":"crop-500","single_post_gallery_size":"crop-500"}],"trending_post":"0","trending_post_position":"meta","trending_post_label":"Trending","sponsored_post":"0","sponsored_post_label":"Sponsored by","sponsored_post_name":"","sponsored_post_url":"","sponsored_post_logo_enable":"0","sponsored_post_logo":"","sponsored_post_desc":"","disable_ad":"0"},"jnews_primary_category":{"id":""},"jnews_social_meta":{"fb_title":"","fb_description":"","fb_image":"","twitter_title":"","twitter_description":"","twitter_image":""},"jnews_review":[],"enable_review":"0","type":"percentage","name":"","summary":"","brand":"","sku":"","good":[{"good_text":""}],"bad":[{"bad_text":""}],"score_override":"","override_value":"","rating":[{"rating_text":"","rating_number":"10"}],"price":[{"shop":"","price":"","link":"","icon":""}],"jnews_override_counter":{"override_view_counter":"0","view_counter_number":"0","override_share_counter":"0","share_counter_number":"0","override_like_counter":"0","like_counter_number":"0","override_dislike_counter":"0","dislike_counter_number":"0"},"jnews_post_split":{"enable_post_split":"0","post_split":[{"template":"1","tag":"h2","numbering":"asc","mode":"normal","first":"0","enable_toc":"0","toc_type":"normal"}]},"footnotes":""},"categories":[341],"tags":[1273,1274,657,31],"class_list":["post-34812","post","type-post","status-publish","format-standard","has-post-thumbnail","hentry","category-cdp","tag-conflicto-salud","tag-cordoba-en-conflicto-de-salud","tag-hospitales-provinciales","tag-provinciales-2"],"jetpack_featured_media_url":"https:\/\/atecordoba.org\/wp-content\/uploads\/2022\/11\/salud-e1669127800330.jpeg","_links":{"self":[{"href":"https:\/\/atecordoba.org\/index.php?rest_route=\/wp\/v2\/posts\/34812","targetHints":{"allow":["GET"]}}],"collection":[{"href":"https:\/\/atecordoba.org\/index.php?rest_route=\/wp\/v2\/posts"}],"about":[{"href":"https:\/\/atecordoba.org\/index.php?rest_route=\/wp\/v2\/types\/post"}],"author":[{"embeddable":true,"href":"https:\/\/atecordoba.org\/index.php?rest_route=\/wp\/v2\/users\/7"}],"replies":[{"embeddable":true,"href":"https:\/\/atecordoba.org\/index.php?rest_route=%2Fwp%2Fv2%2Fcomments&post=34812"}],"version-history":[{"count":3,"href":"https:\/\/atecordoba.org\/index.php?rest_route=\/wp\/v2\/posts\/34812\/revisions"}],"predecessor-version":[{"id":34819,"href":"https:\/\/atecordoba.org\/index.php?rest_route=\/wp\/v2\/posts\/34812\/revisions\/34819"}],"wp:featuredmedia":[{"embeddable":true,"href":"https:\/\/atecordoba.org\/index.php?rest_route=\/wp\/v2\/media\/34814"}],"wp:attachment":[{"href":"https:\/\/atecordoba.org\/index.php?rest_route=%2Fwp%2Fv2%2Fmedia&parent=34812"}],"wp:term":[{"taxonomy":"category","embeddable":true,"href":"https:\/\/atecordoba.org\/index.php?rest_route=%2Fwp%2Fv2%2Fcategories&post=34812"},{"taxonomy":"post_tag","embeddable":true,"href":"https:\/\/atecordoba.org\/index.php?rest_route=%2Fwp%2Fv2%2Ftags&post=34812"}],"curies":[{"name":"wp","href":"https:\/\/api.w.org\/{rel}","templated":true}]}}