{"id":34803,"date":"2022-11-18T09:31:32","date_gmt":"2022-11-18T12:31:32","guid":{"rendered":"https:\/\/atecordoba.org\/?p=34803"},"modified":"2022-11-18T11:05:30","modified_gmt":"2022-11-18T14:05:30","slug":"a-diez-anos-de-un-paro-que-hizo-historia","status":"publish","type":"post","link":"https:\/\/atecordoba.org\/?p=34803","title":{"rendered":"A diez a\u00f1os de un paro que hizo historia"},"content":{"rendered":"\n<div class=\"wp-block-image\"><figure class=\"aligncenter size-full is-resized\"><img loading=\"lazy\" decoding=\"async\" src=\"https:\/\/atecordoba.org\/wp-content\/uploads\/2022\/11\/paro2012.jpg\" alt=\"\" class=\"wp-image-34804\" width=\"767\" height=\"512\" \/><\/figure><\/div>\n\n\n\n<p><strong>Por Juan Carlos Giuliani*<\/strong><\/p>\n\n\n\n<p>El 20 de noviembre de 2012 fue un punto de inflexi\u00f3n. Volvimos a ser protagonistas de una medida de acci\u00f3n unitaria que conmovi\u00f3 al pa\u00eds de punta a punta. Ni el m\u00e1s ac\u00e9rrimo de nuestros cr\u00edticos se anima a negar lo que fue evidente: La potencia, extensi\u00f3n y masividad del Paro y Movilizaci\u00f3n Nacional que la CTA Aut\u00f3noma llev\u00f3 adelante con la CGT de Hugo Moyano y otras organizaciones hermanas el D\u00eda de la Soberan\u00eda Nacional.<\/p>\n\n\n\n<p>Volvimos a reivindicar nuestra identidad de clase. A darle prioridad a la contradicci\u00f3n principal que nos hace ser pobres aunque tengamos trabajo \u2013injusta distribuci\u00f3n de la riqueza en un pa\u00eds dependiente y expoliado por las transnacionales- antes que a perdernos en la mara\u00f1a de contradicciones secundarias que cruzan al campo popular.<\/p>\n\n\n\n<p>No estamos dispuestos a participar del relato enga\u00f1oso que propone el poder, seg\u00fan el cual la realidad debe abordarse de manera binaria, blanco o negro, cero o cien. Demostramos ser capaces de poner en valor los temas que desvelan al movimiento obrero, los estudiantes, chacareros, peque\u00f1os empresarios urbanos, profesionales, t\u00e9cnicos, desocupados, movimientos sociales, pueblos originarios: El salario, la inflaci\u00f3n, el 82% m\u00f3vil; la concentraci\u00f3n y extranjerizaci\u00f3n de la econom\u00eda; la democratizaci\u00f3n de la tierra; la Reforma Agraria; el rechazo al pago de la Deuda P\u00fablica con los recursos de los asalariados; la necesidad de una Reforma Tributaria progresiva; la exigencia de derogaci\u00f3n de las leyes de ART y Asociaciones Sindicales; la necesidad de avanzar en la construcci\u00f3n de un nuevo paradigma emancipador basado en pol\u00edticas universales, las \u00fanicas capaces de erradicar la escandalosa desigualdad social que impera en nuestra Patria.<\/p>\n\n\n\n<p>Volvimos a decirle a los patrones que no insistan con la soberbia, el desprecio y el ninguneo. El pueblo es paciente, tiene conciencia de la relaci\u00f3n de fuerzas, no va a dar ning\u00fan salto al vac\u00edo, mide las consecuencias de sus acciones u omisiones, va madurando una idea hasta encontrar alguna certeza. Entonces, cuando toma la decisi\u00f3n de dar una respuesta, es contundente y hace tronar el escarmiento.<\/p>\n\n\n\n<p>Hace diez a\u00f1os atr\u00e1s recorrimos el camino hacia el interior de nosotros mismos, un sendero que conduce al reencuentro con nuestras mejores tradiciones, gozando del consenso abrumador obtenido por ese plan de acci\u00f3n debatido fraternalmente en el seno de la CTA en encuentros, reuniones, asambleas y plenarios a lo largo y ancho de nuestro pa\u00eds. Haci\u00e9ndolo entre todos, construyendo colectivamente para que lo extraordinario se convierta en cotidiano.<\/p>\n\n\n\n<p>En el rostro y las manos de tantos compa\u00f1eros y compa\u00f1eras que desde el alba -desafiando la oscuridad y las amenazas, veladas o expl\u00edcitas de represalias de descontar el d\u00eda, provocar despidos o la baja de alg\u00fan plan social- le pusieron el cuerpo a esa propuesta de la Central, recuperamos la m\u00edstica que riega la conciencia de unidad de la clase. Una m\u00edstica y un empuje que hoy es imperioso recuperar en su m\u00e1s amplia dimensi\u00f3n.<\/p>\n\n\n\n<p>Ese 20 de noviembre de 2012 -hace una d\u00e9cada- fue un hecho hist\u00f3rico. La CTA se instal\u00f3, por derecho propio y prepotencia de trabajo, en uno de los puntos m\u00e1s altos de su iniciativa pol\u00edtica. Hoy, en otra coyuntura, con las penurias de la pandemia a cuestas, golpeados por la crisis, frente a la prepotencia olig\u00e1rquico-patronal que sigue acumulando ganancias extraordinarias producto del ajuste impuesto por el FMI y que el Gobierno aplica obedientemente, con la pobreza que no deja de crecer y la riqueza que no cesa de concentrarse en pocas manos, m\u00e1s que nunca hay que consolidar una organizaci\u00f3n de masas haciendo expl\u00edcita nuestra estrategia de poder popular, convocando a todos los sectores que est\u00e9n dispuestos a dar pelea para recuperar la Justicia Social y la Soberan\u00eda Nacional.<\/p>\n\n\n\n<p>Sin aflojarle un tranco de pollo a los grupos de poder. A los que mandan. Desenmascarando a los gerentes que administran el status quo para garantizar la perpetuidad del r\u00e9gimen de saqueo y explotaci\u00f3n. Confrontando con los campeones del \u201cno se puede\u201d y el doble discurso, a los carteristas disfrazados de pol\u00edticos \u201cprogres\u201d. Desenmascarando a los farsantes. Disputando la Libertad y Democracia Sindical en los lugares de trabajo sin resignar jam\u00e1s la Autonom\u00eda de los patrones, los gobiernos y los partidos.<\/p>\n\n\n\n<p>Canalizando la organizaci\u00f3n de los trabajadores de la ciudad y el campo, formales, precarios, tercerizados, activos, jubilados, p\u00fablicos, privados, autogestionados, desocupados, de pueblos originarios, discapacitados. No somos una ONG ni un grupo de autoayuda, conformamos una organizaci\u00f3n pol\u00edtico-sindical que naci\u00f3 con la misi\u00f3n de luchar por una sociedad sin explotadores ni explotados y que participa de una estrategia de poder integral con centralidad en la clase.<\/p>\n\n\n\n<p>El 2023 que se avecina nos tiene que encontrar caminando por las calles siendo multitud, construyendo la ancha avenida de nuestros sue\u00f1os sin permitirnos que las contradicciones secundarias que atraviesan el campo del pueblo paralicen la energ\u00eda que nos empuja a protagonizar este nuevo tiempo.<\/p>\n\n\n\n<p>Volver a sembrar en el territorio f\u00e9rtil de la esperanza. Convencidos, como lo estamos, que otro pa\u00eds es posible.<\/p>\n\n\n\n<p><strong>Foto de portada:<\/strong>&nbsp;<em>Imagen del Paro Nacional del 20 de noviembre de 2012 en el centro de la Ciudad Aut\u00f3noma de Buenos Aires<\/em><\/p>\n\n\n\n<p><strong>*Periodista. Congresal Nacional de la CTA Aut\u00f3noma en representaci\u00f3n de la provincia de C\u00f3rdoba<\/strong><\/p>\n","protected":false},"excerpt":{"rendered":"<p>Por Juan Carlos Giuliani* El 20 de noviembre de 2012 fue un punto de inflexi\u00f3n. Volvimos a ser protagonistas de una medida de acci\u00f3n unitaria que conmovi\u00f3 al pa\u00eds de punta a punta. Ni el m\u00e1s ac\u00e9rrimo de nuestros cr\u00edticos se anima a negar lo que fue evidente: La potencia, extensi\u00f3n y masividad del Paro [&hellip;]<\/p>\n","protected":false},"author":7,"featured_media":34804,"comment_status":"open","ping_status":"open","sticky":false,"template":"","format":"standard","meta":{"_exactmetrics_skip_tracking":false,"_exactmetrics_sitenote_active":false,"_exactmetrics_sitenote_note":"","_exactmetrics_sitenote_category":0,"jnews-multi-image_gallery":[],"jnews_single_post":{"subtitle":"Hace diez a\u00f1os atr\u00e1s recorrimos el camino hacia el interior de nosotros mismos, un sendero que conduce al reencuentro con nuestras mejores tradiciones, gozando del consenso abrumador obtenido por ese plan de acci\u00f3n debatido fraternalmente en el seno de la CTA en encuentros, reuniones, asambleas y plenarios a lo largo y ancho de nuestro pa\u00eds. Haci\u00e9ndolo entre todos, construyendo colectivamente para que lo extraordinario se convierta en cotidiano.","format":"standard","video":"","gallery":"","source_name":"","source_url":"","via_name":"","via_url":"","override_template":"0","override":[{"template":"1","single_blog_custom":"","parallax":"1","fullscreen":"1","layout":"right-sidebar","sidebar":"default-sidebar","second_sidebar":"default-sidebar","sticky_sidebar":"1","share_position":"top","share_float_style":"share-monocrhome","show_share_counter":"1","show_view_counter":"1","show_featured":"1","show_post_meta":"1","show_post_author":"1","show_post_author_image":"1","show_post_date":"1","post_date_format":"default","post_date_format_custom":"Y\/m\/d","show_post_category":"1","show_post_reading_time":"0","post_reading_time_wpm":"300","show_zoom_button":"0","zoom_button_out_step":"2","zoom_button_in_step":"3","show_post_tag":"1","show_prev_next_post":"1","show_popup_post":"1","number_popup_post":"1","show_author_box":"0","show_post_related":"0","show_inline_post_related":"0"}],"override_image_size":"0","image_override":[{"single_post_thumbnail_size":"crop-500","single_post_gallery_size":"crop-500"}],"trending_post":"0","trending_post_position":"meta","trending_post_label":"Trending","sponsored_post":"0","sponsored_post_label":"Sponsored by","sponsored_post_name":"","sponsored_post_url":"","sponsored_post_logo_enable":"0","sponsored_post_logo":"","sponsored_post_desc":"","disable_ad":"0"},"jnews_primary_category":{"id":""},"jnews_social_meta":{"fb_title":"","fb_description":"","fb_image":"","twitter_title":"","twitter_description":"","twitter_image":""},"jnews_review":[],"enable_review":"0","type":"percentage","name":"","summary":"","brand":"","sku":"","good":[{"good_text":""}],"bad":[{"bad_text":""}],"score_override":"","override_value":"","rating":[{"rating_text":"","rating_number":"10"}],"price":[{"shop":"","price":"","link":"","icon":""}],"jnews_override_counter":{"override_view_counter":"0","view_counter_number":"0","override_share_counter":"0","share_counter_number":"0","override_like_counter":"0","like_counter_number":"0","override_dislike_counter":"0","dislike_counter_number":"0"},"jnews_post_split":{"enable_post_split":"0","post_split":[{"template":"1","tag":"h2","numbering":"asc","mode":"normal","first":"0","enable_toc":"0","toc_type":"normal"}]},"footnotes":""},"categories":[10],"tags":[595],"class_list":["post-34803","post","type-post","status-publish","format-standard","has-post-thumbnail","hentry","category-accion-politica","tag-paro-nacional"],"jetpack_featured_media_url":"https:\/\/atecordoba.org\/wp-content\/uploads\/2022\/11\/paro2012-e1668774615394.jpg","_links":{"self":[{"href":"https:\/\/atecordoba.org\/index.php?rest_route=\/wp\/v2\/posts\/34803","targetHints":{"allow":["GET"]}}],"collection":[{"href":"https:\/\/atecordoba.org\/index.php?rest_route=\/wp\/v2\/posts"}],"about":[{"href":"https:\/\/atecordoba.org\/index.php?rest_route=\/wp\/v2\/types\/post"}],"author":[{"embeddable":true,"href":"https:\/\/atecordoba.org\/index.php?rest_route=\/wp\/v2\/users\/7"}],"replies":[{"embeddable":true,"href":"https:\/\/atecordoba.org\/index.php?rest_route=%2Fwp%2Fv2%2Fcomments&post=34803"}],"version-history":[{"count":1,"href":"https:\/\/atecordoba.org\/index.php?rest_route=\/wp\/v2\/posts\/34803\/revisions"}],"predecessor-version":[{"id":34805,"href":"https:\/\/atecordoba.org\/index.php?rest_route=\/wp\/v2\/posts\/34803\/revisions\/34805"}],"wp:featuredmedia":[{"embeddable":true,"href":"https:\/\/atecordoba.org\/index.php?rest_route=\/wp\/v2\/media\/34804"}],"wp:attachment":[{"href":"https:\/\/atecordoba.org\/index.php?rest_route=%2Fwp%2Fv2%2Fmedia&parent=34803"}],"wp:term":[{"taxonomy":"category","embeddable":true,"href":"https:\/\/atecordoba.org\/index.php?rest_route=%2Fwp%2Fv2%2Fcategories&post=34803"},{"taxonomy":"post_tag","embeddable":true,"href":"https:\/\/atecordoba.org\/index.php?rest_route=%2Fwp%2Fv2%2Ftags&post=34803"}],"curies":[{"name":"wp","href":"https:\/\/api.w.org\/{rel}","templated":true}]}}